{"id":107370,"date":"2020-03-11T15:25:47","date_gmt":"2020-03-11T18:25:47","guid":{"rendered":"http:\/\/www.hoymercedes.com.ar\/principal\/?p=107370"},"modified":"2020-03-12T12:05:05","modified_gmt":"2020-03-12T15:05:05","slug":"hcd-comenzaron-a-trabajar-las-comisiones-de-trabajo","status":"publish","type":"post","link":"https:\/\/www.hoymercedes.com.ar\/principal\/2020\/03\/11\/hcd-comenzaron-a-trabajar-las-comisiones-de-trabajo\/","title":{"rendered":"HCD: comenzaron a trabajar las comisiones"},"content":{"rendered":"\n<p>Este mi\u00e9rcoles comenzaron a funcionar las comisiones de trabajo del Concejo Deliberante. La primera reuni\u00f3n realizada fue la nueva comisi\u00f3n de g\u00e9nero que preside la concejala Andrea Bozzini e integran las concejalas Aldana Ch\u00e1vez, Claudia Fraile, Nora Ortubia, Marilina Bustelo y Mariana San Mart\u00edn, adem\u00e1s del concejal Juli\u00e1n Insaurgarat. <\/p>\n\n\n\n<figure class=\"wp-block-image size-large\"><img loading=\"lazy\" decoding=\"async\" width=\"800\" height=\"600\" data-attachment-id=\"107374\" data-permalink=\"https:\/\/www.hoymercedes.com.ar\/principal\/2020\/03\/11\/hcd-comenzaron-a-trabajar-las-comisiones-de-trabajo\/fb_img_15839495958273308_copy_800x600\/#main\" data-orig-file=\"https:\/\/www.hoymercedes.com.ar\/principal\/wp-content\/uploads\/2020\/03\/FB_IMG_15839495958273308_copy_800x600.jpg\" data-orig-size=\"800,600\" data-comments-opened=\"0\" data-image-meta=\"{&quot;aperture&quot;:&quot;0&quot;,&quot;credit&quot;:&quot;&quot;,&quot;camera&quot;:&quot;&quot;,&quot;caption&quot;:&quot;&quot;,&quot;created_timestamp&quot;:&quot;0&quot;,&quot;copyright&quot;:&quot;&quot;,&quot;focal_length&quot;:&quot;0&quot;,&quot;iso&quot;:&quot;0&quot;,&quot;shutter_speed&quot;:&quot;0&quot;,&quot;title&quot;:&quot;&quot;,&quot;orientation&quot;:&quot;0&quot;}\" data-image-title=\"FB_IMG_15839495958273308_copy_800x600\" data-image-description=\"\" data-image-caption=\"\" data-large-file=\"https:\/\/www.hoymercedes.com.ar\/principal\/wp-content\/uploads\/2020\/03\/FB_IMG_15839495958273308_copy_800x600.jpg\" src=\"https:\/\/www.hoymercedes.com.ar\/principal\/wp-content\/uploads\/2020\/03\/FB_IMG_15839495958273308_copy_800x600.jpg\" alt=\"\" class=\"wp-image-107374\"\/><\/figure>\n\n\n\n<p>En la  primera sesion ordinaria del a\u00f1o legislativo realizada en la tarde del lunes se determinaron las siete comisiones de trabajo y los d\u00edas y horas de reuniones. <\/p>\n\n\n\n<p>Los d\u00edas martes, 10 hs, se reunir\u00e1 la comisi\u00f3n de Legislaci\u00f3n que preside Sabrina Vi\u00f1ales. Una hora m\u00e1s tarde, ser\u00e1 la comisi\u00f3n de Planeamiento que encabeza Juan Martin Andr\u00e9s. Al mediod\u00eda de estos d\u00edas ser\u00e1 la Comisi\u00f3n de Acci\u00f3n Social y Salud que preside Jos\u00e9 Luis Seson Comesa\u00f1a, seguida de la comisi\u00f3n de Obras P\u00fablicas que encabeza Edgard Kilmeatte. <\/p>\n\n\n\n<p>En tanto, los d\u00edas mi\u00e9rcoles a la hora 11 ser\u00e1n las reuniones de la comisi\u00f3n de G\u00e9nero. Una hora despu\u00e9s se desarrollar\u00e1n las reuniones de la comisi\u00f3n de Presupuesto que encabezar\u00e1 Mat\u00edas Dematei y la \u00faltima de las comisiones de los d\u00edas mi\u00e9rcoles ser\u00e1 la de Seguridad que tambi\u00e9n preside Kilmeatte.<\/p>\n","protected":false},"excerpt":{"rendered":"<p>Este mi\u00e9rcoles comenzaron a funcionar las comisiones de trabajo del Concejo Deliberante. La primera reuni\u00f3n realizada fue la nueva comisi\u00f3n &#8230; <a title=\"HCD: comenzaron a trabajar las comisiones\" class=\"read-more\" href=\"https:\/\/www.hoymercedes.com.ar\/principal\/2020\/03\/11\/hcd-comenzaron-a-trabajar-las-comisiones-de-trabajo\/\" aria-label=\"Leer m\u00e1s sobre HCD: comenzaron a trabajar las comisiones\">Leer m\u00e1s<\/a><\/p>\n","protected":false},"author":1,"featured_media":107374,"comment_status":"closed","ping_status":"open","sticky":false,"template":"","format":"standard","meta":{"_monsterinsights_skip_tracking":false,"_monsterinsights_sitenote_active":false,"_monsterinsights_sitenote_note":"","_monsterinsights_sitenote_category":0,"jetpack_post_was_ever_published":false,"_jetpack_newsletter_access":"","_jetpack_dont_email_post_to_subs":false,"_jetpack_newsletter_tier_id":0,"_jetpack_memberships_contains_paywalled_content":false,"_jetpack_memberships_contains_paid_content":false,"footnotes":"","jetpack_publicize_message":"","jetpack_publicize_feature_enabled":true,"jetpack_social_post_already_shared":true,"jetpack_social_options":{"image_generator_settings":{"template":"highway","default_image_id":0,"font":"","enabled":false},"version":2},"_wpas_customize_per_network":false},"categories":[8],"tags":[236,16288],"class_list":["post-107370","post","type-post","status-publish","format-standard","has-post-thumbnail","hentry","category-sociedad","tag-concejo-deliberante","tag-hcd-comisione-de-trabajo","generate-columns","tablet-grid-50","mobile-grid-100","grid-parent","grid-50"],"jetpack_publicize_connections":[],"jetpack_featured_media_url":"https:\/\/www.hoymercedes.com.ar\/principal\/wp-content\/uploads\/2020\/03\/FB_IMG_15839495958273308_copy_800x600.jpg","wps_subtitle":"Funcionan martes y mi\u00e9rcoles","jetpack_sharing_enabled":true,"_links":{"self":[{"href":"https:\/\/www.hoymercedes.com.ar\/principal\/wp-json\/wp\/v2\/posts\/107370","targetHints":{"allow":["GET"]}}],"collection":[{"href":"https:\/\/www.hoymercedes.com.ar\/principal\/wp-json\/wp\/v2\/posts"}],"about":[{"href":"https:\/\/www.hoymercedes.com.ar\/principal\/wp-json\/wp\/v2\/types\/post"}],"author":[{"embeddable":true,"href":"https:\/\/www.hoymercedes.com.ar\/principal\/wp-json\/wp\/v2\/users\/1"}],"replies":[{"embeddable":true,"href":"https:\/\/www.hoymercedes.com.ar\/principal\/wp-json\/wp\/v2\/comments?post=107370"}],"version-history":[{"count":0,"href":"https:\/\/www.hoymercedes.com.ar\/principal\/wp-json\/wp\/v2\/posts\/107370\/revisions"}],"wp:featuredmedia":[{"embeddable":true,"href":"https:\/\/www.hoymercedes.com.ar\/principal\/wp-json\/wp\/v2\/media\/107374"}],"wp:attachment":[{"href":"https:\/\/www.hoymercedes.com.ar\/principal\/wp-json\/wp\/v2\/media?parent=107370"}],"wp:term":[{"taxonomy":"category","embeddable":true,"href":"https:\/\/www.hoymercedes.com.ar\/principal\/wp-json\/wp\/v2\/categories?post=107370"},{"taxonomy":"post_tag","embeddable":true,"href":"https:\/\/www.hoymercedes.com.ar\/principal\/wp-json\/wp\/v2\/tags?post=107370"}],"curies":[{"name":"wp","href":"https:\/\/api.w.org\/{rel}","templated":true}]}}