{"id":107421,"date":"2020-03-12T13:34:00","date_gmt":"2020-03-12T16:34:00","guid":{"rendered":"http:\/\/www.hoymercedes.com.ar\/principal\/?p=107421"},"modified":"2020-03-12T11:43:48","modified_gmt":"2020-03-12T14:43:48","slug":"participativa-jornada-en-la-agrupacion-17-de-octubre-en-el-dia-de-la-mujer","status":"publish","type":"post","link":"https:\/\/www.hoymercedes.com.ar\/principal\/2020\/03\/12\/participativa-jornada-en-la-agrupacion-17-de-octubre-en-el-dia-de-la-mujer\/","title":{"rendered":"Participativa jornada en la Agrupaci\u00f3n 17 de Octubre en el D\u00eda de la Mujer"},"content":{"rendered":"\n<p>Este domingo se llev\u00f3 adelante una jornada en la Agrupaci\u00f3n 17 de Octubre que comanda el diputado nacional Carlos Selva, en torno a las celebraciones del D\u00eda de la Mujer, con paneles, actividades art\u00edsticas y juegos, en el bulevar de la avenida 30 entre 23 y 25.<\/p>\n\n\n\n<figure class=\"wp-block-image size-large\"><img loading=\"lazy\" decoding=\"async\" width=\"800\" height=\"532\" data-attachment-id=\"107422\" data-permalink=\"https:\/\/www.hoymercedes.com.ar\/principal\/2020\/03\/12\/participativa-jornada-en-la-agrupacion-17-de-octubre-en-el-dia-de-la-mujer\/12-agrup17-mujer-1\/#main\" data-orig-file=\"https:\/\/www.hoymercedes.com.ar\/principal\/wp-content\/uploads\/2020\/03\/12-agrup17-mujer-1.jpg\" data-orig-size=\"800,532\" data-comments-opened=\"0\" data-image-meta=\"{&quot;aperture&quot;:&quot;0&quot;,&quot;credit&quot;:&quot;&quot;,&quot;camera&quot;:&quot;&quot;,&quot;caption&quot;:&quot;&quot;,&quot;created_timestamp&quot;:&quot;0&quot;,&quot;copyright&quot;:&quot;&quot;,&quot;focal_length&quot;:&quot;0&quot;,&quot;iso&quot;:&quot;0&quot;,&quot;shutter_speed&quot;:&quot;0&quot;,&quot;title&quot;:&quot;&quot;,&quot;orientation&quot;:&quot;0&quot;}\" data-image-title=\"12 agrup17 mujer 1\" data-image-description=\"\" data-image-caption=\"\" data-large-file=\"https:\/\/www.hoymercedes.com.ar\/principal\/wp-content\/uploads\/2020\/03\/12-agrup17-mujer-1.jpg\" src=\"https:\/\/www.hoymercedes.com.ar\/principal\/wp-content\/uploads\/2020\/03\/12-agrup17-mujer-1.jpg\" alt=\"\" class=\"wp-image-107422\"\/><\/figure>\n\n\n\n<p>Se trat\u00f3 de una \u00abJornada de reflexi\u00f3n y compromiso social\u00bb, que cont\u00f3 con varios oradores y oradoras, que acompa\u00f1aron compartiendo sus historias de vida, sus experiencias y sus vivencias.<\/p>\n\n\n\n<p>As\u00ed pasaron Sofi Oderigo, quien relat\u00f3 su experiencia del paso por distintas instituciones y c\u00f3mo logr\u00f3 sobreponerse a cada obst\u00e1culo que se le present\u00f3. Cande Badano conmovi\u00f3 a todo el p\u00fablico con su esp\u00edritu joven, presentando una poes\u00eda y sentando postura sobre Violencia de g\u00e9nero.<\/p>\n\n\n\n<p>Carlos \u00abCalala\u00bb Luna demostr\u00f3 que los hombres que acompa\u00f1an a las mujeres en su lucha, son los que hacen historia, y relat\u00f3 su experiencia en su paso por \u00abMujeres en vuelo\u00bb.<\/p>\n\n\n\n<p>Adem\u00e1s Graciela Sarubbe hizo erizar la piel a todos con su historia de vida, marcada por la resiliencia y el coraje de transitar la vida.<\/p>\n\n\n\n<p>A su turno, Carlos Selva habl\u00f3 ante los presentes poniendo \u00e9nfasis en la necesidad de trabajar entre todos y todas contra la violencia de g\u00e9nero en todos los \u00e1mbitos.<\/p>\n\n\n\n<p>Fuente: web Carlos Selva<\/p>\n\n\n\n<figure class=\"wp-block-image size-large\"><img loading=\"lazy\" decoding=\"async\" width=\"766\" height=\"510\" data-attachment-id=\"107423\" data-permalink=\"https:\/\/www.hoymercedes.com.ar\/principal\/2020\/03\/12\/participativa-jornada-en-la-agrupacion-17-de-octubre-en-el-dia-de-la-mujer\/12-agrup17-mujer-2\/#main\" data-orig-file=\"https:\/\/www.hoymercedes.com.ar\/principal\/wp-content\/uploads\/2020\/03\/12-agrup17-mujer-2.jpg\" data-orig-size=\"766,510\" data-comments-opened=\"0\" data-image-meta=\"{&quot;aperture&quot;:&quot;0&quot;,&quot;credit&quot;:&quot;&quot;,&quot;camera&quot;:&quot;&quot;,&quot;caption&quot;:&quot;&quot;,&quot;created_timestamp&quot;:&quot;0&quot;,&quot;copyright&quot;:&quot;&quot;,&quot;focal_length&quot;:&quot;0&quot;,&quot;iso&quot;:&quot;0&quot;,&quot;shutter_speed&quot;:&quot;0&quot;,&quot;title&quot;:&quot;&quot;,&quot;orientation&quot;:&quot;0&quot;}\" data-image-title=\"12 agrup17 mujer 2\" data-image-description=\"\" data-image-caption=\"\" data-large-file=\"https:\/\/www.hoymercedes.com.ar\/principal\/wp-content\/uploads\/2020\/03\/12-agrup17-mujer-2.jpg\" src=\"https:\/\/www.hoymercedes.com.ar\/principal\/wp-content\/uploads\/2020\/03\/12-agrup17-mujer-2.jpg\" alt=\"\" class=\"wp-image-107423\"\/><\/figure>\n","protected":false},"excerpt":{"rendered":"<p>Este domingo se llev\u00f3 adelante una jornada en la Agrupaci\u00f3n 17 de Octubre que comanda el diputado nacional Carlos Selva, &#8230; <a title=\"Participativa jornada en la Agrupaci\u00f3n 17 de Octubre en el D\u00eda de la Mujer\" class=\"read-more\" href=\"https:\/\/www.hoymercedes.com.ar\/principal\/2020\/03\/12\/participativa-jornada-en-la-agrupacion-17-de-octubre-en-el-dia-de-la-mujer\/\" aria-label=\"Leer m\u00e1s sobre Participativa jornada en la Agrupaci\u00f3n 17 de Octubre en el D\u00eda de la Mujer\">Leer m\u00e1s<\/a><\/p>\n","protected":false},"author":1,"featured_media":107422,"comment_status":"closed","ping_status":"open","sticky":false,"template":"","format":"standard","meta":{"_monsterinsights_skip_tracking":false,"_monsterinsights_sitenote_active":false,"_monsterinsights_sitenote_note":"","_monsterinsights_sitenote_category":0,"jetpack_post_was_ever_published":false,"_jetpack_newsletter_access":"","_jetpack_dont_email_post_to_subs":false,"_jetpack_newsletter_tier_id":0,"_jetpack_memberships_contains_paywalled_content":false,"_jetpack_memberships_contains_paid_content":false,"footnotes":"","jetpack_publicize_message":"","jetpack_publicize_feature_enabled":true,"jetpack_social_post_already_shared":true,"jetpack_social_options":{"image_generator_settings":{"template":"highway","default_image_id":0,"font":"","enabled":false},"version":2},"_wpas_customize_per_network":false},"categories":[5],"tags":[],"class_list":["post-107421","post","type-post","status-publish","format-standard","has-post-thumbnail","hentry","category-politica","generate-columns","tablet-grid-50","mobile-grid-100","grid-parent","grid-50"],"jetpack_publicize_connections":[],"jetpack_featured_media_url":"https:\/\/www.hoymercedes.com.ar\/principal\/wp-content\/uploads\/2020\/03\/12-agrup17-mujer-1.jpg","wps_subtitle":"","jetpack_sharing_enabled":true,"_links":{"self":[{"href":"https:\/\/www.hoymercedes.com.ar\/principal\/wp-json\/wp\/v2\/posts\/107421","targetHints":{"allow":["GET"]}}],"collection":[{"href":"https:\/\/www.hoymercedes.com.ar\/principal\/wp-json\/wp\/v2\/posts"}],"about":[{"href":"https:\/\/www.hoymercedes.com.ar\/principal\/wp-json\/wp\/v2\/types\/post"}],"author":[{"embeddable":true,"href":"https:\/\/www.hoymercedes.com.ar\/principal\/wp-json\/wp\/v2\/users\/1"}],"replies":[{"embeddable":true,"href":"https:\/\/www.hoymercedes.com.ar\/principal\/wp-json\/wp\/v2\/comments?post=107421"}],"version-history":[{"count":0,"href":"https:\/\/www.hoymercedes.com.ar\/principal\/wp-json\/wp\/v2\/posts\/107421\/revisions"}],"wp:featuredmedia":[{"embeddable":true,"href":"https:\/\/www.hoymercedes.com.ar\/principal\/wp-json\/wp\/v2\/media\/107422"}],"wp:attachment":[{"href":"https:\/\/www.hoymercedes.com.ar\/principal\/wp-json\/wp\/v2\/media?parent=107421"}],"wp:term":[{"taxonomy":"category","embeddable":true,"href":"https:\/\/www.hoymercedes.com.ar\/principal\/wp-json\/wp\/v2\/categories?post=107421"},{"taxonomy":"post_tag","embeddable":true,"href":"https:\/\/www.hoymercedes.com.ar\/principal\/wp-json\/wp\/v2\/tags?post=107421"}],"curies":[{"name":"wp","href":"https:\/\/api.w.org\/{rel}","templated":true}]}}