{"id":107425,"date":"2020-03-12T11:58:57","date_gmt":"2020-03-12T14:58:57","guid":{"rendered":"http:\/\/www.hoymercedes.com.ar\/principal\/?p=107425"},"modified":"2020-03-12T18:16:07","modified_gmt":"2020-03-12T21:16:07","slug":"activan-protocolo-en-lujan-por-posible-caso-de-coronavirus","status":"publish","type":"post","link":"https:\/\/www.hoymercedes.com.ar\/principal\/2020\/03\/12\/activan-protocolo-en-lujan-por-posible-caso-de-coronavirus\/","title":{"rendered":"Coronavirus: Activan protocolo en Luj\u00e1n por posible caso"},"content":{"rendered":"\n<p>En la ma\u00f1ana de ayer, el Ejecutivo de Luj\u00e1n hab\u00eda informado que un vecino de 45 a\u00f1os que estuvo de viaje en Estados Unidos es el primer caso sospechoso de coronavirus. En horas de la tarde, fuentes del Municipio confirmaron que se encuentra \u00abinternado en el Hospital en una sala aislada y todos los enfermeros y m\u00e9dicos que lo ven se manejan acorde al protocolo establecido por Provincia\u00bb. La muestra del hisopado fue enviada a primera hora de hoy al Hospital Posadas. <\/p>\n\n\n\n<p>Adem\u00e1s, se conform\u00f3 Comit\u00e9 de Crisis encabezado por el intendente lujanense Leonardo Boto, con la presencia de funcionarios de Salud, Desarrollo Humano y Defensa Civil, entre otros, autoridades sanitarias y de Bomberos. Analizaron las medidas adoptadas en funci\u00f3n del protocolo dispuesto por el Ministerio de Salud de la Naci\u00f3n y aclararon que el caso sospechoso no tiene relaci\u00f3n con el difundido el lunes y que luego fue desmentido. Adem\u00e1s, brindaron una serie de recomendaciones.<\/p>\n\n\n\n<p>Asimismo, a trav\u00e9s del decreto N\u00b0 417, el intendente Boto otorg\u00f3 licencia de car\u00e1cter excepcional a todas las personas del sector p\u00fablico municipal que hayan regresado a la Argentina provenientes de los pa\u00edses con casos confirmados de coronavirus. La misma es por 14 d\u00edas, de acuerdo a las recomendaciones de los ministerios de Salud de la Naci\u00f3n y la Provincia. <\/p>\n\n\n\n<p>Fuente: Luj\u00e1n Hoy<\/p>\n","protected":false},"excerpt":{"rendered":"<p>En la ma\u00f1ana de ayer, el Ejecutivo de Luj\u00e1n hab\u00eda informado que un vecino de 45 a\u00f1os que estuvo de &#8230; <a title=\"Coronavirus: Activan protocolo en Luj\u00e1n por posible caso\" class=\"read-more\" href=\"https:\/\/www.hoymercedes.com.ar\/principal\/2020\/03\/12\/activan-protocolo-en-lujan-por-posible-caso-de-coronavirus\/\" aria-label=\"Leer m\u00e1s sobre Coronavirus: Activan protocolo en Luj\u00e1n por posible caso\">Leer m\u00e1s<\/a><\/p>\n","protected":false},"author":1,"featured_media":107426,"comment_status":"closed","ping_status":"open","sticky":false,"template":"","format":"standard","meta":{"_monsterinsights_skip_tracking":false,"_monsterinsights_sitenote_active":false,"_monsterinsights_sitenote_note":"","_monsterinsights_sitenote_category":0,"jetpack_post_was_ever_published":false,"_jetpack_newsletter_access":"","_jetpack_dont_email_post_to_subs":false,"_jetpack_newsletter_tier_id":0,"_jetpack_memberships_contains_paywalled_content":false,"_jetpack_memberships_contains_paid_content":false,"footnotes":"","jetpack_publicize_message":"","jetpack_publicize_feature_enabled":true,"jetpack_social_post_already_shared":true,"jetpack_social_options":{"image_generator_settings":{"template":"highway","default_image_id":0,"font":"","enabled":false},"version":2},"_wpas_customize_per_network":false},"categories":[9791],"tags":[],"class_list":["post-107425","post","type-post","status-publish","format-standard","has-post-thumbnail","hentry","category-salud","generate-columns","tablet-grid-50","mobile-grid-100","grid-parent","grid-50"],"jetpack_publicize_connections":[],"jetpack_featured_media_url":"https:\/\/www.hoymercedes.com.ar\/principal\/wp-content\/uploads\/2020\/03\/12-lujan-HospitalFachada.jpg","wps_subtitle":"Casos sospechosos en la regi\u00f3n","jetpack_sharing_enabled":true,"_links":{"self":[{"href":"https:\/\/www.hoymercedes.com.ar\/principal\/wp-json\/wp\/v2\/posts\/107425","targetHints":{"allow":["GET"]}}],"collection":[{"href":"https:\/\/www.hoymercedes.com.ar\/principal\/wp-json\/wp\/v2\/posts"}],"about":[{"href":"https:\/\/www.hoymercedes.com.ar\/principal\/wp-json\/wp\/v2\/types\/post"}],"author":[{"embeddable":true,"href":"https:\/\/www.hoymercedes.com.ar\/principal\/wp-json\/wp\/v2\/users\/1"}],"replies":[{"embeddable":true,"href":"https:\/\/www.hoymercedes.com.ar\/principal\/wp-json\/wp\/v2\/comments?post=107425"}],"version-history":[{"count":0,"href":"https:\/\/www.hoymercedes.com.ar\/principal\/wp-json\/wp\/v2\/posts\/107425\/revisions"}],"wp:featuredmedia":[{"embeddable":true,"href":"https:\/\/www.hoymercedes.com.ar\/principal\/wp-json\/wp\/v2\/media\/107426"}],"wp:attachment":[{"href":"https:\/\/www.hoymercedes.com.ar\/principal\/wp-json\/wp\/v2\/media?parent=107425"}],"wp:term":[{"taxonomy":"category","embeddable":true,"href":"https:\/\/www.hoymercedes.com.ar\/principal\/wp-json\/wp\/v2\/categories?post=107425"},{"taxonomy":"post_tag","embeddable":true,"href":"https:\/\/www.hoymercedes.com.ar\/principal\/wp-json\/wp\/v2\/tags?post=107425"}],"curies":[{"name":"wp","href":"https:\/\/api.w.org\/{rel}","templated":true}]}}