{"id":107429,"date":"2020-03-12T13:41:03","date_gmt":"2020-03-12T16:41:03","guid":{"rendered":"http:\/\/www.hoymercedes.com.ar\/principal\/?p=107429"},"modified":"2020-03-12T18:15:45","modified_gmt":"2020-03-12T21:15:45","slug":"se-activo-protocolo-por-posible-coronavirus-en-mercedes","status":"publish","type":"post","link":"https:\/\/www.hoymercedes.com.ar\/principal\/2020\/03\/12\/se-activo-protocolo-por-posible-coronavirus-en-mercedes\/","title":{"rendered":"Coronavirus: Se activ\u00f3 protocolo por posible contagio en Mercedes"},"content":{"rendered":"\n<p>Se informa que en el d\u00eda de la fecha en Hospital Provincial Blas. L Dubarry se activ\u00f3 formalmente el protocolo por Coronavirus (Covid-19).<\/p>\n\n\n\n<figure class=\"wp-block-image size-large\"><img loading=\"lazy\" decoding=\"async\" width=\"800\" height=\"800\" data-attachment-id=\"107434\" data-permalink=\"https:\/\/www.hoymercedes.com.ar\/principal\/2020\/03\/12\/se-activo-protocolo-por-posible-coronavirus-en-mercedes\/img_20200312_134134\/#main\" data-orig-file=\"https:\/\/www.hoymercedes.com.ar\/principal\/wp-content\/uploads\/2020\/03\/IMG_20200312_134134.jpg\" data-orig-size=\"800,800\" data-comments-opened=\"0\" data-image-meta=\"{&quot;aperture&quot;:&quot;0&quot;,&quot;credit&quot;:&quot;&quot;,&quot;camera&quot;:&quot;&quot;,&quot;caption&quot;:&quot;&quot;,&quot;created_timestamp&quot;:&quot;0&quot;,&quot;copyright&quot;:&quot;&quot;,&quot;focal_length&quot;:&quot;0&quot;,&quot;iso&quot;:&quot;0&quot;,&quot;shutter_speed&quot;:&quot;0&quot;,&quot;title&quot;:&quot;&quot;,&quot;orientation&quot;:&quot;0&quot;}\" data-image-title=\"IMG_20200312_134134\" data-image-description=\"\" data-image-caption=\"\" data-large-file=\"https:\/\/www.hoymercedes.com.ar\/principal\/wp-content\/uploads\/2020\/03\/IMG_20200312_134134.jpg\" src=\"https:\/\/www.hoymercedes.com.ar\/principal\/wp-content\/uploads\/2020\/03\/IMG_20200312_134134.jpg\" alt=\"\" class=\"wp-image-107434\"\/><\/figure>\n\n\n\n<p>El mismo se debe a la alerta generada por un paciente de 29 a\u00f1os de edad que arrib\u00f3 desde Europa el pasado 11 de marzo, presentando s\u00edntomas compatibles con la enfermedad.<\/p>\n\n\n\n<p>El joven permanecer\u00e1 aislado hasta confirmar o descartar el caso. <\/p>\n\n\n\n<p>Se recuerda a los vecinos que hayan viajado al exterior en los \u00faltimos 14 d\u00edas deber\u00e1n informarlo al 107. Adem\u00e1s no deben abandonar sus viviendas hasta cumplir 14 d\u00edas desde el arribo.<\/p>\n\n\n\n<p><br> Ma\u00f1ana, 9 hs,  el Secretario de Salud y Director del Hospital, Dr. Pablo Cassiani, dar\u00e1 conferencia de prensa en el Dubarry<\/p>\n\n\n\n<figure class=\"wp-block-embed-facebook wp-block-embed is-type-video is-provider-facebook\"><div class=\"wp-block-embed__wrapper\">\n<div class=\"fb-video\" data-allowfullscreen=\"true\" data-href=\"https:\/\/www.facebook.com\/hospitaldubarry\/videos\/195279818399325\/\" style=\"background-color: #fff; display: inline-block;\"><\/div>\n<\/div><\/figure>\n","protected":false},"excerpt":{"rendered":"<p>Se informa que en el d\u00eda de la fecha en Hospital Provincial Blas. L Dubarry se activ\u00f3 formalmente el protocolo &#8230; <a title=\"Coronavirus: Se activ\u00f3 protocolo por posible contagio en Mercedes\" class=\"read-more\" href=\"https:\/\/www.hoymercedes.com.ar\/principal\/2020\/03\/12\/se-activo-protocolo-por-posible-coronavirus-en-mercedes\/\" aria-label=\"Leer m\u00e1s sobre Coronavirus: Se activ\u00f3 protocolo por posible contagio en Mercedes\">Leer m\u00e1s<\/a><\/p>\n","protected":false},"author":1,"featured_media":91509,"comment_status":"closed","ping_status":"open","sticky":false,"template":"","format":"standard","meta":{"_monsterinsights_skip_tracking":false,"_monsterinsights_sitenote_active":false,"_monsterinsights_sitenote_note":"","_monsterinsights_sitenote_category":0,"jetpack_post_was_ever_published":false,"_jetpack_newsletter_access":"","_jetpack_dont_email_post_to_subs":false,"_jetpack_newsletter_tier_id":0,"_jetpack_memberships_contains_paywalled_content":false,"_jetpack_memberships_contains_paid_content":false,"footnotes":"","jetpack_publicize_message":"","jetpack_publicize_feature_enabled":true,"jetpack_social_post_already_shared":true,"jetpack_social_options":{"image_generator_settings":{"template":"highway","default_image_id":0,"font":"","enabled":false},"version":2},"_wpas_customize_per_network":false},"categories":[8],"tags":[],"class_list":["post-107429","post","type-post","status-publish","format-standard","has-post-thumbnail","hentry","category-sociedad","generate-columns","tablet-grid-50","mobile-grid-100","grid-parent","grid-50"],"jetpack_publicize_connections":[],"jetpack_featured_media_url":"https:\/\/www.hoymercedes.com.ar\/principal\/wp-content\/uploads\/2019\/04\/17-Hospital-Dubarry.jpg","wps_subtitle":"","jetpack_sharing_enabled":true,"_links":{"self":[{"href":"https:\/\/www.hoymercedes.com.ar\/principal\/wp-json\/wp\/v2\/posts\/107429","targetHints":{"allow":["GET"]}}],"collection":[{"href":"https:\/\/www.hoymercedes.com.ar\/principal\/wp-json\/wp\/v2\/posts"}],"about":[{"href":"https:\/\/www.hoymercedes.com.ar\/principal\/wp-json\/wp\/v2\/types\/post"}],"author":[{"embeddable":true,"href":"https:\/\/www.hoymercedes.com.ar\/principal\/wp-json\/wp\/v2\/users\/1"}],"replies":[{"embeddable":true,"href":"https:\/\/www.hoymercedes.com.ar\/principal\/wp-json\/wp\/v2\/comments?post=107429"}],"version-history":[{"count":0,"href":"https:\/\/www.hoymercedes.com.ar\/principal\/wp-json\/wp\/v2\/posts\/107429\/revisions"}],"wp:featuredmedia":[{"embeddable":true,"href":"https:\/\/www.hoymercedes.com.ar\/principal\/wp-json\/wp\/v2\/media\/91509"}],"wp:attachment":[{"href":"https:\/\/www.hoymercedes.com.ar\/principal\/wp-json\/wp\/v2\/media?parent=107429"}],"wp:term":[{"taxonomy":"category","embeddable":true,"href":"https:\/\/www.hoymercedes.com.ar\/principal\/wp-json\/wp\/v2\/categories?post=107429"},{"taxonomy":"post_tag","embeddable":true,"href":"https:\/\/www.hoymercedes.com.ar\/principal\/wp-json\/wp\/v2\/tags?post=107429"}],"curies":[{"name":"wp","href":"https:\/\/api.w.org\/{rel}","templated":true}]}}