{"id":107462,"date":"2020-03-12T19:59:25","date_gmt":"2020-03-12T22:59:25","guid":{"rendered":"http:\/\/www.hoymercedes.com.ar\/principal\/?p=107462"},"modified":"2020-03-12T19:59:28","modified_gmt":"2020-03-12T22:59:28","slug":"la-escuela-municipal-de-tenis-de-mesa-cumplio-diez-anos-de-vida","status":"publish","type":"post","link":"https:\/\/www.hoymercedes.com.ar\/principal\/2020\/03\/12\/la-escuela-municipal-de-tenis-de-mesa-cumplio-diez-anos-de-vida\/","title":{"rendered":"La Escuela Municipal de Tenis de Mesa cumpli\u00f3 diez a\u00f1os de vida"},"content":{"rendered":"\n<p>Luego de 20 a\u00f1os sin actividad el Tenis de Mesa fue reactivado por Felix y Alejandro Russo en el 2010, dando los primeros pasos en el Club V\u00e9lez, donde permaneci\u00f3 hasta 2012 y luego durante un a\u00f1o estuvo en Del Progreso, para continuar entre 2014 y 2017 en El Porvenir.<\/p>\n\n\n\n<div class=\"wp-block-image\"><figure class=\"aligncenter size-large\"><img loading=\"lazy\" decoding=\"async\" width=\"600\" height=\"800\" data-attachment-id=\"107463\" data-permalink=\"https:\/\/www.hoymercedes.com.ar\/principal\/2020\/03\/12\/la-escuela-municipal-de-tenis-de-mesa-cumplio-diez-anos-de-vida\/tenis-de-mesa-horarios\/#main\" data-orig-file=\"https:\/\/www.hoymercedes.com.ar\/principal\/wp-content\/uploads\/2020\/03\/Tenis-de-mesa-horarios.jpg\" data-orig-size=\"600,800\" data-comments-opened=\"0\" data-image-meta=\"{&quot;aperture&quot;:&quot;0&quot;,&quot;credit&quot;:&quot;&quot;,&quot;camera&quot;:&quot;&quot;,&quot;caption&quot;:&quot;&quot;,&quot;created_timestamp&quot;:&quot;0&quot;,&quot;copyright&quot;:&quot;&quot;,&quot;focal_length&quot;:&quot;0&quot;,&quot;iso&quot;:&quot;0&quot;,&quot;shutter_speed&quot;:&quot;0&quot;,&quot;title&quot;:&quot;&quot;,&quot;orientation&quot;:&quot;0&quot;}\" data-image-title=\"Tenis-de-mesa-horarios\" data-image-description=\"\" data-image-caption=\"\" data-large-file=\"https:\/\/www.hoymercedes.com.ar\/principal\/wp-content\/uploads\/2020\/03\/Tenis-de-mesa-horarios.jpg\" src=\"https:\/\/www.hoymercedes.com.ar\/principal\/wp-content\/uploads\/2020\/03\/Tenis-de-mesa-horarios.jpg\" alt=\"\" class=\"wp-image-107463\"\/><\/figure><\/div>\n\n\n\n<p>Desde 2017 hasta la actualidad, cumple funciones en la Escuela Municipal, teniendo m\u00e1s de 30 jugadores activos y cerca de 60 registrados en el Circuito Tenis de Mesa para Todos (TMT). Adem\u00e1s, durante estos a\u00f1os, los alumnos de Russo lograron cosas importantes para la ciudad. En las Olimp\u00edadas de la Cuenca del Salado se obtuvieron cinco medallas de oro, dos de plata y dos de bronce, adem\u00e1s de ser dos veces campeones regionales de la Zona Centro y se obtuvieron varias medallas en la Liga Regional de equipos Zona Norte, con dos oros, seis plata y seis bronce.<\/p>\n\n\n\n<p>Sin dudas, el tenis de mesa en Mercedes fue uno de los deportes que m\u00e1s creci\u00f3 en los \u00faltimos a\u00f1os y los resultados obtenidos por la actual Escuela Municipal lo demuestran.<\/p>\n","protected":false},"excerpt":{"rendered":"<p>Luego de 20 a\u00f1os sin actividad el Tenis de Mesa fue reactivado por Felix y Alejandro Russo en el 2010, &#8230; <a title=\"La Escuela Municipal de Tenis de Mesa cumpli\u00f3 diez a\u00f1os de vida\" class=\"read-more\" href=\"https:\/\/www.hoymercedes.com.ar\/principal\/2020\/03\/12\/la-escuela-municipal-de-tenis-de-mesa-cumplio-diez-anos-de-vida\/\" aria-label=\"Leer m\u00e1s sobre La Escuela Municipal de Tenis de Mesa cumpli\u00f3 diez a\u00f1os de vida\">Leer m\u00e1s<\/a><\/p>\n","protected":false},"author":1,"featured_media":107463,"comment_status":"closed","ping_status":"open","sticky":false,"template":"","format":"standard","meta":{"_monsterinsights_skip_tracking":false,"_monsterinsights_sitenote_active":false,"_monsterinsights_sitenote_note":"","_monsterinsights_sitenote_category":0,"jetpack_post_was_ever_published":false,"_jetpack_newsletter_access":"","_jetpack_dont_email_post_to_subs":false,"_jetpack_newsletter_tier_id":0,"_jetpack_memberships_contains_paywalled_content":false,"_jetpack_memberships_contains_paid_content":false,"footnotes":"","jetpack_publicize_message":"","jetpack_publicize_feature_enabled":true,"jetpack_social_post_already_shared":true,"jetpack_social_options":{"image_generator_settings":{"template":"highway","default_image_id":0,"font":"","enabled":false},"version":2},"_wpas_customize_per_network":false},"categories":[21],"tags":[16293,8586],"class_list":["post-107462","post","type-post","status-publish","format-standard","has-post-thumbnail","hentry","category-deportes","tag-escuela-municipal-de-tenis-de-mesa","tag-tenis-de-mesa","generate-columns","tablet-grid-50","mobile-grid-100","grid-parent","grid-50"],"jetpack_publicize_connections":[],"jetpack_featured_media_url":"https:\/\/www.hoymercedes.com.ar\/principal\/wp-content\/uploads\/2020\/03\/Tenis-de-mesa-horarios.jpg","wps_subtitle":"Tenis de Mesa","jetpack_sharing_enabled":true,"_links":{"self":[{"href":"https:\/\/www.hoymercedes.com.ar\/principal\/wp-json\/wp\/v2\/posts\/107462","targetHints":{"allow":["GET"]}}],"collection":[{"href":"https:\/\/www.hoymercedes.com.ar\/principal\/wp-json\/wp\/v2\/posts"}],"about":[{"href":"https:\/\/www.hoymercedes.com.ar\/principal\/wp-json\/wp\/v2\/types\/post"}],"author":[{"embeddable":true,"href":"https:\/\/www.hoymercedes.com.ar\/principal\/wp-json\/wp\/v2\/users\/1"}],"replies":[{"embeddable":true,"href":"https:\/\/www.hoymercedes.com.ar\/principal\/wp-json\/wp\/v2\/comments?post=107462"}],"version-history":[{"count":0,"href":"https:\/\/www.hoymercedes.com.ar\/principal\/wp-json\/wp\/v2\/posts\/107462\/revisions"}],"wp:featuredmedia":[{"embeddable":true,"href":"https:\/\/www.hoymercedes.com.ar\/principal\/wp-json\/wp\/v2\/media\/107463"}],"wp:attachment":[{"href":"https:\/\/www.hoymercedes.com.ar\/principal\/wp-json\/wp\/v2\/media?parent=107462"}],"wp:term":[{"taxonomy":"category","embeddable":true,"href":"https:\/\/www.hoymercedes.com.ar\/principal\/wp-json\/wp\/v2\/categories?post=107462"},{"taxonomy":"post_tag","embeddable":true,"href":"https:\/\/www.hoymercedes.com.ar\/principal\/wp-json\/wp\/v2\/tags?post=107462"}],"curies":[{"name":"wp","href":"https:\/\/api.w.org\/{rel}","templated":true}]}}