{"id":107466,"date":"2020-03-12T20:21:23","date_gmt":"2020-03-12T23:21:23","guid":{"rendered":"http:\/\/www.hoymercedes.com.ar\/principal\/?p=107466"},"modified":"2020-03-12T20:21:28","modified_gmt":"2020-03-12T23:21:28","slug":"los-colombofilos-disputaran-el-gran-premio-julio-falabella","status":"publish","type":"post","link":"https:\/\/www.hoymercedes.com.ar\/principal\/2020\/03\/12\/los-colombofilos-disputaran-el-gran-premio-julio-falabella\/","title":{"rendered":"Los colomb\u00f3filos disputar\u00e1n el Gran Premio \u00abJulio Falabella\u00bb"},"content":{"rendered":"\n<p>El reconocido periodista Julio Falabella, quien desde hace 20 a\u00f1os realiza el programa \u00abConociendo la Paloma Mensajera\u00bb, que se emite todos los jueves a las 21 por FM La Tribuna 103.5, ser\u00e1 homenajeado con un certamen colomb\u00f3filo que llevar\u00e1 su nombre y que fue organizado por el Circuito Interior Pergamino y la Sociedad Colomb\u00f3fila Paloma Mensajera de Pergamino.<\/p>\n\n\n\n<figure class=\"wp-block-image size-large\"><img loading=\"lazy\" decoding=\"async\" width=\"859\" height=\"1280\" data-attachment-id=\"107467\" data-permalink=\"https:\/\/www.hoymercedes.com.ar\/principal\/2020\/03\/12\/los-colombofilos-disputaran-el-gran-premio-julio-falabella\/whatsapp-image-2020-03-12-at-11-35-21\/#main\" data-orig-file=\"https:\/\/www.hoymercedes.com.ar\/principal\/wp-content\/uploads\/2020\/03\/WhatsApp-Image-2020-03-12-at-11.35.21.jpeg\" data-orig-size=\"859,1280\" data-comments-opened=\"0\" data-image-meta=\"{&quot;aperture&quot;:&quot;0&quot;,&quot;credit&quot;:&quot;&quot;,&quot;camera&quot;:&quot;&quot;,&quot;caption&quot;:&quot;&quot;,&quot;created_timestamp&quot;:&quot;0&quot;,&quot;copyright&quot;:&quot;&quot;,&quot;focal_length&quot;:&quot;0&quot;,&quot;iso&quot;:&quot;0&quot;,&quot;shutter_speed&quot;:&quot;0&quot;,&quot;title&quot;:&quot;&quot;,&quot;orientation&quot;:&quot;0&quot;}\" data-image-title=\"WhatsApp-Image-2020-03-12-at-11.35.21\" data-image-description=\"\" data-image-caption=\"\" data-large-file=\"https:\/\/www.hoymercedes.com.ar\/principal\/wp-content\/uploads\/2020\/03\/WhatsApp-Image-2020-03-12-at-11.35.21.jpeg\" src=\"https:\/\/www.hoymercedes.com.ar\/principal\/wp-content\/uploads\/2020\/03\/WhatsApp-Image-2020-03-12-at-11.35.21.jpeg\" alt=\"\" class=\"wp-image-107467\"\/><\/figure>\n\n\n\n<p>\u00abMe siento orgulloso por este reconocimiento, que no lo hacen los mercedinos que me conocen sino el Circuito Interior Pergamino, que transporta las palomas de casi todo el pa\u00eds\u00bb, dijo Falabella, sobre esta carrera que saldr\u00e1 desde Santa Rosa, provincia de la Pampa y que tendr\u00e1 la suelta el 22 de agosto de unas 20 mil palomas y participaci\u00f3n gratuita para todo el pa\u00eds.<\/p>\n\n\n\n<div class=\"wp-block-image\"><figure class=\"aligncenter size-large\"><img loading=\"lazy\" decoding=\"async\" width=\"520\" height=\"449\" data-attachment-id=\"107468\" data-permalink=\"https:\/\/www.hoymercedes.com.ar\/principal\/2020\/03\/12\/los-colombofilos-disputaran-el-gran-premio-julio-falabella\/julio-falabella\/#main\" data-orig-file=\"https:\/\/www.hoymercedes.com.ar\/principal\/wp-content\/uploads\/2020\/03\/Julio-Falabella.jpg\" data-orig-size=\"520,449\" data-comments-opened=\"0\" data-image-meta=\"{&quot;aperture&quot;:&quot;0&quot;,&quot;credit&quot;:&quot;&quot;,&quot;camera&quot;:&quot;&quot;,&quot;caption&quot;:&quot;&quot;,&quot;created_timestamp&quot;:&quot;0&quot;,&quot;copyright&quot;:&quot;&quot;,&quot;focal_length&quot;:&quot;0&quot;,&quot;iso&quot;:&quot;0&quot;,&quot;shutter_speed&quot;:&quot;0&quot;,&quot;title&quot;:&quot;&quot;,&quot;orientation&quot;:&quot;0&quot;}\" data-image-title=\"Julio-Falabella\" data-image-description=\"\" data-image-caption=\"\" data-large-file=\"https:\/\/www.hoymercedes.com.ar\/principal\/wp-content\/uploads\/2020\/03\/Julio-Falabella.jpg\" src=\"https:\/\/www.hoymercedes.com.ar\/principal\/wp-content\/uploads\/2020\/03\/Julio-Falabella.jpg\" alt=\"\" class=\"wp-image-107468\"\/><\/figure><\/div>\n\n\n\n<p>Falabella, pronto a cumplir 80 a\u00f1os de vida, es un amante de la colombofilia, la que practica desde temprana edad cuando una paloma lo visit\u00f3 en su hogar materno. Ha desarrollado una gran experiencia en el plano deportivo, obteniendo importantes y numerosos premios, por lo que es referente para varias generaciones.<\/p>\n","protected":false},"excerpt":{"rendered":"<p>El reconocido periodista Julio Falabella, quien desde hace 20 a\u00f1os realiza el programa \u00abConociendo la Paloma Mensajera\u00bb, que se emite &#8230; <a title=\"Los colomb\u00f3filos disputar\u00e1n el Gran Premio \u00abJulio Falabella\u00bb\" class=\"read-more\" href=\"https:\/\/www.hoymercedes.com.ar\/principal\/2020\/03\/12\/los-colombofilos-disputaran-el-gran-premio-julio-falabella\/\" aria-label=\"Leer m\u00e1s sobre Los colomb\u00f3filos disputar\u00e1n el Gran Premio \u00abJulio Falabella\u00bb\">Leer m\u00e1s<\/a><\/p>\n","protected":false},"author":1,"featured_media":107468,"comment_status":"closed","ping_status":"open","sticky":false,"template":"","format":"standard","meta":{"_monsterinsights_skip_tracking":false,"_monsterinsights_sitenote_active":false,"_monsterinsights_sitenote_note":"","_monsterinsights_sitenote_category":0,"jetpack_post_was_ever_published":false,"_jetpack_newsletter_access":"","_jetpack_dont_email_post_to_subs":false,"_jetpack_newsletter_tier_id":0,"_jetpack_memberships_contains_paywalled_content":false,"_jetpack_memberships_contains_paid_content":false,"footnotes":"","jetpack_publicize_message":"","jetpack_publicize_feature_enabled":true,"jetpack_social_post_already_shared":true,"jetpack_social_options":{"image_generator_settings":{"template":"highway","default_image_id":0,"font":"","enabled":false},"version":2},"_wpas_customize_per_network":false},"categories":[21],"tags":[16295,16296],"class_list":["post-107466","post","type-post","status-publish","format-standard","has-post-thumbnail","hentry","category-deportes","tag-julio-falabella","tag-paloma-mensajera","generate-columns","tablet-grid-50","mobile-grid-100","grid-parent","grid-50"],"jetpack_publicize_connections":[],"jetpack_featured_media_url":"https:\/\/www.hoymercedes.com.ar\/principal\/wp-content\/uploads\/2020\/03\/Julio-Falabella.jpg","wps_subtitle":"Colomb\u00f3filas","jetpack_sharing_enabled":true,"_links":{"self":[{"href":"https:\/\/www.hoymercedes.com.ar\/principal\/wp-json\/wp\/v2\/posts\/107466","targetHints":{"allow":["GET"]}}],"collection":[{"href":"https:\/\/www.hoymercedes.com.ar\/principal\/wp-json\/wp\/v2\/posts"}],"about":[{"href":"https:\/\/www.hoymercedes.com.ar\/principal\/wp-json\/wp\/v2\/types\/post"}],"author":[{"embeddable":true,"href":"https:\/\/www.hoymercedes.com.ar\/principal\/wp-json\/wp\/v2\/users\/1"}],"replies":[{"embeddable":true,"href":"https:\/\/www.hoymercedes.com.ar\/principal\/wp-json\/wp\/v2\/comments?post=107466"}],"version-history":[{"count":0,"href":"https:\/\/www.hoymercedes.com.ar\/principal\/wp-json\/wp\/v2\/posts\/107466\/revisions"}],"wp:featuredmedia":[{"embeddable":true,"href":"https:\/\/www.hoymercedes.com.ar\/principal\/wp-json\/wp\/v2\/media\/107468"}],"wp:attachment":[{"href":"https:\/\/www.hoymercedes.com.ar\/principal\/wp-json\/wp\/v2\/media?parent=107466"}],"wp:term":[{"taxonomy":"category","embeddable":true,"href":"https:\/\/www.hoymercedes.com.ar\/principal\/wp-json\/wp\/v2\/categories?post=107466"},{"taxonomy":"post_tag","embeddable":true,"href":"https:\/\/www.hoymercedes.com.ar\/principal\/wp-json\/wp\/v2\/tags?post=107466"}],"curies":[{"name":"wp","href":"https:\/\/api.w.org\/{rel}","templated":true}]}}