{"id":107484,"date":"2020-03-12T20:46:43","date_gmt":"2020-03-12T23:46:43","guid":{"rendered":"http:\/\/www.hoymercedes.com.ar\/principal\/?p=107484"},"modified":"2020-03-12T20:46:46","modified_gmt":"2020-03-12T23:46:46","slug":"coronavirus-lucas-biglia-desde-italia-dijo-no-se-tiene-que-jugar-nada","status":"publish","type":"post","link":"https:\/\/www.hoymercedes.com.ar\/principal\/2020\/03\/12\/coronavirus-lucas-biglia-desde-italia-dijo-no-se-tiene-que-jugar-nada\/","title":{"rendered":"Coronavirus: Lucas Biglia desde Italia dijo \u00abno se tiene que jugar nada\u00bb"},"content":{"rendered":"\n<p><strong>Diario Ol\u00e9.<\/strong> Italia es uno de los pa\u00edses m\u00e1s afectados por el\u00a0coronavirus\u200b en el mundo\u00a0y d\u00eda a d\u00eda se dan a conocer gran cantidad de casos nuevos.\u00a0Lucas Biglia, quien se desempe\u00f1a en el Milan y actualmente se encuentra en cuarentena, vive en carne propia lo que est\u00e1 sucediendo y\u00a0est\u00e1 a favor de suspender la totalidad de los eventos masivos que pudieran generar la propagaci\u00f3n del virus.<\/p>\n\n\n\n<figure class=\"wp-block-image size-large\"><img loading=\"lazy\" decoding=\"async\" width=\"862\" height=\"485\" data-attachment-id=\"107485\" data-permalink=\"https:\/\/www.hoymercedes.com.ar\/principal\/2020\/03\/12\/coronavirus-lucas-biglia-desde-italia-dijo-no-se-tiene-que-jugar-nada\/lucas-biglia-milan-5\/#main\" data-orig-file=\"https:\/\/www.hoymercedes.com.ar\/principal\/wp-content\/uploads\/2020\/03\/Lucas-Biglia-Milan.jpg\" data-orig-size=\"862,485\" data-comments-opened=\"0\" data-image-meta=\"{&quot;aperture&quot;:&quot;0&quot;,&quot;credit&quot;:&quot;&quot;,&quot;camera&quot;:&quot;&quot;,&quot;caption&quot;:&quot;&quot;,&quot;created_timestamp&quot;:&quot;0&quot;,&quot;copyright&quot;:&quot;&quot;,&quot;focal_length&quot;:&quot;0&quot;,&quot;iso&quot;:&quot;0&quot;,&quot;shutter_speed&quot;:&quot;0&quot;,&quot;title&quot;:&quot;&quot;,&quot;orientation&quot;:&quot;0&quot;}\" data-image-title=\"Lucas-Biglia-Milan\" data-image-description=\"\" data-image-caption=\"\" data-large-file=\"https:\/\/www.hoymercedes.com.ar\/principal\/wp-content\/uploads\/2020\/03\/Lucas-Biglia-Milan.jpg\" src=\"https:\/\/www.hoymercedes.com.ar\/principal\/wp-content\/uploads\/2020\/03\/Lucas-Biglia-Milan.jpg\" alt=\"\" class=\"wp-image-107485\"\/><\/figure>\n\n\n\n<p> \u00abEl error es seguir, nosotros no somos inmunes.\u00a0Informaci\u00f3n certera es dificil de encontrar pero ya hablan de jugadores de la Sampdoria con casos positivos y tambi\u00e9n de la Juventus.\u00a0Tienen que parar todo, no importa si es a puertas cerradas.\u00a0No se tiene que jugar nada.Estamos hablando de un virus que por lo que dicen los doctores se expande durante 14\u00a0dias,\u00a0paremos un mes que no cambia nada. Al contrario, ganamos en salud\u00bb, expres\u00f3 Biglia en charla con\u00a0TyC Sports. <\/p>\n\n\n\n<p> El pa\u00eds europeo est\u00e1 atravesando un momento muy preocupante, de suma paranoia y miles de personas fueron afectadas por el coronavirus.\u00a0\u00abAc\u00e1 los hospitales est\u00e1n colapsados. En Italia no se le dio la importancia real.\u00a0Hoy Espa\u00f1a, con much\u00edsimos casos menos, suspendi\u00f3 las actividades. Lo mismo con Francia, Portugal y Alemania.\u00a0Ac\u00e1 se subestim\u00f3 y en menos de quince d\u00edas colaps\u00f3\u00a0todo\u00bb, cont\u00f3 el volante del Milan. <\/p>\n","protected":false},"excerpt":{"rendered":"<p>Diario Ol\u00e9. Italia es uno de los pa\u00edses m\u00e1s afectados por el\u00a0coronavirus\u200b en el mundo\u00a0y d\u00eda a d\u00eda se dan &#8230; <a title=\"Coronavirus: Lucas Biglia desde Italia dijo \u00abno se tiene que jugar nada\u00bb\" class=\"read-more\" href=\"https:\/\/www.hoymercedes.com.ar\/principal\/2020\/03\/12\/coronavirus-lucas-biglia-desde-italia-dijo-no-se-tiene-que-jugar-nada\/\" aria-label=\"Leer m\u00e1s sobre Coronavirus: Lucas Biglia desde Italia dijo \u00abno se tiene que jugar nada\u00bb\">Leer m\u00e1s<\/a><\/p>\n","protected":false},"author":1,"featured_media":107485,"comment_status":"closed","ping_status":"open","sticky":false,"template":"","format":"standard","meta":{"_monsterinsights_skip_tracking":false,"_monsterinsights_sitenote_active":false,"_monsterinsights_sitenote_note":"","_monsterinsights_sitenote_category":0,"jetpack_post_was_ever_published":false,"_jetpack_newsletter_access":"","_jetpack_dont_email_post_to_subs":false,"_jetpack_newsletter_tier_id":0,"_jetpack_memberships_contains_paywalled_content":false,"_jetpack_memberships_contains_paid_content":false,"footnotes":"","jetpack_publicize_message":"","jetpack_publicize_feature_enabled":true,"jetpack_social_post_already_shared":true,"jetpack_social_options":{"image_generator_settings":{"template":"highway","default_image_id":0,"font":"","enabled":false},"version":2},"_wpas_customize_per_network":false},"categories":[21],"tags":[14624,305],"class_list":["post-107484","post","type-post","status-publish","format-standard","has-post-thumbnail","hentry","category-deportes","tag-ac-milan","tag-lucas-biglia","generate-columns","tablet-grid-50","mobile-grid-100","grid-parent","grid-50"],"jetpack_publicize_connections":[],"jetpack_featured_media_url":"https:\/\/www.hoymercedes.com.ar\/principal\/wp-content\/uploads\/2020\/03\/Lucas-Biglia-Milan.jpg","wps_subtitle":"La Legi\u00f3n","jetpack_sharing_enabled":true,"_links":{"self":[{"href":"https:\/\/www.hoymercedes.com.ar\/principal\/wp-json\/wp\/v2\/posts\/107484","targetHints":{"allow":["GET"]}}],"collection":[{"href":"https:\/\/www.hoymercedes.com.ar\/principal\/wp-json\/wp\/v2\/posts"}],"about":[{"href":"https:\/\/www.hoymercedes.com.ar\/principal\/wp-json\/wp\/v2\/types\/post"}],"author":[{"embeddable":true,"href":"https:\/\/www.hoymercedes.com.ar\/principal\/wp-json\/wp\/v2\/users\/1"}],"replies":[{"embeddable":true,"href":"https:\/\/www.hoymercedes.com.ar\/principal\/wp-json\/wp\/v2\/comments?post=107484"}],"version-history":[{"count":0,"href":"https:\/\/www.hoymercedes.com.ar\/principal\/wp-json\/wp\/v2\/posts\/107484\/revisions"}],"wp:featuredmedia":[{"embeddable":true,"href":"https:\/\/www.hoymercedes.com.ar\/principal\/wp-json\/wp\/v2\/media\/107485"}],"wp:attachment":[{"href":"https:\/\/www.hoymercedes.com.ar\/principal\/wp-json\/wp\/v2\/media?parent=107484"}],"wp:term":[{"taxonomy":"category","embeddable":true,"href":"https:\/\/www.hoymercedes.com.ar\/principal\/wp-json\/wp\/v2\/categories?post=107484"},{"taxonomy":"post_tag","embeddable":true,"href":"https:\/\/www.hoymercedes.com.ar\/principal\/wp-json\/wp\/v2\/tags?post=107484"}],"curies":[{"name":"wp","href":"https:\/\/api.w.org\/{rel}","templated":true}]}}