{"id":107488,"date":"2020-03-13T18:49:55","date_gmt":"2020-03-13T21:49:55","guid":{"rendered":"http:\/\/www.hoymercedes.com.ar\/principal\/?p=107488"},"modified":"2020-03-12T20:59:34","modified_gmt":"2020-03-12T23:59:34","slug":"maria-silvina-estuvo-en-el-gp-haras-aniceto","status":"publish","type":"post","link":"https:\/\/www.hoymercedes.com.ar\/principal\/2020\/03\/13\/maria-silvina-estuvo-en-el-gp-haras-aniceto\/","title":{"rendered":"Mar\u00eda Silvina estuvo en el GP Haras Aniceto"},"content":{"rendered":"\n<p>El pasado Domingo 8 de Marzo se realiz\u00f3 la primer fecha correspondiente a la Zona Sur de Federados en el Club de Campo La Martona. Maria Silvina se hizo presente con los siguientes resultados:<\/p>\n\n\n\n<figure class=\"wp-block-image size-large\"><img loading=\"lazy\" decoding=\"async\" width=\"1032\" height=\"774\" data-attachment-id=\"107489\" data-permalink=\"https:\/\/www.hoymercedes.com.ar\/principal\/2020\/03\/13\/maria-silvina-estuvo-en-el-gp-haras-aniceto\/whatsapp-image-2020-03-08-at-17-34-58\/#main\" data-orig-file=\"https:\/\/www.hoymercedes.com.ar\/principal\/wp-content\/uploads\/2020\/03\/WhatsApp-Image-2020-03-08-at-17.34.58.jpeg\" data-orig-size=\"1032,774\" data-comments-opened=\"0\" data-image-meta=\"{&quot;aperture&quot;:&quot;0&quot;,&quot;credit&quot;:&quot;&quot;,&quot;camera&quot;:&quot;&quot;,&quot;caption&quot;:&quot;&quot;,&quot;created_timestamp&quot;:&quot;0&quot;,&quot;copyright&quot;:&quot;&quot;,&quot;focal_length&quot;:&quot;0&quot;,&quot;iso&quot;:&quot;0&quot;,&quot;shutter_speed&quot;:&quot;0&quot;,&quot;title&quot;:&quot;&quot;,&quot;orientation&quot;:&quot;0&quot;}\" data-image-title=\"WhatsApp-Image-2020-03-08-at-17.34.58\" data-image-description=\"\" data-image-caption=\"\" data-large-file=\"https:\/\/www.hoymercedes.com.ar\/principal\/wp-content\/uploads\/2020\/03\/WhatsApp-Image-2020-03-08-at-17.34.58.jpeg\" src=\"https:\/\/www.hoymercedes.com.ar\/principal\/wp-content\/uploads\/2020\/03\/WhatsApp-Image-2020-03-08-at-17.34.58.jpeg\" alt=\"\" class=\"wp-image-107489\"\/><\/figure>\n\n\n\n<p>En la altura de 60 cm:  en la categoria iniciados 2\u00b0 puesto para Cloe Guardines con BP Blanquirosa. Recibi\u00f3 cucarda de debutantes Abril Guardines con Cerveza. Particip\u00f3 tambi\u00e9n Agustin Ciollaro con un excelente recorrido.<br>En la altura de 80 cm:  escuela menor 3\u00b0 puesto para Maria Paz Rey Pruzzo con ADC Quick Troy.<br>Participaron tambi\u00e9n con buenos recorridos Lucia Mitarotonda con BP Domino, Tom\u00e1s Rond\u00f3n con King&#8217;s Eagle.<br>En la altura de 90 cm:  categoria Tercera 5\u00b0 puesto para Camila Tomas con BP Jofre.<br>Participaron tambi\u00e9n con buenos recorridos Catalina Revello con Mr. Gato, Valentina Ag\u00fcero con ADC Quick Troy y Maria Bel\u00e9n Rey Pruzzo con MDP Montesquie.<br>En la altura de 1 metro: particip\u00f3 en categoria Tercera Ana Sofia Lapadula con BP Jofre con un excelente recorrido.<br>Felicitamos a nuestros alumnos y agradecemos al profesor Lucas Rey y a todas las familias y amigos que nos acompa\u00f1aron en este dia.<\/p>\n\n\n\n<figure class=\"wp-block-gallery columns-3 is-cropped wp-block-gallery-1 is-layout-flex wp-block-gallery-is-layout-flex\"><ul class=\"blocks-gallery-grid\"><li class=\"blocks-gallery-item\"><figure><img loading=\"lazy\" decoding=\"async\" width=\"1032\" height=\"774\" data-attachment-id=\"107490\" data-permalink=\"https:\/\/www.hoymercedes.com.ar\/principal\/2020\/03\/13\/maria-silvina-estuvo-en-el-gp-haras-aniceto\/whatsapp-image-2020-03-08-at-17-34-58-3\/#main\" data-orig-file=\"https:\/\/www.hoymercedes.com.ar\/principal\/wp-content\/uploads\/2020\/03\/WhatsApp-Image-2020-03-08-at-17.34.58-3.jpeg\" data-orig-size=\"1032,774\" data-comments-opened=\"0\" data-image-meta=\"{&quot;aperture&quot;:&quot;0&quot;,&quot;credit&quot;:&quot;&quot;,&quot;camera&quot;:&quot;&quot;,&quot;caption&quot;:&quot;&quot;,&quot;created_timestamp&quot;:&quot;0&quot;,&quot;copyright&quot;:&quot;&quot;,&quot;focal_length&quot;:&quot;0&quot;,&quot;iso&quot;:&quot;0&quot;,&quot;shutter_speed&quot;:&quot;0&quot;,&quot;title&quot;:&quot;&quot;,&quot;orientation&quot;:&quot;0&quot;}\" data-image-title=\"WhatsApp-Image-2020-03-08-at-17.34.58-3\" data-image-description=\"\" data-image-caption=\"\" data-large-file=\"https:\/\/www.hoymercedes.com.ar\/principal\/wp-content\/uploads\/2020\/03\/WhatsApp-Image-2020-03-08-at-17.34.58-3.jpeg\" src=\"https:\/\/www.hoymercedes.com.ar\/principal\/wp-content\/uploads\/2020\/03\/WhatsApp-Image-2020-03-08-at-17.34.58-3.jpeg\" alt=\"\" data-id=\"107490\" data-link=\"https:\/\/www.hoymercedes.com.ar\/principal\/?attachment_id=107490\" class=\"wp-image-107490\"\/><\/figure><\/li><li class=\"blocks-gallery-item\"><figure><img loading=\"lazy\" decoding=\"async\" width=\"1032\" height=\"774\" data-attachment-id=\"107491\" data-permalink=\"https:\/\/www.hoymercedes.com.ar\/principal\/2020\/03\/13\/maria-silvina-estuvo-en-el-gp-haras-aniceto\/whatsapp-image-2020-03-08-at-17-34-58-2\/#main\" data-orig-file=\"https:\/\/www.hoymercedes.com.ar\/principal\/wp-content\/uploads\/2020\/03\/WhatsApp-Image-2020-03-08-at-17.34.58-2.jpeg\" data-orig-size=\"1032,774\" data-comments-opened=\"0\" data-image-meta=\"{&quot;aperture&quot;:&quot;0&quot;,&quot;credit&quot;:&quot;&quot;,&quot;camera&quot;:&quot;&quot;,&quot;caption&quot;:&quot;&quot;,&quot;created_timestamp&quot;:&quot;0&quot;,&quot;copyright&quot;:&quot;&quot;,&quot;focal_length&quot;:&quot;0&quot;,&quot;iso&quot;:&quot;0&quot;,&quot;shutter_speed&quot;:&quot;0&quot;,&quot;title&quot;:&quot;&quot;,&quot;orientation&quot;:&quot;0&quot;}\" data-image-title=\"WhatsApp-Image-2020-03-08-at-17.34.58-2\" data-image-description=\"\" data-image-caption=\"\" data-large-file=\"https:\/\/www.hoymercedes.com.ar\/principal\/wp-content\/uploads\/2020\/03\/WhatsApp-Image-2020-03-08-at-17.34.58-2.jpeg\" src=\"https:\/\/www.hoymercedes.com.ar\/principal\/wp-content\/uploads\/2020\/03\/WhatsApp-Image-2020-03-08-at-17.34.58-2.jpeg\" alt=\"\" data-id=\"107491\" data-link=\"https:\/\/www.hoymercedes.com.ar\/principal\/?attachment_id=107491\" class=\"wp-image-107491\"\/><\/figure><\/li><li class=\"blocks-gallery-item\"><figure><img loading=\"lazy\" decoding=\"async\" width=\"1032\" height=\"774\" data-attachment-id=\"107492\" data-permalink=\"https:\/\/www.hoymercedes.com.ar\/principal\/2020\/03\/13\/maria-silvina-estuvo-en-el-gp-haras-aniceto\/whatsapp-image-2020-03-08-at-17-34-58-1\/#main\" data-orig-file=\"https:\/\/www.hoymercedes.com.ar\/principal\/wp-content\/uploads\/2020\/03\/WhatsApp-Image-2020-03-08-at-17.34.58-1.jpeg\" data-orig-size=\"1032,774\" data-comments-opened=\"0\" data-image-meta=\"{&quot;aperture&quot;:&quot;0&quot;,&quot;credit&quot;:&quot;&quot;,&quot;camera&quot;:&quot;&quot;,&quot;caption&quot;:&quot;&quot;,&quot;created_timestamp&quot;:&quot;0&quot;,&quot;copyright&quot;:&quot;&quot;,&quot;focal_length&quot;:&quot;0&quot;,&quot;iso&quot;:&quot;0&quot;,&quot;shutter_speed&quot;:&quot;0&quot;,&quot;title&quot;:&quot;&quot;,&quot;orientation&quot;:&quot;0&quot;}\" data-image-title=\"WhatsApp-Image-2020-03-08-at-17.34.58-1\" data-image-description=\"\" data-image-caption=\"\" data-large-file=\"https:\/\/www.hoymercedes.com.ar\/principal\/wp-content\/uploads\/2020\/03\/WhatsApp-Image-2020-03-08-at-17.34.58-1.jpeg\" src=\"https:\/\/www.hoymercedes.com.ar\/principal\/wp-content\/uploads\/2020\/03\/WhatsApp-Image-2020-03-08-at-17.34.58-1.jpeg\" alt=\"\" data-id=\"107492\" data-link=\"https:\/\/www.hoymercedes.com.ar\/principal\/?attachment_id=107492\" class=\"wp-image-107492\"\/><\/figure><\/li><\/ul><\/figure>\n","protected":false},"excerpt":{"rendered":"<p>El pasado Domingo 8 de Marzo se realiz\u00f3 la primer fecha correspondiente a la Zona Sur de Federados en el &#8230; <a title=\"Mar\u00eda Silvina estuvo en el GP Haras Aniceto\" class=\"read-more\" href=\"https:\/\/www.hoymercedes.com.ar\/principal\/2020\/03\/13\/maria-silvina-estuvo-en-el-gp-haras-aniceto\/\" aria-label=\"Leer m\u00e1s sobre Mar\u00eda Silvina estuvo en el GP Haras Aniceto\">Leer m\u00e1s<\/a><\/p>\n","protected":false},"author":1,"featured_media":107489,"comment_status":"closed","ping_status":"open","sticky":false,"template":"","format":"standard","meta":{"_monsterinsights_skip_tracking":false,"_monsterinsights_sitenote_active":false,"_monsterinsights_sitenote_note":"","_monsterinsights_sitenote_category":0,"jetpack_post_was_ever_published":false,"_jetpack_newsletter_access":"","_jetpack_dont_email_post_to_subs":false,"_jetpack_newsletter_tier_id":0,"_jetpack_memberships_contains_paywalled_content":false,"_jetpack_memberships_contains_paid_content":false,"footnotes":"","jetpack_publicize_message":"","jetpack_publicize_feature_enabled":true,"jetpack_social_post_already_shared":true,"jetpack_social_options":{"image_generator_settings":{"template":"highway","default_image_id":0,"font":"","enabled":false},"version":2},"_wpas_customize_per_network":false},"categories":[21],"tags":[1821,13489],"class_list":["post-107488","post","type-post","status-publish","format-standard","has-post-thumbnail","hentry","category-deportes","tag-equitacion","tag-maria-silvina","generate-columns","tablet-grid-50","mobile-grid-100","grid-parent","grid-50"],"jetpack_publicize_connections":[],"jetpack_featured_media_url":"https:\/\/www.hoymercedes.com.ar\/principal\/wp-content\/uploads\/2020\/03\/WhatsApp-Image-2020-03-08-at-17.34.58.jpeg","wps_subtitle":"Equitaci\u00f3n","jetpack_sharing_enabled":true,"_links":{"self":[{"href":"https:\/\/www.hoymercedes.com.ar\/principal\/wp-json\/wp\/v2\/posts\/107488","targetHints":{"allow":["GET"]}}],"collection":[{"href":"https:\/\/www.hoymercedes.com.ar\/principal\/wp-json\/wp\/v2\/posts"}],"about":[{"href":"https:\/\/www.hoymercedes.com.ar\/principal\/wp-json\/wp\/v2\/types\/post"}],"author":[{"embeddable":true,"href":"https:\/\/www.hoymercedes.com.ar\/principal\/wp-json\/wp\/v2\/users\/1"}],"replies":[{"embeddable":true,"href":"https:\/\/www.hoymercedes.com.ar\/principal\/wp-json\/wp\/v2\/comments?post=107488"}],"version-history":[{"count":0,"href":"https:\/\/www.hoymercedes.com.ar\/principal\/wp-json\/wp\/v2\/posts\/107488\/revisions"}],"wp:featuredmedia":[{"embeddable":true,"href":"https:\/\/www.hoymercedes.com.ar\/principal\/wp-json\/wp\/v2\/media\/107489"}],"wp:attachment":[{"href":"https:\/\/www.hoymercedes.com.ar\/principal\/wp-json\/wp\/v2\/media?parent=107488"}],"wp:term":[{"taxonomy":"category","embeddable":true,"href":"https:\/\/www.hoymercedes.com.ar\/principal\/wp-json\/wp\/v2\/categories?post=107488"},{"taxonomy":"post_tag","embeddable":true,"href":"https:\/\/www.hoymercedes.com.ar\/principal\/wp-json\/wp\/v2\/tags?post=107488"}],"curies":[{"name":"wp","href":"https:\/\/api.w.org\/{rel}","templated":true}]}}