{"id":107495,"date":"2020-03-14T10:10:27","date_gmt":"2020-03-14T13:10:27","guid":{"rendered":"http:\/\/www.hoymercedes.com.ar\/principal\/?p=107495"},"modified":"2020-03-13T23:11:03","modified_gmt":"2020-03-14T02:11:03","slug":"defensores-hockey-se-quedo-con-el-seven","status":"publish","type":"post","link":"https:\/\/www.hoymercedes.com.ar\/principal\/2020\/03\/14\/defensores-hockey-se-quedo-con-el-seven\/","title":{"rendered":"Defensores Hockey se qued\u00f3 con el Seven"},"content":{"rendered":"\n<p>Se ha celebrado d\u00edas atr\u00e1s el Torneo Liga Oeste en su modalidad Seven con la segunda fecha. De esta manera Club Defensores, con La Furia Hockey, se present\u00f3 con dos&nbsp; equipos, el A y B. En la Zona A se jug\u00f3 por la ma\u00f1ana disputando Defensores B, que result\u00f3 campe\u00f3n con la arquera menos vencida,&nbsp;<strong>Juliana Pacheco<\/strong>. Se ganaron 5 partidos con esta campa\u00f1a:<\/p>\n\n\n\n<div class=\"wp-block-image\"><figure class=\"aligncenter size-large\"><img loading=\"lazy\" decoding=\"async\" width=\"640\" height=\"480\" data-attachment-id=\"107496\" data-permalink=\"https:\/\/www.hoymercedes.com.ar\/principal\/2020\/03\/14\/defensores-hockey-se-quedo-con-el-seven\/defensores-hockey\/#main\" data-orig-file=\"https:\/\/www.hoymercedes.com.ar\/principal\/wp-content\/uploads\/2020\/03\/Defensores-Hockey.jpg\" data-orig-size=\"640,480\" data-comments-opened=\"0\" data-image-meta=\"{&quot;aperture&quot;:&quot;0&quot;,&quot;credit&quot;:&quot;&quot;,&quot;camera&quot;:&quot;&quot;,&quot;caption&quot;:&quot;&quot;,&quot;created_timestamp&quot;:&quot;0&quot;,&quot;copyright&quot;:&quot;&quot;,&quot;focal_length&quot;:&quot;0&quot;,&quot;iso&quot;:&quot;0&quot;,&quot;shutter_speed&quot;:&quot;0&quot;,&quot;title&quot;:&quot;&quot;,&quot;orientation&quot;:&quot;0&quot;}\" data-image-title=\"Defensores-Hockey\" data-image-description=\"\" data-image-caption=\"\" data-large-file=\"https:\/\/www.hoymercedes.com.ar\/principal\/wp-content\/uploads\/2020\/03\/Defensores-Hockey.jpg\" src=\"https:\/\/www.hoymercedes.com.ar\/principal\/wp-content\/uploads\/2020\/03\/Defensores-Hockey.jpg\" alt=\"\" class=\"wp-image-107496\"\/><\/figure><\/div>\n\n\n\n<p>Vs. Hurac\u00e1n (Areco) 1-0 (<strong>Ayl\u00e9n Uboldi<\/strong>).<\/p>\n\n\n\n<p>Vs Parque Esperanza (Luj\u00e1n) 2-0 (<strong>Catalina Vola<\/strong>&nbsp;y&nbsp;<strong>Ayl\u00e9n Uboldi<\/strong>).<\/p>\n\n\n\n<p>Vs 9 de Julio 2-1(<strong>Fiama Vola<\/strong>&nbsp;y&nbsp;<strong>Catalina Vola<\/strong>).<\/p>\n\n\n\n<p>Vs Chacabuco 2-0 (<strong>Ayl\u00e9n Uboldi<\/strong>&nbsp;y&nbsp;<strong>Catalina Vola<\/strong>).<\/p>\n\n\n\n<p>Vs Defensores A 3-0 (<strong>Ayl\u00e9n Uboldi<\/strong>&nbsp;y&nbsp;<strong>Catalina Vola<\/strong>).<\/p>\n\n\n\n<p><br>Por la tarde noche se jug\u00f3 la Zona B, donde particip\u00f3 Defensores A obteniendo el segundo puesto.<\/p>\n\n\n\n<p>Los marcadores:<\/p>\n\n\n\n<p>Vs. El Front\u00f3n A 1-1 (<strong>Gisela Vila<\/strong>).<\/p>\n\n\n\n<p>Vs. Las Teritas (Giles) 1-1 (<strong>Gisela Vila<\/strong>).<\/p>\n\n\n\n<p>Vs. El Front\u00f3n B 1-0 (<strong>Gisela Vila<\/strong>).<\/p>\n\n\n\n<p>Vs. Villa Manchi (Giles) 0-0.<\/p>\n\n\n\n<p>1er puesto El Front\u00f3n B.<\/p>\n\n\n\n<p><br>La que pas\u00f3 result\u00f3 ser una jornada agobiante de calor pero muy beneficiosa para La Furia Hockey, donde participaron muy buenos equipos de la zona. Ya instalado en el predio de 35 esquina 6,&nbsp;<strong>Jorge Arzani<\/strong>&nbsp;es el entrenador de Primera, Intermedia y Mamis, por su parte&nbsp;<strong>Mar\u00eda Pires<\/strong>,&nbsp;<strong>Juliana Mart\u00edn<\/strong>&nbsp;y&nbsp;<strong>Juliana Pacheco<\/strong>&nbsp;se desempe\u00f1an en las inferiores.<\/p>\n\n\n\n<p><br><strong>Planteles<\/strong><\/p>\n\n\n\n<p>Las jugadoras que obtuvieron resultados para Defensores:&nbsp;<strong>Mar\u00eda Pires<\/strong>,&nbsp;<strong>Alma S\u00e1nchez<\/strong>,&nbsp;<strong>Gisela Vila<\/strong>,&nbsp;<strong>Lucrecia Rivadeneira<\/strong>,&nbsp;<strong>Juliana Pacheco<\/strong>,&nbsp;<strong>Estefan\u00eda Villagr\u00e1n, Fabiola. C<\/strong>,&nbsp;<strong>Bel\u00e9n Pedraza<\/strong>,&nbsp;<strong>Celeste Ba\u00f1a<\/strong>,&nbsp;<strong>Juliana Mart\u00edn<\/strong>,&nbsp;<strong>Agostina Carrera<\/strong>,&nbsp;<strong>Ayl\u00e9n Uboldi<\/strong>,&nbsp;<strong>Catalina Vola<\/strong>,&nbsp;<strong>Fiama Vola<\/strong>,&nbsp;<strong>Magal\u00ed Ju\u00e1rez&nbsp;<\/strong>y&nbsp;<strong>Soledad Brizuela<\/strong>.<\/p>\n\n\n\n<p><strong><br>Amistoso<\/strong><br>Un encuentro preparatorio tambi\u00e9n se concret\u00f3 en el Country Praderas (Luj\u00e1n) con jugadoras principiantes a la categor\u00eda Mamis, donde se concretaron varios partidos con diferentes resultados finalizando con un positivo tercer tiempo.<\/p>\n\n\n\n<p>Otras de las jornadas amistosas fueron en el Club Porte\u00f1o (General Rodr\u00edguez). Sobre c\u00e9sped&nbsp; sint\u00e9tico fue el debut en cancha de 11 jugadores, Defensores se present\u00f3 con la categor\u00eda Intermedia, un grupo que reci\u00e9n comienza a jugar, y Primera divisi\u00f3n.<\/p>\n\n\n\n<p>En Intermedia gan\u00f3 Porte\u00f1o 5 \u2013 1 (<strong>Ayl\u00e9n Uboldi<\/strong>) y en Primera Porte\u00f1o 4 \u2013 Defensores 0. En la b\u00fasqueda de ganar experiencia hubo otros cruces desde diciembre pasado ante Luj\u00e1n Hockey, Deportivo Moreno, Esparta (Luj\u00e1n),&nbsp; Country Las Praderas (Luj\u00e1n). En redes sociales, Facebook e Instagram, se puede encontrar a La Furia Hockey.<\/p>\n","protected":false},"excerpt":{"rendered":"<p>Se ha celebrado d\u00edas atr\u00e1s el Torneo Liga Oeste en su modalidad Seven con la segunda fecha. De esta manera &#8230; <a title=\"Defensores Hockey se qued\u00f3 con el Seven\" class=\"read-more\" href=\"https:\/\/www.hoymercedes.com.ar\/principal\/2020\/03\/14\/defensores-hockey-se-quedo-con-el-seven\/\" aria-label=\"Leer m\u00e1s sobre Defensores Hockey se qued\u00f3 con el Seven\">Leer m\u00e1s<\/a><\/p>\n","protected":false},"author":1,"featured_media":107496,"comment_status":"closed","ping_status":"open","sticky":false,"template":"","format":"standard","meta":{"_monsterinsights_skip_tracking":false,"_monsterinsights_sitenote_active":false,"_monsterinsights_sitenote_note":"","_monsterinsights_sitenote_category":0,"jetpack_post_was_ever_published":false,"_jetpack_newsletter_access":"","_jetpack_dont_email_post_to_subs":false,"_jetpack_newsletter_tier_id":0,"_jetpack_memberships_contains_paywalled_content":false,"_jetpack_memberships_contains_paid_content":false,"footnotes":"","jetpack_publicize_message":"","jetpack_publicize_feature_enabled":true,"jetpack_social_post_already_shared":true,"jetpack_social_options":{"image_generator_settings":{"template":"highway","default_image_id":0,"font":"","enabled":false},"version":2},"_wpas_customize_per_network":false},"categories":[21],"tags":[10892,204,8522],"class_list":["post-107495","post","type-post","status-publish","format-standard","has-post-thumbnail","hentry","category-deportes","tag-defensores","tag-deportes-2","tag-hockey","generate-columns","tablet-grid-50","mobile-grid-100","grid-parent","grid-50"],"jetpack_publicize_connections":[],"jetpack_featured_media_url":"https:\/\/www.hoymercedes.com.ar\/principal\/wp-content\/uploads\/2020\/03\/Defensores-Hockey.jpg","wps_subtitle":"Hockey","jetpack_sharing_enabled":true,"_links":{"self":[{"href":"https:\/\/www.hoymercedes.com.ar\/principal\/wp-json\/wp\/v2\/posts\/107495","targetHints":{"allow":["GET"]}}],"collection":[{"href":"https:\/\/www.hoymercedes.com.ar\/principal\/wp-json\/wp\/v2\/posts"}],"about":[{"href":"https:\/\/www.hoymercedes.com.ar\/principal\/wp-json\/wp\/v2\/types\/post"}],"author":[{"embeddable":true,"href":"https:\/\/www.hoymercedes.com.ar\/principal\/wp-json\/wp\/v2\/users\/1"}],"replies":[{"embeddable":true,"href":"https:\/\/www.hoymercedes.com.ar\/principal\/wp-json\/wp\/v2\/comments?post=107495"}],"version-history":[{"count":0,"href":"https:\/\/www.hoymercedes.com.ar\/principal\/wp-json\/wp\/v2\/posts\/107495\/revisions"}],"wp:featuredmedia":[{"embeddable":true,"href":"https:\/\/www.hoymercedes.com.ar\/principal\/wp-json\/wp\/v2\/media\/107496"}],"wp:attachment":[{"href":"https:\/\/www.hoymercedes.com.ar\/principal\/wp-json\/wp\/v2\/media?parent=107495"}],"wp:term":[{"taxonomy":"category","embeddable":true,"href":"https:\/\/www.hoymercedes.com.ar\/principal\/wp-json\/wp\/v2\/categories?post=107495"},{"taxonomy":"post_tag","embeddable":true,"href":"https:\/\/www.hoymercedes.com.ar\/principal\/wp-json\/wp\/v2\/tags?post=107495"}],"curies":[{"name":"wp","href":"https:\/\/api.w.org\/{rel}","templated":true}]}}