{"id":10750,"date":"2012-02-07T10:33:35","date_gmt":"2012-02-07T10:33:35","guid":{"rendered":"http:\/\/www.hoymercedes.com.ar\/principal\/?p=10750"},"modified":"2012-02-07T10:33:35","modified_gmt":"2012-02-07T10:33:35","slug":"la-ajb-concreta-hoy-una-nueva-medida-de-fuerza","status":"publish","type":"post","link":"https:\/\/www.hoymercedes.com.ar\/principal\/2012\/02\/07\/la-ajb-concreta-hoy-una-nueva-medida-de-fuerza\/","title":{"rendered":"La AJB concreta hoy una nueva medida de fuerza"},"content":{"rendered":"<p>La mesa directiva de la AJB Provincia determin\u00f3 de acuerdo a los informes efectuados desde las diferentes departamentales del gremio la realizaci\u00f3n para este martes 7 de un nuevo paro con movilizaci\u00f3n a la ciudad de La Plata concretamente para concentrarse frente a la sede del Ministerio de Econom\u00eda Bonaerense solicitando la inmediata puesta en vigencia de la Ley Porcentual Salarial.<\/p>\n<p>De esta manera el gremio judicial bonaerense retoma el camino del cese de actividades a muy pocas horas de haberse iniciado nuevamente las actividades tras la habitual feria judicial de enero.<\/p>\n","protected":false},"excerpt":{"rendered":"<p>La mesa directiva de la AJB Provincia determin\u00f3 de acuerdo a los informes efectuados desde las diferentes departamentales del gremio &#8230; <a title=\"La AJB concreta hoy una nueva medida de fuerza\" class=\"read-more\" href=\"https:\/\/www.hoymercedes.com.ar\/principal\/2012\/02\/07\/la-ajb-concreta-hoy-una-nueva-medida-de-fuerza\/\" aria-label=\"Leer m\u00e1s sobre La AJB concreta hoy una nueva medida de fuerza\">Leer m\u00e1s<\/a><\/p>\n","protected":false},"author":1,"featured_media":0,"comment_status":"open","ping_status":"open","sticky":false,"template":"","format":"standard","meta":{"_monsterinsights_skip_tracking":false,"_monsterinsights_sitenote_active":false,"_monsterinsights_sitenote_note":"","_monsterinsights_sitenote_category":0,"jetpack_post_was_ever_published":false,"_jetpack_newsletter_access":"","_jetpack_dont_email_post_to_subs":false,"_jetpack_newsletter_tier_id":0,"_jetpack_memberships_contains_paywalled_content":false,"_jetpack_memberships_contains_paid_content":false,"footnotes":"","jetpack_publicize_message":"","jetpack_publicize_feature_enabled":true,"jetpack_social_post_already_shared":false,"jetpack_social_options":{"image_generator_settings":{"template":"highway","default_image_id":0,"font":"","enabled":false},"version":2},"_wpas_customize_per_network":false},"categories":[8],"tags":[95],"class_list":["post-10750","post","type-post","status-publish","format-standard","hentry","category-sociedad","tag-ajb","generate-columns","tablet-grid-50","mobile-grid-100","grid-parent","grid-50"],"jetpack_publicize_connections":[],"jetpack_featured_media_url":"","wps_subtitle":"","jetpack_sharing_enabled":true,"_links":{"self":[{"href":"https:\/\/www.hoymercedes.com.ar\/principal\/wp-json\/wp\/v2\/posts\/10750","targetHints":{"allow":["GET"]}}],"collection":[{"href":"https:\/\/www.hoymercedes.com.ar\/principal\/wp-json\/wp\/v2\/posts"}],"about":[{"href":"https:\/\/www.hoymercedes.com.ar\/principal\/wp-json\/wp\/v2\/types\/post"}],"author":[{"embeddable":true,"href":"https:\/\/www.hoymercedes.com.ar\/principal\/wp-json\/wp\/v2\/users\/1"}],"replies":[{"embeddable":true,"href":"https:\/\/www.hoymercedes.com.ar\/principal\/wp-json\/wp\/v2\/comments?post=10750"}],"version-history":[{"count":0,"href":"https:\/\/www.hoymercedes.com.ar\/principal\/wp-json\/wp\/v2\/posts\/10750\/revisions"}],"wp:attachment":[{"href":"https:\/\/www.hoymercedes.com.ar\/principal\/wp-json\/wp\/v2\/media?parent=10750"}],"wp:term":[{"taxonomy":"category","embeddable":true,"href":"https:\/\/www.hoymercedes.com.ar\/principal\/wp-json\/wp\/v2\/categories?post=10750"},{"taxonomy":"post_tag","embeddable":true,"href":"https:\/\/www.hoymercedes.com.ar\/principal\/wp-json\/wp\/v2\/tags?post=10750"}],"curies":[{"name":"wp","href":"https:\/\/api.w.org\/{rel}","templated":true}]}}