{"id":107508,"date":"2020-03-13T10:48:43","date_gmt":"2020-03-13T13:48:43","guid":{"rendered":"http:\/\/www.hoymercedes.com.ar\/principal\/?p=107508"},"modified":"2020-03-13T10:53:25","modified_gmt":"2020-03-13T13:53:25","slug":"coronavirus-estamos-en-una-etapa-de-contingencia-dijo-cassiani-desde-el-hospital-dubarry","status":"publish","type":"post","link":"https:\/\/www.hoymercedes.com.ar\/principal\/2020\/03\/13\/coronavirus-estamos-en-una-etapa-de-contingencia-dijo-cassiani-desde-el-hospital-dubarry\/","title":{"rendered":"Coronavirus: \u00abEstamos en una etapa de contingencia\u00bb dijo Cassiani desde el Hospital Dubarry"},"content":{"rendered":"\n<p>A trav\u00e9s de una conferencia de prensa, el Director del Hospital Blas L. Dubarry Dr. Pablo Cassiani, brind\u00f3 detalles de la atenci\u00f3n que se est\u00e1 llevando a cabo en el distrito Mercedes ante casos sospechosos de CODIV-19 Coronavirus y aislamientos preventivos de 63 personas, incluyendo un contingente de 28 extranjeros aislados en un campo. <\/p>\n\n\n\n<figure class=\"wp-block-image size-large\"><img loading=\"lazy\" decoding=\"async\" width=\"800\" height=\"600\" data-attachment-id=\"107509\" data-permalink=\"https:\/\/www.hoymercedes.com.ar\/principal\/2020\/03\/13\/coronavirus-estamos-en-una-etapa-de-contingencia-dijo-cassiani-desde-el-hospital-dubarry\/13-dubarry-coronavirus\/#main\" data-orig-file=\"https:\/\/www.hoymercedes.com.ar\/principal\/wp-content\/uploads\/2020\/03\/13-Dubarry-coronavirus.jpg\" data-orig-size=\"800,600\" data-comments-opened=\"0\" data-image-meta=\"{&quot;aperture&quot;:&quot;0&quot;,&quot;credit&quot;:&quot;&quot;,&quot;camera&quot;:&quot;&quot;,&quot;caption&quot;:&quot;&quot;,&quot;created_timestamp&quot;:&quot;0&quot;,&quot;copyright&quot;:&quot;&quot;,&quot;focal_length&quot;:&quot;0&quot;,&quot;iso&quot;:&quot;0&quot;,&quot;shutter_speed&quot;:&quot;0&quot;,&quot;title&quot;:&quot;&quot;,&quot;orientation&quot;:&quot;0&quot;}\" data-image-title=\"13 Dubarry coronavirus\" data-image-description=\"\" data-image-caption=\"\" data-large-file=\"https:\/\/www.hoymercedes.com.ar\/principal\/wp-content\/uploads\/2020\/03\/13-Dubarry-coronavirus.jpg\" src=\"https:\/\/www.hoymercedes.com.ar\/principal\/wp-content\/uploads\/2020\/03\/13-Dubarry-coronavirus.jpg\" alt=\"\" class=\"wp-image-107509\"\/><\/figure>\n\n\n\n<p>Acompa\u00f1ado del Jefe comunal  Juan Ignacion y el Dr. Javier Cursi, el Dr. Cassiani dio una descripci\u00f3n de la situaci\u00f3n nacional e internacional, para luego explicar c\u00f3mo se actu\u00f3 en el caso sospechoso local. El joven volvi\u00f3 de Letonia v\u00eda Inglaterra. Reci\u00e9n llegado tom\u00f3 las medidas preventivas en su domicilio hasta que levant\u00f3 fiebre que se comunic\u00f3 al 107 y se activ\u00f3 el protocolo para la toma de hisopado y traslado a una habitaci\u00f3n especial para su atenci\u00f3n en el Hospital Dubarry. <\/p>\n\n\n\n<p>\u00abEstamos en una etapa de contingencia. Tenemos un protocolo de acci\u00f3n. Avisamos al Ministerio a traves de la region. Necesitamos una autorizaci\u00f3n para tomar la muestra. La del paciente sospechoso lleg\u00f3 ayer a La Plata. Primero se hacen los estudios de influenza. Si eso da negativo, se deriva al Malbran para analisis de Coronavirus. El paciente esta en buen estado general. Est\u00e1 internado dentro del nosocomio. Totalmente aislado\u00bb, explic\u00f3 el Dr Cassiani.<\/p>\n\n\n\n<p>Es asi que pidi\u00f3 a la gente que volvi\u00f3 de viaje las \u00faltimas dos semanas, deben comunicarse al 107 que se tomar\u00e1n sus datos para despues volver a comunicarse con esa persona a trav\u00e9s de un tel\u00e9fono personal para tomar m\u00e1s detalles. Se considera el criterio epidemiol\u00f3gico de esa persona.<\/p>\n\n\n\n<p>\u00abLo mas importante es pedirles a las personas q volvieron del exterior llamen al 107 y se la mantengan en sus domicilios. Se activar\u00e1n los protocolos de control. Preferimos que la consulta sea telef\u00f3nica y no que vengan a la guardia. Tenemos capacidad operativa para brindar contencion y dar indicaciones v\u00eda telef\u00f3nica. Se los llama todos los d\u00edas para saber como es su estado. Se les env\u00eda una protocolo para actuar con sus convivientes en donde se destaca que no pueden estar m\u00e1s cerca de dos metros, que no compartan mate, ni utensilios de cocina, s\u00e1banas entre otras cosas. Si presentan sintomas se inicia el protocolo para caso sospechoso\u00bb agreg\u00f3 el Director del Hospital. <\/p>\n\n\n\n<p>\u00abLas personas que est\u00e1n en aislamiento en el distrito es un n\u00famero muy alto. Hay 25 extranjeros que est\u00e1n en un campo porque ven\u00edan a dar un ciclo de capacitaci\u00f3n y la estad\u00eda la cumpl\u00edan ah\u00ed. M\u00e1s las personas que volvieron de sus viajes y quedaron de manera preventiva en sus domicilios. En total, son 63 personas aisladas por 14 d\u00edas. Una vez que cumplen con ese plazo, pueden salir. Pero todavia deben quedar mercedinos que no hayan informado su viaje. Pedimos que lo informe. Hay una responsabilidad hacia el otro que pedimos que tengan. Que informen y que eviten estar en espacios masivos y sobre todo el contacto con adultos mayores, que es la poblaci\u00f3n con m\u00e1s riesgo\u00bb resalt\u00f3 el responsable del \u00e1rea de salud. <\/p>\n\n\n\n<figure class=\"wp-block-embed-facebook wp-block-embed is-type-video is-provider-facebook\"><div class=\"wp-block-embed__wrapper\">\n<div class=\"fb-video\" data-allowfullscreen=\"true\" data-href=\"https:\/\/www.facebook.com\/HoyMercedesNoticias\/videos\/202238477757169\/?app=fbl\" style=\"background-color: #fff; display: inline-block;\"><\/div>\n<\/div><\/figure>\n","protected":false},"excerpt":{"rendered":"<p>A trav\u00e9s de una conferencia de prensa, el Director del Hospital Blas L. Dubarry Dr. Pablo Cassiani, brind\u00f3 detalles de &#8230; <a title=\"Coronavirus: \u00abEstamos en una etapa de contingencia\u00bb dijo Cassiani desde el Hospital Dubarry\" class=\"read-more\" href=\"https:\/\/www.hoymercedes.com.ar\/principal\/2020\/03\/13\/coronavirus-estamos-en-una-etapa-de-contingencia-dijo-cassiani-desde-el-hospital-dubarry\/\" aria-label=\"Leer m\u00e1s sobre Coronavirus: \u00abEstamos en una etapa de contingencia\u00bb dijo Cassiani desde el Hospital Dubarry\">Leer m\u00e1s<\/a><\/p>\n","protected":false},"author":1,"featured_media":107509,"comment_status":"closed","ping_status":"open","sticky":false,"template":"","format":"standard","meta":{"_monsterinsights_skip_tracking":false,"_monsterinsights_sitenote_active":false,"_monsterinsights_sitenote_note":"","_monsterinsights_sitenote_category":0,"jetpack_post_was_ever_published":false,"_jetpack_newsletter_access":"","_jetpack_dont_email_post_to_subs":false,"_jetpack_newsletter_tier_id":0,"_jetpack_memberships_contains_paywalled_content":false,"_jetpack_memberships_contains_paid_content":false,"footnotes":"","jetpack_publicize_message":"","jetpack_publicize_feature_enabled":true,"jetpack_social_post_already_shared":true,"jetpack_social_options":{"image_generator_settings":{"template":"highway","default_image_id":0,"font":"","enabled":false},"version":2},"_wpas_customize_per_network":false},"categories":[9791],"tags":[16175,134],"class_list":["post-107508","post","type-post","status-publish","format-standard","has-post-thumbnail","hentry","category-salud","tag-coronavirus","tag-salud","generate-columns","tablet-grid-50","mobile-grid-100","grid-parent","grid-50"],"jetpack_publicize_connections":[],"jetpack_featured_media_url":"https:\/\/www.hoymercedes.com.ar\/principal\/wp-content\/uploads\/2020\/03\/13-Dubarry-coronavirus.jpg","wps_subtitle":"","jetpack_sharing_enabled":true,"_links":{"self":[{"href":"https:\/\/www.hoymercedes.com.ar\/principal\/wp-json\/wp\/v2\/posts\/107508","targetHints":{"allow":["GET"]}}],"collection":[{"href":"https:\/\/www.hoymercedes.com.ar\/principal\/wp-json\/wp\/v2\/posts"}],"about":[{"href":"https:\/\/www.hoymercedes.com.ar\/principal\/wp-json\/wp\/v2\/types\/post"}],"author":[{"embeddable":true,"href":"https:\/\/www.hoymercedes.com.ar\/principal\/wp-json\/wp\/v2\/users\/1"}],"replies":[{"embeddable":true,"href":"https:\/\/www.hoymercedes.com.ar\/principal\/wp-json\/wp\/v2\/comments?post=107508"}],"version-history":[{"count":0,"href":"https:\/\/www.hoymercedes.com.ar\/principal\/wp-json\/wp\/v2\/posts\/107508\/revisions"}],"wp:featuredmedia":[{"embeddable":true,"href":"https:\/\/www.hoymercedes.com.ar\/principal\/wp-json\/wp\/v2\/media\/107509"}],"wp:attachment":[{"href":"https:\/\/www.hoymercedes.com.ar\/principal\/wp-json\/wp\/v2\/media?parent=107508"}],"wp:term":[{"taxonomy":"category","embeddable":true,"href":"https:\/\/www.hoymercedes.com.ar\/principal\/wp-json\/wp\/v2\/categories?post=107508"},{"taxonomy":"post_tag","embeddable":true,"href":"https:\/\/www.hoymercedes.com.ar\/principal\/wp-json\/wp\/v2\/tags?post=107508"}],"curies":[{"name":"wp","href":"https:\/\/api.w.org\/{rel}","templated":true}]}}