{"id":107512,"date":"2020-03-13T11:59:07","date_gmt":"2020-03-13T14:59:07","guid":{"rendered":"http:\/\/www.hoymercedes.com.ar\/principal\/?p=107512"},"modified":"2020-03-13T12:05:10","modified_gmt":"2020-03-13T15:05:10","slug":"coronavirus-comite-de-crisis-y-suspension-de-actividades-publicas-en-mercedes","status":"publish","type":"post","link":"https:\/\/www.hoymercedes.com.ar\/principal\/2020\/03\/13\/coronavirus-comite-de-crisis-y-suspension-de-actividades-publicas-en-mercedes\/","title":{"rendered":"Coronavirus: Comit\u00e9 de Crisis y suspensi\u00f3n de actividades p\u00fablicas en Mercedes"},"content":{"rendered":"\n<p>Haci\u00e9ndose eco del decreto provincial, el Intendente Municipal Juan Ignacio Ustarroz estableci\u00f3 las suspensi\u00f3n de todas las actividades organizadas por el municipio de car\u00e1cter deportivo, cultural y actos p\u00fablicos oficiales. La suspensi\u00f3n es de treinta d\u00edas. <\/p>\n\n\n\n<figure class=\"wp-block-image size-large\"><img loading=\"lazy\" decoding=\"async\" width=\"800\" height=\"612\" data-attachment-id=\"107515\" data-permalink=\"https:\/\/www.hoymercedes.com.ar\/principal\/2020\/03\/13\/coronavirus-comite-de-crisis-y-suspension-de-actividades-publicas-en-mercedes\/12-muni-coronavirus\/#main\" data-orig-file=\"https:\/\/www.hoymercedes.com.ar\/principal\/wp-content\/uploads\/2020\/03\/12-muni-coronavirus.jpg\" data-orig-size=\"800,612\" data-comments-opened=\"0\" data-image-meta=\"{&quot;aperture&quot;:&quot;0&quot;,&quot;credit&quot;:&quot;&quot;,&quot;camera&quot;:&quot;&quot;,&quot;caption&quot;:&quot;&quot;,&quot;created_timestamp&quot;:&quot;0&quot;,&quot;copyright&quot;:&quot;&quot;,&quot;focal_length&quot;:&quot;0&quot;,&quot;iso&quot;:&quot;0&quot;,&quot;shutter_speed&quot;:&quot;0&quot;,&quot;title&quot;:&quot;&quot;,&quot;orientation&quot;:&quot;0&quot;}\" data-image-title=\"12 muni coronavirus\" data-image-description=\"\" data-image-caption=\"\" data-large-file=\"https:\/\/www.hoymercedes.com.ar\/principal\/wp-content\/uploads\/2020\/03\/12-muni-coronavirus.jpg\" src=\"https:\/\/www.hoymercedes.com.ar\/principal\/wp-content\/uploads\/2020\/03\/12-muni-coronavirus.jpg\" alt=\"\" class=\"wp-image-107515\"\/><\/figure>\n\n\n\n<p>Asimismo, el Intendente Municipal comunic\u00f3 que en la ma\u00f1ana de este viernes se conform\u00f3 el Comit\u00e9 de Crisis de la ciudad con distintos actores de la comunidad. Incluyendo funcionarios de la comuna, concejales, autoridades de organismos como PAMI y ANSES. <\/p>\n\n\n\n<p>\u00abEste es un acompa\u00f1amiento de la situaci\u00f3n, una situaci\u00f3n seria que requiere el mayor de los compromisos y responsabilidad de todos los actores. Hoy nos reunimos con autoridades de todos los organismos. Es una mesa de trabajo que puede ampliarse. Conformamos el comit\u00e9 de crisis\u00bb, explic\u00f3 Ustarroz. <\/p>\n\n\n\n<p>\u00abDecidimos que sea el Hospital el que transmita toda la informaci\u00f3n. Sobre la base de las actuaciones a tomar. La voz autorizada es el criterio m\u00e9dico. No obstante, suspendimos por 30 d\u00edas todos los eventos\u00bb agreg\u00f3. <\/p>\n\n\n\n<p>De esta forma, quedan suspendidas, entre otras actividades, la Fiesta de la Torta Frita, los actos por el D\u00eda de la Memoria y por el D\u00eda del Veterano de Guerra de Malvinas, entre otras actividades previstas durante marzo y abril.<\/p>\n\n\n\n<p>Asimismo, el Jefe Comunal agreg\u00f3 que est\u00e1n actuando desde los distintos sectores con el fin de dar mayor informaci\u00f3n a los sectores de riesgos. Siendo as\u00ed la Direcci\u00f3n de Adultos Mayores la que recorre los lugares donde est\u00e1n alojados los adultos mayores para que tengan herramientas para prevenir y evitar que sus familias que hayan vuelto de viaje los visiten, pero que no pierdan sus contactos. Para eso se le otorgan herramientas de comunicaci\u00f3n. Adem\u00e1s, reiter\u00f3 el pedido a la poblaci\u00f3n de riesgo que evite la participaci\u00f3n en eventos masivos. <\/p>\n\n\n\n<p>Ante las preguntas, asegur\u00f3 que la suspensi\u00f3n de clases depender\u00e1 de la decisi\u00f3n de la Direcci\u00f3n General de Escuelas Bonaerenses tras la reuni\u00f3n con los ministerios educativos de todo el pa\u00eds. En tanto, sobre la entega de la Tarjeta AlimentAR destac\u00f3 que se trabajar\u00eda en un circuito de entrega citando a los beneficiarios para evitar la concentraci\u00f3n de gente. <\/p>\n\n\n\n<p>Resalt\u00f3 que la situaci\u00f3n puede cambiar minuto a minuto. Por lo tanto, destac\u00f3 que se dar\u00e1 informaci\u00f3n de manera oficial a trav\u00e9s de los medios de comunicaci\u00f3n oficiales y reconocidos de la ciudad.<\/p>\n\n\n\n<figure class=\"wp-block-image size-large\"><img loading=\"lazy\" decoding=\"async\" width=\"800\" height=\"600\" data-attachment-id=\"107514\" data-permalink=\"https:\/\/www.hoymercedes.com.ar\/principal\/2020\/03\/13\/coronavirus-comite-de-crisis-y-suspension-de-actividades-publicas-en-mercedes\/13-comite-de-crisis\/#main\" data-orig-file=\"https:\/\/www.hoymercedes.com.ar\/principal\/wp-content\/uploads\/2020\/03\/13-comite-de-crisis.jpg\" data-orig-size=\"800,600\" data-comments-opened=\"0\" data-image-meta=\"{&quot;aperture&quot;:&quot;0&quot;,&quot;credit&quot;:&quot;&quot;,&quot;camera&quot;:&quot;&quot;,&quot;caption&quot;:&quot;&quot;,&quot;created_timestamp&quot;:&quot;0&quot;,&quot;copyright&quot;:&quot;&quot;,&quot;focal_length&quot;:&quot;0&quot;,&quot;iso&quot;:&quot;0&quot;,&quot;shutter_speed&quot;:&quot;0&quot;,&quot;title&quot;:&quot;&quot;,&quot;orientation&quot;:&quot;0&quot;}\" data-image-title=\"13 comite de crisis\" data-image-description=\"\" data-image-caption=\"\" data-large-file=\"https:\/\/www.hoymercedes.com.ar\/principal\/wp-content\/uploads\/2020\/03\/13-comite-de-crisis.jpg\" src=\"https:\/\/www.hoymercedes.com.ar\/principal\/wp-content\/uploads\/2020\/03\/13-comite-de-crisis.jpg\" alt=\"\" class=\"wp-image-107514\"\/><\/figure>\n","protected":false},"excerpt":{"rendered":"<p>Haci\u00e9ndose eco del decreto provincial, el Intendente Municipal Juan Ignacio Ustarroz estableci\u00f3 las suspensi\u00f3n de todas las actividades organizadas por &#8230; <a title=\"Coronavirus: Comit\u00e9 de Crisis y suspensi\u00f3n de actividades p\u00fablicas en Mercedes\" class=\"read-more\" href=\"https:\/\/www.hoymercedes.com.ar\/principal\/2020\/03\/13\/coronavirus-comite-de-crisis-y-suspension-de-actividades-publicas-en-mercedes\/\" aria-label=\"Leer m\u00e1s sobre Coronavirus: Comit\u00e9 de Crisis y suspensi\u00f3n de actividades p\u00fablicas en Mercedes\">Leer m\u00e1s<\/a><\/p>\n","protected":false},"author":1,"featured_media":107514,"comment_status":"closed","ping_status":"open","sticky":false,"template":"","format":"standard","meta":{"_monsterinsights_skip_tracking":false,"_monsterinsights_sitenote_active":false,"_monsterinsights_sitenote_note":"","_monsterinsights_sitenote_category":0,"jetpack_post_was_ever_published":false,"_jetpack_newsletter_access":"","_jetpack_dont_email_post_to_subs":false,"_jetpack_newsletter_tier_id":0,"_jetpack_memberships_contains_paywalled_content":false,"_jetpack_memberships_contains_paid_content":false,"footnotes":"","jetpack_publicize_message":"","jetpack_publicize_feature_enabled":true,"jetpack_social_post_already_shared":true,"jetpack_social_options":{"image_generator_settings":{"template":"highway","default_image_id":0,"font":"","enabled":false},"version":2},"_wpas_customize_per_network":false},"categories":[8],"tags":[16175,134],"class_list":["post-107512","post","type-post","status-publish","format-standard","has-post-thumbnail","hentry","category-sociedad","tag-coronavirus","tag-salud","generate-columns","tablet-grid-50","mobile-grid-100","grid-parent","grid-50"],"jetpack_publicize_connections":[],"jetpack_featured_media_url":"https:\/\/www.hoymercedes.com.ar\/principal\/wp-content\/uploads\/2020\/03\/13-comite-de-crisis.jpg","wps_subtitle":"Salud municipal","jetpack_sharing_enabled":true,"_links":{"self":[{"href":"https:\/\/www.hoymercedes.com.ar\/principal\/wp-json\/wp\/v2\/posts\/107512","targetHints":{"allow":["GET"]}}],"collection":[{"href":"https:\/\/www.hoymercedes.com.ar\/principal\/wp-json\/wp\/v2\/posts"}],"about":[{"href":"https:\/\/www.hoymercedes.com.ar\/principal\/wp-json\/wp\/v2\/types\/post"}],"author":[{"embeddable":true,"href":"https:\/\/www.hoymercedes.com.ar\/principal\/wp-json\/wp\/v2\/users\/1"}],"replies":[{"embeddable":true,"href":"https:\/\/www.hoymercedes.com.ar\/principal\/wp-json\/wp\/v2\/comments?post=107512"}],"version-history":[{"count":0,"href":"https:\/\/www.hoymercedes.com.ar\/principal\/wp-json\/wp\/v2\/posts\/107512\/revisions"}],"wp:featuredmedia":[{"embeddable":true,"href":"https:\/\/www.hoymercedes.com.ar\/principal\/wp-json\/wp\/v2\/media\/107514"}],"wp:attachment":[{"href":"https:\/\/www.hoymercedes.com.ar\/principal\/wp-json\/wp\/v2\/media?parent=107512"}],"wp:term":[{"taxonomy":"category","embeddable":true,"href":"https:\/\/www.hoymercedes.com.ar\/principal\/wp-json\/wp\/v2\/categories?post=107512"},{"taxonomy":"post_tag","embeddable":true,"href":"https:\/\/www.hoymercedes.com.ar\/principal\/wp-json\/wp\/v2\/tags?post=107512"}],"curies":[{"name":"wp","href":"https:\/\/api.w.org\/{rel}","templated":true}]}}