{"id":107538,"date":"2020-03-13T14:15:08","date_gmt":"2020-03-13T17:15:08","guid":{"rendered":"http:\/\/www.hoymercedes.com.ar\/principal\/?p=107538"},"modified":"2020-03-13T16:41:01","modified_gmt":"2020-03-13T19:41:01","slug":"unicef-victoria-tolosa-paz-y-sennaf-opinan-sobre-programa-mil-dias","status":"publish","type":"post","link":"https:\/\/www.hoymercedes.com.ar\/principal\/2020\/03\/13\/unicef-victoria-tolosa-paz-y-sennaf-opinan-sobre-programa-mil-dias\/","title":{"rendered":"Unicef, Victoria Tolosa Paz y Sennaf opinan sobre Programa Mil D\u00edas"},"content":{"rendered":"\n<figure class=\"wp-block-image size-large\"><img loading=\"lazy\" decoding=\"async\" width=\"948\" height=\"632\" data-attachment-id=\"107539\" data-permalink=\"https:\/\/www.hoymercedes.com.ar\/principal\/2020\/03\/13\/unicef-victoria-tolosa-paz-y-sennaf-opinan-sobre-programa-mil-dias\/dsc02806\/#main\" data-orig-file=\"https:\/\/www.hoymercedes.com.ar\/principal\/wp-content\/uploads\/2020\/03\/DSC02806.jpg\" data-orig-size=\"948,632\" data-comments-opened=\"0\" data-image-meta=\"{&quot;aperture&quot;:&quot;0&quot;,&quot;credit&quot;:&quot;&quot;,&quot;camera&quot;:&quot;&quot;,&quot;caption&quot;:&quot;&quot;,&quot;created_timestamp&quot;:&quot;0&quot;,&quot;copyright&quot;:&quot;&quot;,&quot;focal_length&quot;:&quot;0&quot;,&quot;iso&quot;:&quot;0&quot;,&quot;shutter_speed&quot;:&quot;0&quot;,&quot;title&quot;:&quot;&quot;,&quot;orientation&quot;:&quot;0&quot;}\" data-image-title=\"DSC02806\" data-image-description=\"\" data-image-caption=\"\" data-large-file=\"https:\/\/www.hoymercedes.com.ar\/principal\/wp-content\/uploads\/2020\/03\/DSC02806.jpg\" src=\"https:\/\/www.hoymercedes.com.ar\/principal\/wp-content\/uploads\/2020\/03\/DSC02806.jpg\" alt=\"\" class=\"wp-image-107539\"\/><\/figure>\n\n\n\n<p><\/p>\n\n\n\n<p>Victoria Tolosa Paz, Gabriel Lerner del Sennaf, Sebasti\u00e1n Waisgrais y Carolina Alucino de Unicef e Iv\u00e1n Villagr\u00e1n, intendente de Carm\u00e9n de Areco, emitieron su opini\u00f3n tras recorrer y visitar instalaciones y acciones del programa Primeros Mil D\u00edas<\/p>\n\n\n\n<p><strong>Ni\u00f1ez<\/strong><strong><\/strong><\/p>\n\n\n\n<p>El titular de la Secretar\u00eda Nacional de la Ni\u00f1ez, Adolescencia y\nFamilia (SENAF) Gabriel Lerner manifest\u00f3 que \u201cestamos contentos con esta\ninvitaci\u00f3n del intendente Ustarroz, donde nos est\u00e1 mostrando el trabajo\narticulado de las diferentes \u00e1reas que trabajan en la perspectiva de hacer\nrealidad el inter\u00e9s superior del ni\u00f1o en las pol\u00edticas p\u00fablicas\u201d y agreg\u00f3 \u201cuna\nidea muy potente que a\u00fana el trabajo con los ni\u00f1os, la familia y la comunidad\ncon este entramado del Estado Nacional, Provincial, Municipal, \u00e1reas de salud,\neducaci\u00f3n y organizaciones, es decir, la construcci\u00f3n de pol\u00edticas con impacto\ncomunitario y arraigadas en la poblaci\u00f3n\u201d.<\/p>\n\n\n\n<p>\u201cNosotros venimos a recoger lo mejor que se viene haciendo para potenciarlo\u201d defini\u00f3 Gabriel Lerner.<\/p>\n\n\n\n<figure class=\"wp-block-embed-youtube wp-block-embed is-type-video is-provider-youtube wp-embed-aspect-16-9 wp-has-aspect-ratio\"><div class=\"wp-block-embed__wrapper\">\n<span class=\"embed-youtube\" style=\"text-align:center; display: block;\"><iframe loading=\"lazy\" class=\"youtube-player\" width=\"1200\" height=\"675\" src=\"https:\/\/www.youtube.com\/embed\/LdxNH97oX5Y?version=3&#038;rel=1&#038;showsearch=0&#038;showinfo=1&#038;iv_load_policy=1&#038;fs=1&#038;hl=es-ES&#038;autohide=2&#038;wmode=transparent\" allowfullscreen=\"true\" style=\"border:0;\" sandbox=\"allow-scripts allow-same-origin allow-popups allow-presentation allow-popups-to-escape-sandbox\"><\/iframe><\/span>\n<\/div><\/figure>\n\n\n\n<p><strong>UNICEF<\/strong><strong><\/strong><\/p>\n\n\n\n<p>Los representantes de UNICEF Argentina que recorrieron nuestra\nciudad y estuvieron observando detalladamente los diferentes mecanismos y\nacciones que comprenden el programa Primeros Mil D\u00edas impulsado por el\nmunicipio fueron Sebasti\u00e1n Waisgrais y Carolina Alucino qui\u00e9n dijo \u201cquiero\nagradecer al intendente Ustarroz por habernos invitado a conocer, nos hab\u00edan\nhablado mucho del programa y es un placer haberlo podido conocer de primera\nmano\u201d y subray\u00f3 \u201cquiero que sepan que UNICEF est\u00e1 a disposici\u00f3n para seguir\ntrabajando para que todos los chicos y chicas puedan tener una infancia plena y\nque puedan ejercer todos sus derechos\u201d.<\/p>\n\n\n\n<p>\u201cMuchas gracias por la invitaci\u00f3n y por abrirnos las puertas de su ciudad\u201d enfatiz\u00f3.\u00a0\u00a0\u00a0<\/p>\n\n\n\n<figure class=\"wp-block-embed-youtube wp-block-embed is-type-video is-provider-youtube wp-embed-aspect-16-9 wp-has-aspect-ratio\"><div class=\"wp-block-embed__wrapper\">\n<span class=\"embed-youtube\" style=\"text-align:center; display: block;\"><iframe loading=\"lazy\" class=\"youtube-player\" width=\"1200\" height=\"675\" src=\"https:\/\/www.youtube.com\/embed\/UOC5BkXATng?version=3&#038;rel=1&#038;showsearch=0&#038;showinfo=1&#038;iv_load_policy=1&#038;fs=1&#038;hl=es-ES&#038;autohide=2&#038;wmode=transparent\" allowfullscreen=\"true\" style=\"border:0;\" sandbox=\"allow-scripts allow-same-origin allow-popups allow-presentation allow-popups-to-escape-sandbox\"><\/iframe><\/span>\n<\/div><\/figure>\n\n\n\n<p><strong>Naci\u00f3n<\/strong><strong><\/strong><\/p>\n\n\n\n<p>Por su parte, Victoria Tolosa Paz, qui\u00e9n encabeza el Consejo\nFederal de Pol\u00edticas Sociales, expres\u00f3 estar \u201cFelices de poder recorrer todo lo\nque hace Mercedes a trav\u00e9s de este programa Primeros Mil D\u00edas en el cuidado de\nlas mam\u00e1s y los ni\u00f1os en los primeros 2 a\u00f1os de vida\u201d y destac\u00f3 \u201ccreo que es\nmuy acertada la decisi\u00f3n del intendente Ustarroz de entender que este programa\npuede articular con el resto de los programas del municipio, lo cual nos parece\nincre\u00edble, poder ver como \u00e9l une a todo el entramado social que se compromete y\ntoma como suyo esta importante iniciativa\u201d.<\/p>\n\n\n\n<p>\u201cEs un ejemplo que el intendente Ustarroz se haya puesto al hombro este programa que ni siquiera estaba en la Agenda de lo nacional \u2013no \u00e9ramos gobierno- y lo hac\u00eda con una fuerte impronta local, pero cuando Alberto Fern\u00e1ndez tom\u00f3 contacto con este programa, vino a Mercedes y reconoci\u00f3 esta enorme capacidad de articulaci\u00f3n dijo tenemos que hacer la Ley de Los Primeros Mil D\u00edas\u201d subray\u00f3 Victoria Tolosa Paz.\u00a0\u00a0\u00a0\u00a0\u00a0\u00a0\u00a0\u00a0<\/p>\n\n\n\n<figure class=\"wp-block-embed-youtube wp-block-embed is-type-video is-provider-youtube wp-embed-aspect-16-9 wp-has-aspect-ratio\"><div class=\"wp-block-embed__wrapper\">\n<span class=\"embed-youtube\" style=\"text-align:center; display: block;\"><iframe loading=\"lazy\" class=\"youtube-player\" width=\"1200\" height=\"675\" src=\"https:\/\/www.youtube.com\/embed\/duPmG_ziEwQ?version=3&#038;rel=1&#038;showsearch=0&#038;showinfo=1&#038;iv_load_policy=1&#038;fs=1&#038;hl=es-ES&#038;autohide=2&#038;wmode=transparent\" allowfullscreen=\"true\" style=\"border:0;\" sandbox=\"allow-scripts allow-same-origin allow-popups allow-presentation allow-popups-to-escape-sandbox\"><\/iframe><\/span>\n<\/div><\/figure>\n\n\n\n<p><strong>Salud<\/strong><strong><\/strong><\/p>\n\n\n\n<p>El director del Hospital Blas L. Dubarry y secretario de Salud\nMunicipal, Dr. Pablo Cassiani, afirm\u00f3 que&nbsp;&nbsp;\u201cac\u00e1 estamos recorriendo\njunto a Unicef y a otras autoridades este maravilloso programa que el\npresidente Alberto Fern\u00e1ndez lo ha tomado como propio para llevarlo a todos los\nrincones del pa\u00eds\u201d y recalc\u00f3 \u201ces un enorme orgullo desarrollar este programa\njunto a los trabajadores y trabajadoras que se ponen la camiseta de la salud\np\u00fablica y de la primera infancia\u201d.<\/p>\n\n\n\n<p>\u201cHemos obtenido grandes resultados, pero queremos elevar la vara,\npor lo que este apoyo nos viene muy bien para poder seguir d\u00e1ndoles respuestas\nde calidad a todos los vecinos\u201d puntualiz\u00f3 Cassiani.&nbsp;&nbsp;<\/p>\n\n\n\n<p><strong>Visita<\/strong><strong><\/strong><\/p>\n\n\n\n<p>Iv\u00e1n Villagran, intendente de Carmen de Areco, quien tambi\u00e9n fue parte de la recorrida manifest\u00f3 \u201cmuy contento de ser parte de esta recorrida que encabeza el Dr. Ustarroz, la verdad que la gesti\u00f3n que viene llevando adelante es excelente y que se ve a las claras con todo lo que ha llevado adelante a trav\u00e9s del programa Primeros Mil D\u00edas que tiene como objetivo el cuidado de la primera infancia\u201d y a\u00f1adi\u00f3 \u201ctengo la suerte de estar cerca de Mercedes lo que me permiti\u00f3 poder seguir los avances de este programa y me pone muy feliz que el presidente Alberto Fern\u00e1ndez haya tomado como modelo este programa y lo nacionalizara\u201d.<\/p>\n\n\n\n<figure class=\"wp-block-embed-youtube wp-block-embed is-type-video is-provider-youtube wp-embed-aspect-16-9 wp-has-aspect-ratio\"><div class=\"wp-block-embed__wrapper\">\n<span class=\"embed-youtube\" style=\"text-align:center; display: block;\"><iframe loading=\"lazy\" class=\"youtube-player\" width=\"1200\" height=\"675\" src=\"https:\/\/www.youtube.com\/embed\/ge4YkyjaZ3s?version=3&#038;rel=1&#038;showsearch=0&#038;showinfo=1&#038;iv_load_policy=1&#038;fs=1&#038;hl=es-ES&#038;autohide=2&#038;wmode=transparent\" allowfullscreen=\"true\" style=\"border:0;\" sandbox=\"allow-scripts allow-same-origin allow-popups allow-presentation allow-popups-to-escape-sandbox\"><\/iframe><\/span>\n<\/div><\/figure>\n","protected":false},"excerpt":{"rendered":"<p>Victoria Tolosa Paz, Gabriel Lerner del Sennaf, Sebasti\u00e1n Waisgrais y Carolina Alucino de Unicef e Iv\u00e1n Villagr\u00e1n, intendente de Carm\u00e9n &#8230; <a title=\"Unicef, Victoria Tolosa Paz y Sennaf opinan sobre Programa Mil D\u00edas\" class=\"read-more\" href=\"https:\/\/www.hoymercedes.com.ar\/principal\/2020\/03\/13\/unicef-victoria-tolosa-paz-y-sennaf-opinan-sobre-programa-mil-dias\/\" aria-label=\"Leer m\u00e1s sobre Unicef, Victoria Tolosa Paz y Sennaf opinan sobre Programa Mil D\u00edas\">Leer m\u00e1s<\/a><\/p>\n","protected":false},"author":1,"featured_media":107542,"comment_status":"closed","ping_status":"open","sticky":false,"template":"","format":"standard","meta":{"_monsterinsights_skip_tracking":false,"_monsterinsights_sitenote_active":false,"_monsterinsights_sitenote_note":"","_monsterinsights_sitenote_category":0,"jetpack_post_was_ever_published":false,"_jetpack_newsletter_access":"","_jetpack_dont_email_post_to_subs":false,"_jetpack_newsletter_tier_id":0,"_jetpack_memberships_contains_paywalled_content":false,"_jetpack_memberships_contains_paid_content":false,"footnotes":"","jetpack_publicize_message":"","jetpack_publicize_feature_enabled":true,"jetpack_social_post_already_shared":true,"jetpack_social_options":{"image_generator_settings":{"template":"highway","default_image_id":0,"font":"","enabled":false},"version":2},"_wpas_customize_per_network":false},"categories":[30],"tags":[870,244,11368,134,16300,10729],"class_list":["post-107538","post","type-post","status-publish","format-standard","has-post-thumbnail","hentry","category-municipio","tag-desarrollo-social","tag-municipio-2","tag-programa-mil-dias","tag-salud","tag-sennaf","tag-unicef","generate-columns","tablet-grid-50","mobile-grid-100","grid-parent","grid-50"],"jetpack_publicize_connections":[],"jetpack_featured_media_url":"https:\/\/www.hoymercedes.com.ar\/principal\/wp-content\/uploads\/2020\/03\/DSC02885.jpg","wps_subtitle":"Programa socio educativo","jetpack_sharing_enabled":true,"_links":{"self":[{"href":"https:\/\/www.hoymercedes.com.ar\/principal\/wp-json\/wp\/v2\/posts\/107538","targetHints":{"allow":["GET"]}}],"collection":[{"href":"https:\/\/www.hoymercedes.com.ar\/principal\/wp-json\/wp\/v2\/posts"}],"about":[{"href":"https:\/\/www.hoymercedes.com.ar\/principal\/wp-json\/wp\/v2\/types\/post"}],"author":[{"embeddable":true,"href":"https:\/\/www.hoymercedes.com.ar\/principal\/wp-json\/wp\/v2\/users\/1"}],"replies":[{"embeddable":true,"href":"https:\/\/www.hoymercedes.com.ar\/principal\/wp-json\/wp\/v2\/comments?post=107538"}],"version-history":[{"count":0,"href":"https:\/\/www.hoymercedes.com.ar\/principal\/wp-json\/wp\/v2\/posts\/107538\/revisions"}],"wp:featuredmedia":[{"embeddable":true,"href":"https:\/\/www.hoymercedes.com.ar\/principal\/wp-json\/wp\/v2\/media\/107542"}],"wp:attachment":[{"href":"https:\/\/www.hoymercedes.com.ar\/principal\/wp-json\/wp\/v2\/media?parent=107538"}],"wp:term":[{"taxonomy":"category","embeddable":true,"href":"https:\/\/www.hoymercedes.com.ar\/principal\/wp-json\/wp\/v2\/categories?post=107538"},{"taxonomy":"post_tag","embeddable":true,"href":"https:\/\/www.hoymercedes.com.ar\/principal\/wp-json\/wp\/v2\/tags?post=107538"}],"curies":[{"name":"wp","href":"https:\/\/api.w.org\/{rel}","templated":true}]}}