{"id":10757,"date":"2012-02-07T10:40:08","date_gmt":"2012-02-07T10:40:08","guid":{"rendered":"http:\/\/www.hoymercedes.com.ar\/principal\/?p=10757"},"modified":"2012-02-07T12:10:35","modified_gmt":"2012-02-07T12:10:35","slug":"selva-se-reunio-con-vecinos-del-barrio-america","status":"publish","type":"post","link":"https:\/\/www.hoymercedes.com.ar\/principal\/2012\/02\/07\/selva-se-reunio-con-vecinos-del-barrio-america\/","title":{"rendered":"Selva se reuni\u00f3 con vecinos del barrio Am\u00e9rica"},"content":{"rendered":"<p><a href=\"https:\/\/www.hoymercedes.com.ar\/principal\/wp-content\/uploads\/2012\/02\/Selva-barrioAm\u00e9rica.jpg\"><img loading=\"lazy\" decoding=\"async\" data-attachment-id=\"10759\" data-permalink=\"https:\/\/www.hoymercedes.com.ar\/principal\/2012\/02\/07\/selva-se-reunio-con-vecinos-del-barrio-america\/selva-barrioamerica\/#main\" data-orig-file=\"https:\/\/www.hoymercedes.com.ar\/principal\/wp-content\/uploads\/2012\/02\/Selva-barrioAm\u00e9rica.jpg\" data-orig-size=\"612,405\" data-comments-opened=\"1\" data-image-meta=\"{&quot;aperture&quot;:&quot;3.3&quot;,&quot;credit&quot;:&quot;&quot;,&quot;camera&quot;:&quot;NIKON D50&quot;,&quot;caption&quot;:&quot;&quot;,&quot;created_timestamp&quot;:&quot;1328557577&quot;,&quot;copyright&quot;:&quot;&quot;,&quot;focal_length&quot;:&quot;28&quot;,&quot;iso&quot;:&quot;0&quot;,&quot;shutter_speed&quot;:&quot;0.016666666666667&quot;,&quot;title&quot;:&quot;&quot;}\" data-image-title=\"Selva-barrioAm\u00e9rica\" data-image-description=\"\" data-image-caption=\"\" data-large-file=\"https:\/\/www.hoymercedes.com.ar\/principal\/wp-content\/uploads\/2012\/02\/Selva-barrioAm\u00e9rica.jpg\" class=\"aligncenter size-full wp-image-10759\" title=\"Selva-barrioAm\u00e9rica\" src=\"https:\/\/www.hoymercedes.com.ar\/principal\/wp-content\/uploads\/2012\/02\/Selva-barrioAm\u00e9rica.jpg\" alt=\"\" width=\"612\" height=\"405\" \/><\/a><\/p>\n<p>Selva continua visitando los diferentes barrios de la ciudad, en esta oportunidad el primer mandatario estuvo con la gente del Barrio America<\/p>\n<p>Entre otros termas se hablo sobre la posible construcci\u00f3n de un Sal\u00f3n de Usos M\u00faltiples (SUM) para el barrio, y el tema que mas preocupa a los vecinos es el de las calles, sobre todo cuando llueve, por los grandes charcos que se forman que imposibilitan el paso seguro.<\/p>\n<p>El Barrio tiene en marcha el proyecto de las cloacas, lo que permitir\u00eda una mejor calidad de vida, al finalizar con la obra comenzar\u00e1n \u2013 asegur\u00f3 el intendente- con el arreglo de las calles para evitar que se vuelva intransitable cada vez que llueve.<\/p>\n<p>Carlos Selva est\u00e1 recorriendo y hablando con los vecinos de diferentes barrios e la ciudad para escuchar los problemas e inquietudes que tienen. \u201cLa Municipalidad debe trabajar en conjunto con el vecino para lograr que todo se haga lo mejor posible\u201d manifest\u00f3 el intendente<\/p>\n","protected":false},"excerpt":{"rendered":"<p>Selva continua visitando los diferentes barrios de la ciudad, en esta oportunidad el primer mandatario estuvo con la gente del &#8230; <a title=\"Selva se reuni\u00f3 con vecinos del barrio Am\u00e9rica\" class=\"read-more\" href=\"https:\/\/www.hoymercedes.com.ar\/principal\/2012\/02\/07\/selva-se-reunio-con-vecinos-del-barrio-america\/\" aria-label=\"Leer m\u00e1s sobre Selva se reuni\u00f3 con vecinos del barrio Am\u00e9rica\">Leer m\u00e1s<\/a><\/p>\n","protected":false},"author":1,"featured_media":0,"comment_status":"open","ping_status":"open","sticky":false,"template":"","format":"standard","meta":{"_monsterinsights_skip_tracking":false,"_monsterinsights_sitenote_active":false,"_monsterinsights_sitenote_note":"","_monsterinsights_sitenote_category":0,"jetpack_post_was_ever_published":false,"_jetpack_newsletter_access":"","_jetpack_dont_email_post_to_subs":false,"_jetpack_newsletter_tier_id":0,"_jetpack_memberships_contains_paywalled_content":false,"_jetpack_memberships_contains_paid_content":false,"footnotes":"","jetpack_publicize_message":"","jetpack_publicize_feature_enabled":true,"jetpack_social_post_already_shared":false,"jetpack_social_options":{"image_generator_settings":{"template":"highway","default_image_id":0,"font":"","enabled":false},"version":2},"_wpas_customize_per_network":false},"categories":[5],"tags":[1796],"class_list":["post-10757","post","type-post","status-publish","format-standard","hentry","category-politica","tag-barrio-america","generate-columns","tablet-grid-50","mobile-grid-100","grid-parent","grid-50"],"jetpack_publicize_connections":[],"jetpack_featured_media_url":"","wps_subtitle":"","jetpack_sharing_enabled":true,"_links":{"self":[{"href":"https:\/\/www.hoymercedes.com.ar\/principal\/wp-json\/wp\/v2\/posts\/10757","targetHints":{"allow":["GET"]}}],"collection":[{"href":"https:\/\/www.hoymercedes.com.ar\/principal\/wp-json\/wp\/v2\/posts"}],"about":[{"href":"https:\/\/www.hoymercedes.com.ar\/principal\/wp-json\/wp\/v2\/types\/post"}],"author":[{"embeddable":true,"href":"https:\/\/www.hoymercedes.com.ar\/principal\/wp-json\/wp\/v2\/users\/1"}],"replies":[{"embeddable":true,"href":"https:\/\/www.hoymercedes.com.ar\/principal\/wp-json\/wp\/v2\/comments?post=10757"}],"version-history":[{"count":0,"href":"https:\/\/www.hoymercedes.com.ar\/principal\/wp-json\/wp\/v2\/posts\/10757\/revisions"}],"wp:attachment":[{"href":"https:\/\/www.hoymercedes.com.ar\/principal\/wp-json\/wp\/v2\/media?parent=10757"}],"wp:term":[{"taxonomy":"category","embeddable":true,"href":"https:\/\/www.hoymercedes.com.ar\/principal\/wp-json\/wp\/v2\/categories?post=10757"},{"taxonomy":"post_tag","embeddable":true,"href":"https:\/\/www.hoymercedes.com.ar\/principal\/wp-json\/wp\/v2\/tags?post=10757"}],"curies":[{"name":"wp","href":"https:\/\/api.w.org\/{rel}","templated":true}]}}