{"id":107580,"date":"2020-03-14T07:38:00","date_gmt":"2020-03-14T10:38:00","guid":{"rendered":"http:\/\/www.hoymercedes.com.ar\/principal\/?p=107580"},"modified":"2020-03-14T15:50:24","modified_gmt":"2020-03-14T18:50:24","slug":"talleres-culturales-inscribiran-a-traves-de-whatsapp","status":"publish","type":"post","link":"https:\/\/www.hoymercedes.com.ar\/principal\/2020\/03\/14\/talleres-culturales-inscribiran-a-traves-de-whatsapp\/","title":{"rendered":"Talleres Culturales: inscribir\u00e1n a trav\u00e9s de whatsapp"},"content":{"rendered":"\n<p>Tal como anunci\u00e1bamos d\u00edas atr\u00e1s, este lunes comienza la inscripci\u00f3n para los <a href=\"https:\/\/www.hoymercedes.com.ar\/principal\/2020\/03\/12\/arranca-la-inscripcion-a-los-talleres-culturales-municipales-ciclo-2020\/\" target=\"_blank\" rel=\"noreferrer noopener\" aria-label=\"Talleres Culturales 2020 (se abre en una nueva pesta\u00f1a)\">Talleres Culturales 2020<\/a>. Sin embargo, la forma de inscribir se ver\u00e1 modificada. La Direcci\u00f3n de Cultura anunci\u00f3 que ser\u00e1 a trav\u00e9s del servicio de mensajer\u00eda m\u00f3vil Whats App. De esta forma, se busca evitar la concentraci\u00f3n de vecinos y vecinas cumpliendo con el decreto municipal que determina actividades preventivas para evitar el coronavirus. <\/p>\n\n\n\n<p>La Directora de Cultura, Luc\u00eda Capaccio, remarc\u00f3 que \u201ces una medida extraordinaria, pero que brinda una soluci\u00f3n concreta de la mano de las medidas de seguridad y prevenci\u00f3n sanitarias emitidas por el Estado nacional, provincial y acorde a las acciones locales\u201d. <\/p>\n\n\n\n<p>\u00abEl problema como sabemos no es el taller, que de un marco de p\u00fablico reducido, sino la concentraci\u00f3n de cientos de personas que se da en la inscripci\u00f3n. Por eso esta forma ser\u00e1 eficiente, eficaz y de r\u00e1pida resoluci\u00f3n para todos los interesados\u201d agreg\u00f3 la funcionaria.<\/p>\n\n\n\n<p>Por lo tanto, el interesado debe enviar un mensaje con la palabra \u201cTaller\u201d a uno de los siguientes tel\u00e9fonos: 2324 \u2013 599220 \/ 2324 \u2013 559237 \/ 2324 \u2013 652166. Esto har\u00e1 que se le responda pidiendo los datos para inscribirlo en el taller que prefiera. Se recuerda que los cupos son limitados y considerados por orden de recepci\u00f3n. No se inscribir\u00e1 de forma presencial.<\/p>\n\n\n\n<p>Cabe recordar que los talleres son m\u00e1s de 30, todos coordinados por la Direcci\u00f3n de Cultura. Ser\u00e1n dictados en Centro&nbsp;Cultural&nbsp;La Trocha y en el ex instituto Unzu\u00e9, en los barrios Santa Teresita, Am\u00e9rica, Blandengues, en la localidad de Gowland y en los tres museos  (MAMM, Museo V\u00edctor M\u00edguez, Museo Municipal de Ciencias Naturales Carlos Ameghino).<\/p>\n\n\n\n<figure class=\"wp-block-image size-large\"><img loading=\"lazy\" decoding=\"async\" width=\"724\" height=\"1024\" data-attachment-id=\"107415\" data-permalink=\"https:\/\/www.hoymercedes.com.ar\/principal\/2020\/03\/12\/arranca-la-inscripcion-a-los-talleres-culturales-municipales-ciclo-2020\/12-talleres-culturales-cornograma\/#main\" data-orig-file=\"https:\/\/www.hoymercedes.com.ar\/principal\/wp-content\/uploads\/2020\/03\/12-talleres-culturales-cornograma.jpg\" data-orig-size=\"724,1024\" data-comments-opened=\"0\" data-image-meta=\"{&quot;aperture&quot;:&quot;0&quot;,&quot;credit&quot;:&quot;&quot;,&quot;camera&quot;:&quot;&quot;,&quot;caption&quot;:&quot;&quot;,&quot;created_timestamp&quot;:&quot;0&quot;,&quot;copyright&quot;:&quot;&quot;,&quot;focal_length&quot;:&quot;0&quot;,&quot;iso&quot;:&quot;0&quot;,&quot;shutter_speed&quot;:&quot;0&quot;,&quot;title&quot;:&quot;&quot;,&quot;orientation&quot;:&quot;0&quot;}\" data-image-title=\"12 talleres culturales cornograma\" data-image-description=\"\" data-image-caption=\"\" data-large-file=\"https:\/\/www.hoymercedes.com.ar\/principal\/wp-content\/uploads\/2020\/03\/12-talleres-culturales-cornograma.jpg\" src=\"https:\/\/www.hoymercedes.com.ar\/principal\/wp-content\/uploads\/2020\/03\/12-talleres-culturales-cornograma.jpg\" alt=\"\" class=\"wp-image-107415\"\/><\/figure>\n","protected":false},"excerpt":{"rendered":"<p>Tal como anunci\u00e1bamos d\u00edas atr\u00e1s, este lunes comienza la inscripci\u00f3n para los Talleres Culturales 2020. Sin embargo, la forma de &#8230; <a title=\"Talleres Culturales: inscribir\u00e1n a trav\u00e9s de whatsapp\" class=\"read-more\" href=\"https:\/\/www.hoymercedes.com.ar\/principal\/2020\/03\/14\/talleres-culturales-inscribiran-a-traves-de-whatsapp\/\" aria-label=\"Leer m\u00e1s sobre Talleres Culturales: inscribir\u00e1n a trav\u00e9s de whatsapp\">Leer m\u00e1s<\/a><\/p>\n","protected":false},"author":1,"featured_media":107416,"comment_status":"closed","ping_status":"open","sticky":false,"template":"","format":"standard","meta":{"_monsterinsights_skip_tracking":false,"_monsterinsights_sitenote_active":false,"_monsterinsights_sitenote_note":"","_monsterinsights_sitenote_category":0,"jetpack_post_was_ever_published":false,"_jetpack_newsletter_access":"","_jetpack_dont_email_post_to_subs":false,"_jetpack_newsletter_tier_id":0,"_jetpack_memberships_contains_paywalled_content":false,"_jetpack_memberships_contains_paid_content":false,"footnotes":"","jetpack_publicize_message":"","jetpack_publicize_feature_enabled":true,"jetpack_social_post_already_shared":true,"jetpack_social_options":{"image_generator_settings":{"template":"highway","default_image_id":0,"font":"","enabled":false},"version":2},"_wpas_customize_per_network":false},"categories":[104],"tags":[7805,8668,10358,226],"class_list":["post-107580","post","type-post","status-publish","format-standard","has-post-thumbnail","hentry","category-cultura","tag-cultura","tag-inscripcion","tag-municipio","tag-talleres-culturales","generate-columns","tablet-grid-50","mobile-grid-100","grid-parent","grid-50"],"jetpack_publicize_connections":[],"jetpack_featured_media_url":"https:\/\/www.hoymercedes.com.ar\/principal\/wp-content\/uploads\/2020\/03\/12-talleres-culturales.jpg","wps_subtitle":"A partir del lunes","jetpack_sharing_enabled":true,"_links":{"self":[{"href":"https:\/\/www.hoymercedes.com.ar\/principal\/wp-json\/wp\/v2\/posts\/107580","targetHints":{"allow":["GET"]}}],"collection":[{"href":"https:\/\/www.hoymercedes.com.ar\/principal\/wp-json\/wp\/v2\/posts"}],"about":[{"href":"https:\/\/www.hoymercedes.com.ar\/principal\/wp-json\/wp\/v2\/types\/post"}],"author":[{"embeddable":true,"href":"https:\/\/www.hoymercedes.com.ar\/principal\/wp-json\/wp\/v2\/users\/1"}],"replies":[{"embeddable":true,"href":"https:\/\/www.hoymercedes.com.ar\/principal\/wp-json\/wp\/v2\/comments?post=107580"}],"version-history":[{"count":0,"href":"https:\/\/www.hoymercedes.com.ar\/principal\/wp-json\/wp\/v2\/posts\/107580\/revisions"}],"wp:featuredmedia":[{"embeddable":true,"href":"https:\/\/www.hoymercedes.com.ar\/principal\/wp-json\/wp\/v2\/media\/107416"}],"wp:attachment":[{"href":"https:\/\/www.hoymercedes.com.ar\/principal\/wp-json\/wp\/v2\/media?parent=107580"}],"wp:term":[{"taxonomy":"category","embeddable":true,"href":"https:\/\/www.hoymercedes.com.ar\/principal\/wp-json\/wp\/v2\/categories?post=107580"},{"taxonomy":"post_tag","embeddable":true,"href":"https:\/\/www.hoymercedes.com.ar\/principal\/wp-json\/wp\/v2\/tags?post=107580"}],"curies":[{"name":"wp","href":"https:\/\/api.w.org\/{rel}","templated":true}]}}