{"id":107582,"date":"2020-03-14T11:24:00","date_gmt":"2020-03-14T14:24:00","guid":{"rendered":"http:\/\/www.hoymercedes.com.ar\/principal\/?p=107582"},"modified":"2020-03-14T09:01:38","modified_gmt":"2020-03-14T12:01:38","slug":"selva-plantea-endurecer-penas-por-no-respetar-perimetrales-por-violencia-de-genero","status":"publish","type":"post","link":"https:\/\/www.hoymercedes.com.ar\/principal\/2020\/03\/14\/selva-plantea-endurecer-penas-por-no-respetar-perimetrales-por-violencia-de-genero\/","title":{"rendered":"Selva plantea endurecer penas por no respetar perimetrales por violencia de g\u00e9nero"},"content":{"rendered":"\n<p>Desde el Frente de Todos el diputado nacional\u00a0<strong>Carlos Selva<\/strong>\u00a0presenta un proyecto de ley para que los que violan un per\u00edmetro dictaminado por la justicia por violencia de g\u00e9nero vayan efectivamente presos, al incrementar las penas, modificando el C\u00f3digo Penal.<\/p>\n\n\n\n<figure class=\"wp-block-image size-large\"><img loading=\"lazy\" decoding=\"async\" width=\"800\" height=\"669\" data-attachment-id=\"107584\" data-permalink=\"https:\/\/www.hoymercedes.com.ar\/principal\/2020\/03\/14\/selva-plantea-endurecer-penas-por-no-respetar-perimetrales-por-violencia-de-genero\/14-selva-proyecto-2\/#main\" data-orig-file=\"https:\/\/www.hoymercedes.com.ar\/principal\/wp-content\/uploads\/2020\/03\/14-selva-proyecto-2.jpg\" data-orig-size=\"800,669\" data-comments-opened=\"0\" data-image-meta=\"{&quot;aperture&quot;:&quot;0&quot;,&quot;credit&quot;:&quot;&quot;,&quot;camera&quot;:&quot;&quot;,&quot;caption&quot;:&quot;&quot;,&quot;created_timestamp&quot;:&quot;0&quot;,&quot;copyright&quot;:&quot;&quot;,&quot;focal_length&quot;:&quot;0&quot;,&quot;iso&quot;:&quot;0&quot;,&quot;shutter_speed&quot;:&quot;0&quot;,&quot;title&quot;:&quot;&quot;,&quot;orientation&quot;:&quot;0&quot;}\" data-image-title=\"14 selva proyecto 2\" data-image-description=\"\" data-image-caption=\"\" data-large-file=\"https:\/\/www.hoymercedes.com.ar\/principal\/wp-content\/uploads\/2020\/03\/14-selva-proyecto-2.jpg\" src=\"https:\/\/www.hoymercedes.com.ar\/principal\/wp-content\/uploads\/2020\/03\/14-selva-proyecto-2.jpg\" alt=\"\" class=\"wp-image-107584\"\/><\/figure>\n\n\n\n<p>En el proyecto de Ley, Selva pretende que se incorpore como Art\u00edculo 239 bis del C\u00f3digo Penal lo siguiente: \u201cArt. 239 bis: Ser\u00e1 reprimido con prisi\u00f3n de uno (1) a cuatro (4) a\u00f1os el que resistiere o desobedeciere la obligaci\u00f3n legal de restricci\u00f3n perimetral o prohibici\u00f3n de acercamiento dictada por un funcionario p\u00fablico en el marco de una denuncia por violencia de g\u00e9nero, con el objetivo de causar un da\u00f1o en el cuerpo o en la salud de la otra persona.\u201d<\/p>\n\n\n\n<p>De esta manera propone elevar la pena a quienes violen una restricci\u00f3n perimetral o prohibici\u00f3n de acercamiento dictada a ra\u00edz de una denuncia por violencia de g\u00e9nero. \u00abSi bien la modificaci\u00f3n planteada es amplia en torno al g\u00e9nero, la realidad es que surge a ra\u00edz de la grave situaci\u00f3n que se vive nuestro pa\u00eds en materia de femicidios\u00bb, sostiene Selva.<\/p>\n\n\n\n<p>El diputado nacional remarca que en los casos de violaci\u00f3n de una restricci\u00f3n perimetral la pena aplicable es la que prev\u00e9 el Art. 239 del C\u00f3digo Penal para los casos de desobediencia a una obligaci\u00f3n legal, que prev\u00e9 una escala penal de quince d\u00edas a un a\u00f1o, lo que ocasiona que s\u00f3lo en casos excepcionales la violaci\u00f3n de una prohibici\u00f3n de acercamiento conlleve una pena de prisi\u00f3n efectiva. \u00abY en el peor de los casos esa violaci\u00f3n deriva en un femicidio\u00bb, sostiene Selva.<\/p>\n\n\n\n<p>\u00abLas estad\u00edsticas en nuestro pa\u00eds son alarmantes. Ni hablar de los casos por violencia de g\u00e9nero que no llegan a ese extremo. Pero lo cierto es que estad\u00edsticamente son cada vez m\u00e1s las denuncias por violencia de g\u00e9nero que terminan en femicidios por ausencia o ineficiencia del Estado. Estad\u00edsticamente, s\u00f3lo entre tres y cuatro de cada diez personas cumplen con las medidas de restricci\u00f3n perimetral, lo que evidencia no s\u00f3lo la ineficacia de la medida, sino la inseguridad que eso conlleva para la v\u00edctima que ya realiz\u00f3 una denuncia y pidi\u00f3 protecci\u00f3n del Estado\u00bb, argumenta el diputado.<\/p>\n\n\n\n<p>Entre las estad\u00edsticas que presenta, habla de que muchas de las v\u00edctimas directas de femicidios obtuvieron medidas judiciales de protecci\u00f3n.<\/p>\n\n\n\n<p>\u00abEl Observatorio de Violencia de G\u00e9nero \u201cAhora que s\u00ed nos ven\u201d en su \u00faltimo informe para el a\u00f1o 2019 registr\u00f3 327 femicidios, lo que equivale cerca de un femicidio cada 24 horas y s\u00f3lo en el mes de diciembre hubo un saldo de 30 mujeres asesinadas. La entidad elabor\u00f3 el informe mediante los datos recolectados en medios gr\u00e1ficos y digitales. En el 67% de los casos, los autores de los cr\u00edmenes son parejas o ex parejas de las v\u00edctimas. En el 63% de los casos, el asesinato se comete en la vivienda de la v\u00edctima, el 27% en la v\u00eda p\u00fablica y solo un 5% en la vivienda del agresor. Asimismo, en el 54,9% de los casos hubo episodios de violencia no denunciados antes de la primera presentaci\u00f3n judicial. En lo que va del a\u00f1o 2020, hubo 68 femicidios. Las cifras son cada vez m\u00e1s alarmantes\u00bb, agrega entre los argumentos.<\/p>\n\n\n\n<p>\u00abEs innegable que la medida propuesta no resuelve la problem\u00e1tica, pero resulta necesaria cuando los mecanismos previstos para proteger a las v\u00edctimas, como es el caso de la restricci\u00f3n perimetral, no son suficientes para garantizar su integridad. Cuando el violento viol\u00f3 el per\u00edmetro, significa que el Estado ya lleg\u00f3 tarde y lo que pretendemos con esta medida es prevenir la fatalidad que puede derivar de esa ineficacia del Estado. Es evidente que resulta indispensable la fijaci\u00f3n de criterios de pol\u00edtica criminal que atiendan las circunstancias especiales que suponen estos casos, y la adopci\u00f3n de medidas de protecci\u00f3n de la mujer v\u00edctima a fin de evitar consecuencias mayores y la reiteraci\u00f3n delictual\u00bb, concluye Carlos Selva en el\u00a0Proyecto de Ley.<\/p>\n\n\n\n<p>Fuente: Web Carlos Selva<\/p>\n","protected":false},"excerpt":{"rendered":"<p>Desde el Frente de Todos el diputado nacional\u00a0Carlos Selva\u00a0presenta un proyecto de ley para que los que violan un per\u00edmetro &#8230; <a title=\"Selva plantea endurecer penas por no respetar perimetrales por violencia de g\u00e9nero\" class=\"read-more\" href=\"https:\/\/www.hoymercedes.com.ar\/principal\/2020\/03\/14\/selva-plantea-endurecer-penas-por-no-respetar-perimetrales-por-violencia-de-genero\/\" aria-label=\"Leer m\u00e1s sobre Selva plantea endurecer penas por no respetar perimetrales por violencia de g\u00e9nero\">Leer m\u00e1s<\/a><\/p>\n","protected":false},"author":1,"featured_media":107583,"comment_status":"closed","ping_status":"open","sticky":false,"template":"","format":"standard","meta":{"_monsterinsights_skip_tracking":false,"_monsterinsights_sitenote_active":false,"_monsterinsights_sitenote_note":"","_monsterinsights_sitenote_category":0,"jetpack_post_was_ever_published":false,"_jetpack_newsletter_access":"","_jetpack_dont_email_post_to_subs":false,"_jetpack_newsletter_tier_id":0,"_jetpack_memberships_contains_paywalled_content":false,"_jetpack_memberships_contains_paid_content":false,"footnotes":"","jetpack_publicize_message":"","jetpack_publicize_feature_enabled":true,"jetpack_social_post_already_shared":true,"jetpack_social_options":{"image_generator_settings":{"template":"highway","default_image_id":0,"font":"","enabled":false},"version":2},"_wpas_customize_per_network":false},"categories":[5210],"tags":[39,10682,10113,11036,4870],"class_list":["post-107582","post","type-post","status-publish","format-standard","has-post-thumbnail","hentry","category-politica-nacional","tag-carlos-selva","tag-congreso","tag-politica-nacional","tag-proyecto-de-ley","tag-reforma-codigo-penal","generate-columns","tablet-grid-50","mobile-grid-100","grid-parent","grid-50"],"jetpack_publicize_connections":[],"jetpack_featured_media_url":"https:\/\/www.hoymercedes.com.ar\/principal\/wp-content\/uploads\/2020\/03\/14-selva-proyecto-1.jpg","wps_subtitle":"Proyecto para el Congreso Nacional","jetpack_sharing_enabled":true,"_links":{"self":[{"href":"https:\/\/www.hoymercedes.com.ar\/principal\/wp-json\/wp\/v2\/posts\/107582","targetHints":{"allow":["GET"]}}],"collection":[{"href":"https:\/\/www.hoymercedes.com.ar\/principal\/wp-json\/wp\/v2\/posts"}],"about":[{"href":"https:\/\/www.hoymercedes.com.ar\/principal\/wp-json\/wp\/v2\/types\/post"}],"author":[{"embeddable":true,"href":"https:\/\/www.hoymercedes.com.ar\/principal\/wp-json\/wp\/v2\/users\/1"}],"replies":[{"embeddable":true,"href":"https:\/\/www.hoymercedes.com.ar\/principal\/wp-json\/wp\/v2\/comments?post=107582"}],"version-history":[{"count":0,"href":"https:\/\/www.hoymercedes.com.ar\/principal\/wp-json\/wp\/v2\/posts\/107582\/revisions"}],"wp:featuredmedia":[{"embeddable":true,"href":"https:\/\/www.hoymercedes.com.ar\/principal\/wp-json\/wp\/v2\/media\/107583"}],"wp:attachment":[{"href":"https:\/\/www.hoymercedes.com.ar\/principal\/wp-json\/wp\/v2\/media?parent=107582"}],"wp:term":[{"taxonomy":"category","embeddable":true,"href":"https:\/\/www.hoymercedes.com.ar\/principal\/wp-json\/wp\/v2\/categories?post=107582"},{"taxonomy":"post_tag","embeddable":true,"href":"https:\/\/www.hoymercedes.com.ar\/principal\/wp-json\/wp\/v2\/tags?post=107582"}],"curies":[{"name":"wp","href":"https:\/\/api.w.org\/{rel}","templated":true}]}}