{"id":107588,"date":"2020-03-13T23:41:18","date_gmt":"2020-03-14T02:41:18","guid":{"rendered":"http:\/\/www.hoymercedes.com.ar\/principal\/?p=107588"},"modified":"2020-03-14T09:47:14","modified_gmt":"2020-03-14T12:47:14","slug":"habra-cortes-de-luz-este-sabado-zonas-de-la-ciudad","status":"publish","type":"post","link":"https:\/\/www.hoymercedes.com.ar\/principal\/2020\/03\/13\/habra-cortes-de-luz-este-sabado-zonas-de-la-ciudad\/","title":{"rendered":"Habr\u00e1 cortes de luz este s\u00e1bado zonas de la ciudad"},"content":{"rendered":"\n<p>EDEN informa que, conforme a su plan de inversiones en obras y mantenimiento para fortalecer el servicio, se realizar\u00e1n trabajos en la red el\u00e9ctrica de un barrio de la ciudad.<\/p>\n\n\n\n<p>Para poder realizar estas mejoras y como medida de seguridad, es necesario interrumpir el suministro de forma moment\u00e1nea mientras se trabaja en la red el\u00e9ctrica el d\u00eda s\u00e1bado 14 de marzo; de 7 a 11:30 hs. las calles 2 a 110, desde 17 a 21, y de 4 a 8, desde 13 a 25.<\/p>\n\n\n\n<p>En caso de presentarse condiciones clim\u00e1ticas adversas, las actividades ser\u00e1n reprogramadas.<\/p>\n","protected":false},"excerpt":{"rendered":"<p>EDEN informa que, conforme a su plan de inversiones en obras y mantenimiento para fortalecer el servicio, se realizar\u00e1n trabajos &#8230; <a title=\"Habr\u00e1 cortes de luz este s\u00e1bado zonas de la ciudad\" class=\"read-more\" href=\"https:\/\/www.hoymercedes.com.ar\/principal\/2020\/03\/13\/habra-cortes-de-luz-este-sabado-zonas-de-la-ciudad\/\" aria-label=\"Leer m\u00e1s sobre Habr\u00e1 cortes de luz este s\u00e1bado zonas de la ciudad\">Leer m\u00e1s<\/a><\/p>\n","protected":false},"author":1,"featured_media":46617,"comment_status":"closed","ping_status":"open","sticky":false,"template":"","format":"standard","meta":{"_monsterinsights_skip_tracking":false,"_monsterinsights_sitenote_active":false,"_monsterinsights_sitenote_note":"","_monsterinsights_sitenote_category":0,"jetpack_post_was_ever_published":false,"_jetpack_newsletter_access":"","_jetpack_dont_email_post_to_subs":false,"_jetpack_newsletter_tier_id":0,"_jetpack_memberships_contains_paywalled_content":false,"_jetpack_memberships_contains_paid_content":false,"footnotes":"","jetpack_publicize_message":"","jetpack_publicize_feature_enabled":true,"jetpack_social_post_already_shared":true,"jetpack_social_options":{"image_generator_settings":{"template":"highway","default_image_id":0,"font":"","enabled":false},"version":2},"_wpas_customize_per_network":false},"categories":[8],"tags":[12519,1023,8808],"class_list":["post-107588","post","type-post","status-publish","format-standard","has-post-thumbnail","hentry","category-sociedad","tag-cortes-de-luz","tag-eden","tag-energia-electrica","generate-columns","tablet-grid-50","mobile-grid-100","grid-parent","grid-50"],"jetpack_publicize_connections":[],"jetpack_featured_media_url":"https:\/\/www.hoymercedes.com.ar\/principal\/wp-content\/uploads\/2015\/12\/eden.jpg","wps_subtitle":"Informaci\u00f3n institucional","jetpack_sharing_enabled":true,"_links":{"self":[{"href":"https:\/\/www.hoymercedes.com.ar\/principal\/wp-json\/wp\/v2\/posts\/107588","targetHints":{"allow":["GET"]}}],"collection":[{"href":"https:\/\/www.hoymercedes.com.ar\/principal\/wp-json\/wp\/v2\/posts"}],"about":[{"href":"https:\/\/www.hoymercedes.com.ar\/principal\/wp-json\/wp\/v2\/types\/post"}],"author":[{"embeddable":true,"href":"https:\/\/www.hoymercedes.com.ar\/principal\/wp-json\/wp\/v2\/users\/1"}],"replies":[{"embeddable":true,"href":"https:\/\/www.hoymercedes.com.ar\/principal\/wp-json\/wp\/v2\/comments?post=107588"}],"version-history":[{"count":0,"href":"https:\/\/www.hoymercedes.com.ar\/principal\/wp-json\/wp\/v2\/posts\/107588\/revisions"}],"wp:featuredmedia":[{"embeddable":true,"href":"https:\/\/www.hoymercedes.com.ar\/principal\/wp-json\/wp\/v2\/media\/46617"}],"wp:attachment":[{"href":"https:\/\/www.hoymercedes.com.ar\/principal\/wp-json\/wp\/v2\/media?parent=107588"}],"wp:term":[{"taxonomy":"category","embeddable":true,"href":"https:\/\/www.hoymercedes.com.ar\/principal\/wp-json\/wp\/v2\/categories?post=107588"},{"taxonomy":"post_tag","embeddable":true,"href":"https:\/\/www.hoymercedes.com.ar\/principal\/wp-json\/wp\/v2\/tags?post=107588"}],"curies":[{"name":"wp","href":"https:\/\/api.w.org\/{rel}","templated":true}]}}