{"id":107592,"date":"2020-03-14T09:42:27","date_gmt":"2020-03-14T12:42:27","guid":{"rendered":"http:\/\/www.hoymercedes.com.ar\/principal\/?p=107592"},"modified":"2020-03-14T09:46:58","modified_gmt":"2020-03-14T12:46:58","slug":"coronavirus-acciones-preventivas-de-la-iglesia-catolica","status":"publish","type":"post","link":"https:\/\/www.hoymercedes.com.ar\/principal\/2020\/03\/14\/coronavirus-acciones-preventivas-de-la-iglesia-catolica\/","title":{"rendered":"Coronavirus: Acciones preventivas de la Iglesia Cat\u00f3lica"},"content":{"rendered":"\n<p>El Arzobispo de Mercedes-Luj\u00e1n, Monse\u00f1or Jorge Eduardo Scheinig, comunic\u00f3 a los sacerdotes y fieles de la Arquidi\u00f3cesis, una serie de recomendaciones y acciones a realizar a lo largo de la pr\u00f3xima semana. Entre ellas, le solicita a los p\u00e1rrocos que acaten las recomendaciones de sus comunidades y que eviten los oficios masivos; asimismo, le piden a los fieles mayores de 65 a\u00f1os que no asistan a los oficios religiosos, anuncia que la comuni\u00f3n ser\u00e1 dada en mano y propone la omisi\u00f3n del saludo por la paz , entre otras acciones y recomendaciones que le hacen a los p\u00e1rrocos y feligreses. <\/p>\n\n\n\n<p>A continuaci\u00f3n copiamos la carta del Monse\u00f1or: <\/p>\n\n\n\n<p>\u00abQu\u00e9 fr\u00e1giles somos cada uno de nosotros y qu\u00e9 fr\u00e1gil es el mundo. Lo sabemos, pero en<br> un tiempo como el que nos toca vivir, en pocos d\u00edas, todos tomamos mayor conciencia de<br> lo peque\u00f1os y necesitados que somos.<br> Simult\u00e1neamente, qu\u00e9 buena noticia es que el mundo extreme los cuidados y se organice<br> para dar batalla a la enfermedad que nos afecta por el nuevo Coronavirus (COVID-19).<br> Dios quiera que todo lo que estamos viviendo, nos ayude a abrir los ojos y el coraz\u00f3n para<br> descubrir que juntos, fraternalmente unidos, podemos luchar contra otros tantos males<br> que nos aquejan y son comunes a todo el mundo.<br> En la fragilidad, en la dificultad, estamos llamados a cuidarnos con inmenso respeto.<br> Cuidar significa poner m\u00e1xima atenci\u00f3n en el otro y protegerlo, resguardarlo, con<br> prontitud, rapidez, en fin, cuidar es una forma muy elevada de respeto al otro.<br> Los disc\u00edpulos del Se\u00f1or sabemos que el Amor es nuestra identidad. Estos son tiempos<br> para vivir un amor bien concreto hacia el otro. Es la mejor pr\u00e1ctica cuaresmal, estar muy<br> atentos a los otros y hacer todo lo que est\u00e9 a nuestro alcance para que esta enfermedad<br> no se propague.<\/p>\n\n\n\n<p>Por lo tanto, con ocasi\u00f3n de esta pandemia, producida por el Coronavirus (COVID-19),<br>\nestablezco lo siguiente:<\/p>\n\n\n\n<ol class=\"wp-block-list\"><li>Que se eleven oraciones a Dios y a la Virgen, Nuestra Se\u00f1ora de la Merced, para<br> que en poco tiempo, podamos superar juntos esta enfermedad. Y recemos<br> especialmente por los enfermos y sus familiares.<\/li><li>Los p\u00e1rrocos, son los responsables de tomar las medidas necesarias para el<br> cuidado sanitario de todos los que asisten a sus templos. <strong>Le pido a los fieles que<br> sepan acatar las indicaciones,<\/strong> priorizando el bien com\u00fan por el cuidado de todos,<br> en especial de los grupos de riesgo.<br> Que en el caso de alguna persona enferma, los p\u00e1rrocos procuren como crean<br> conveniente, ofrecer alguna asistencia espiritual a ellos y a sus familias. <\/li><li>Cada Municipio va decretando c\u00f3mo suministrar la Sanidad de su poblaci\u00f3n. Les<br> pido <strong>acatar <\/strong>de buen grado lo que la autoridad competente va determinando, en<br> especial, a<strong> lo que hace al n\u00famero de personas que es recomendable se<br> concentren.<\/strong> Les pido a las parroquias que prevean voluntarios que ayuden al<br> cumplimiento de esas normas.<\/li><li>Teniendo en cuenta entonces que no ser\u00e1 posible superar ese n\u00famero, para que<br> nadie sufra problemas de conciencia, <strong>dispenso a los fieles del cumplimiento del<br> precepto dominical hasta nuevo aviso<\/strong>. A los fieles que consideren oportuno<br> quedarse en sus casas, les pido que procuren celebrar la Eucarist\u00eda dominical por<br> medio de la televisi\u00f3n y\/o la radio.<br> En la medida de sus posibilidades, que participen de alguna celebraci\u00f3n Eucar\u00edstica<br> de lunes a viernes, donde generalmente concurren menos personas.<br> <strong>Recomiendo que los mayores de 65 a\u00f1os, por el momento, no asistan a ninguna<br> celebraci\u00f3n y permanezcan en sus casas para preservar su salud.<\/strong><\/li><li><strong>Las personas que presentan alg\u00fan s\u00edntoma de la enfermedad o est\u00e1n en contacto<br> con personas afectadas, no deben concurrir a las celebraciones lit\u00fargicas y\/o a<br> reuniones.<\/strong><\/li><li><strong>La distribuci\u00f3n de la comuni\u00f3n ser\u00e1 solamente en la mano.<\/strong> Entiendo que a algunos<br> fieles les resulte un esfuerzo, pero es responsabilidad de todos nosotros evitar la<br> propagaci\u00f3n del virus. Sabemos que la principal v\u00eda de contagio es por medio de<br> min\u00fasculas gotas de saliva, por lo tanto, la distribuci\u00f3n de la comuni\u00f3n en la boca,<br> a\u00fan con recaudos, no elimina la posibilidad de contagio y que el virus se propague<br> de fiel a fiel, incluido al propio ministro.<\/li><li>Que los ministros procuren lavarse muy bien las manos, antes y despu\u00e9s de la<br> distribuci\u00f3n de la comuni\u00f3n. Que en las credencias se provea alcohol en gel para<br> una mejor higienizaci\u00f3n.<\/li><li>En cuanto a la pr\u00e1ctica <strong>ritual del saludo de la Paz, pido omitirlo<\/strong>.<br><\/li><\/ol>\n","protected":false},"excerpt":{"rendered":"<p>El Arzobispo de Mercedes-Luj\u00e1n, Monse\u00f1or Jorge Eduardo Scheinig, comunic\u00f3 a los sacerdotes y fieles de la Arquidi\u00f3cesis, una serie de &#8230; <a title=\"Coronavirus: Acciones preventivas de la Iglesia Cat\u00f3lica\" class=\"read-more\" href=\"https:\/\/www.hoymercedes.com.ar\/principal\/2020\/03\/14\/coronavirus-acciones-preventivas-de-la-iglesia-catolica\/\" aria-label=\"Leer m\u00e1s sobre Coronavirus: Acciones preventivas de la Iglesia Cat\u00f3lica\">Leer m\u00e1s<\/a><\/p>\n","protected":false},"author":1,"featured_media":103618,"comment_status":"closed","ping_status":"open","sticky":false,"template":"","format":"standard","meta":{"_monsterinsights_skip_tracking":false,"_monsterinsights_sitenote_active":false,"_monsterinsights_sitenote_note":"","_monsterinsights_sitenote_category":0,"jetpack_post_was_ever_published":false,"_jetpack_newsletter_access":"","_jetpack_dont_email_post_to_subs":false,"_jetpack_newsletter_tier_id":0,"_jetpack_memberships_contains_paywalled_content":false,"_jetpack_memberships_contains_paid_content":false,"footnotes":"","jetpack_publicize_message":"","jetpack_publicize_feature_enabled":true,"jetpack_social_post_already_shared":true,"jetpack_social_options":{"image_generator_settings":{"template":"highway","default_image_id":0,"font":"","enabled":false},"version":2},"_wpas_customize_per_network":false},"categories":[8],"tags":[12843,16175,16306,134],"class_list":["post-107592","post","type-post","status-publish","format-standard","has-post-thumbnail","hentry","category-sociedad","tag-arquidioscesis-mercedes-lujan","tag-coronavirus","tag-monsenor-jorge-eduardo","tag-salud","generate-columns","tablet-grid-50","mobile-grid-100","grid-parent","grid-50"],"jetpack_publicize_connections":[],"jetpack_featured_media_url":"https:\/\/www.hoymercedes.com.ar\/principal\/wp-content\/uploads\/2019\/12\/07-arzob-mercedes-lujan.jpg","wps_subtitle":"Prevenci\u00f3n en las misas","jetpack_sharing_enabled":true,"_links":{"self":[{"href":"https:\/\/www.hoymercedes.com.ar\/principal\/wp-json\/wp\/v2\/posts\/107592","targetHints":{"allow":["GET"]}}],"collection":[{"href":"https:\/\/www.hoymercedes.com.ar\/principal\/wp-json\/wp\/v2\/posts"}],"about":[{"href":"https:\/\/www.hoymercedes.com.ar\/principal\/wp-json\/wp\/v2\/types\/post"}],"author":[{"embeddable":true,"href":"https:\/\/www.hoymercedes.com.ar\/principal\/wp-json\/wp\/v2\/users\/1"}],"replies":[{"embeddable":true,"href":"https:\/\/www.hoymercedes.com.ar\/principal\/wp-json\/wp\/v2\/comments?post=107592"}],"version-history":[{"count":0,"href":"https:\/\/www.hoymercedes.com.ar\/principal\/wp-json\/wp\/v2\/posts\/107592\/revisions"}],"wp:featuredmedia":[{"embeddable":true,"href":"https:\/\/www.hoymercedes.com.ar\/principal\/wp-json\/wp\/v2\/media\/103618"}],"wp:attachment":[{"href":"https:\/\/www.hoymercedes.com.ar\/principal\/wp-json\/wp\/v2\/media?parent=107592"}],"wp:term":[{"taxonomy":"category","embeddable":true,"href":"https:\/\/www.hoymercedes.com.ar\/principal\/wp-json\/wp\/v2\/categories?post=107592"},{"taxonomy":"post_tag","embeddable":true,"href":"https:\/\/www.hoymercedes.com.ar\/principal\/wp-json\/wp\/v2\/tags?post=107592"}],"curies":[{"name":"wp","href":"https:\/\/api.w.org\/{rel}","templated":true}]}}