{"id":1076,"date":"2010-12-15T21:21:39","date_gmt":"2010-12-15T21:21:39","guid":{"rendered":"http:\/\/www.hoymercedes.com.ar\/principal\/?p=1076"},"modified":"2010-12-15T21:21:39","modified_gmt":"2010-12-15T21:21:39","slug":"espanoles-realizan-un-documental-de-mercedes","status":"publish","type":"post","link":"https:\/\/www.hoymercedes.com.ar\/principal\/2010\/12\/15\/espanoles-realizan-un-documental-de-mercedes\/","title":{"rendered":"Espa\u00f1oles realizan un documental de Mercedes"},"content":{"rendered":"<p>En el d\u00eda de hoy llegan periodistas espa\u00f1oles para filmar un documental\u00a0 de nuestra ciudad .Esto se logro gracias a las gestiones de la direcci\u00f3n de turismo\u00a0 dentro del programa \u201cDifundamos el turismo de la provincia en el exterior\u201d ,los periodistas visitaran la pulper\u00eda de Cacho Dicatarina ,La vieja esquina ,y tomas Jofre. Adem\u00e1s se realizara una visita guiada, pudiendo informarse sobre el salame quintero, productores de Durazno y artesanos.<\/p>\n<p>Es as\u00ed que Mercedes ser\u00e1\u00a0 protagonista de un Documental espa\u00f1ol.<\/p>\n<p>En el medio d\u00eda de hoy, Marcelo Melo, Director de turismo, acompa\u00f1o a los periodistas\u00a0 a realizar la recorrida por nuestra ciudad.<\/p>\n<p><a href=\"https:\/\/www.hoymercedes.com.ar\/principal\/wp-content\/uploads\/2010\/12\/espa\u00f1olesdocumentalistas.jpg\"><img loading=\"lazy\" decoding=\"async\" data-attachment-id=\"1078\" data-permalink=\"https:\/\/www.hoymercedes.com.ar\/principal\/2010\/12\/15\/espanoles-realizan-un-documental-de-mercedes\/espanolesdocumentalistas\/#main\" data-orig-file=\"https:\/\/www.hoymercedes.com.ar\/principal\/wp-content\/uploads\/2010\/12\/espa\u00f1olesdocumentalistas.jpg\" data-orig-size=\"400,342\" data-comments-opened=\"1\" data-image-meta=\"{&quot;aperture&quot;:&quot;3.5&quot;,&quot;credit&quot;:&quot;&quot;,&quot;camera&quot;:&quot;KODAK EASYSHARE Z915 DIGITAL CAMERA&quot;,&quot;caption&quot;:&quot;&quot;,&quot;created_timestamp&quot;:&quot;1231256403&quot;,&quot;copyright&quot;:&quot;&quot;,&quot;focal_length&quot;:&quot;6.2&quot;,&quot;iso&quot;:&quot;64&quot;,&quot;shutter_speed&quot;:&quot;0.002&quot;,&quot;title&quot;:&quot;&quot;}\" data-image-title=\"espa\u00f1olesdocumentalistas\" data-image-description=\"\" data-image-caption=\"\" data-large-file=\"https:\/\/www.hoymercedes.com.ar\/principal\/wp-content\/uploads\/2010\/12\/espa\u00f1olesdocumentalistas.jpg\" class=\"aligncenter size-full wp-image-1078\" title=\"espa\u00f1olesdocumentalistas\" src=\"https:\/\/www.hoymercedes.com.ar\/principal\/wp-content\/uploads\/2010\/12\/espa\u00f1olesdocumentalistas.jpg\" alt=\"\" width=\"400\" height=\"342\" \/><\/a><\/p>\n<p><span style=\"color: #888888;\">Fuente: Municipio<\/span><\/p>\n","protected":false},"excerpt":{"rendered":"<p>En el d\u00eda de hoy llegan periodistas espa\u00f1oles para filmar un documental\u00a0 de nuestra ciudad .Esto se logro gracias a &#8230; <a title=\"Espa\u00f1oles realizan un documental de Mercedes\" class=\"read-more\" href=\"https:\/\/www.hoymercedes.com.ar\/principal\/2010\/12\/15\/espanoles-realizan-un-documental-de-mercedes\/\" aria-label=\"Leer m\u00e1s sobre Espa\u00f1oles realizan un documental de Mercedes\">Leer m\u00e1s<\/a><\/p>\n","protected":false},"author":1,"featured_media":0,"comment_status":"open","ping_status":"open","sticky":false,"template":"","format":"standard","meta":{"_monsterinsights_skip_tracking":false,"_monsterinsights_sitenote_active":false,"_monsterinsights_sitenote_note":"","_monsterinsights_sitenote_category":0,"jetpack_post_was_ever_published":false,"_jetpack_newsletter_access":"","_jetpack_dont_email_post_to_subs":false,"_jetpack_newsletter_tier_id":0,"_jetpack_memberships_contains_paywalled_content":false,"_jetpack_memberships_contains_paid_content":false,"footnotes":"","jetpack_publicize_message":"","jetpack_publicize_feature_enabled":true,"jetpack_social_post_already_shared":false,"jetpack_social_options":{"image_generator_settings":{"template":"highway","default_image_id":0,"font":"","enabled":false},"version":2},"_wpas_customize_per_network":false},"categories":[30],"tags":[258],"class_list":["post-1076","post","type-post","status-publish","format-standard","hentry","category-municipio","tag-documentalistas-espanoles-en-mercedes","generate-columns","tablet-grid-50","mobile-grid-100","grid-parent","grid-50"],"jetpack_publicize_connections":[],"jetpack_featured_media_url":"","wps_subtitle":"","jetpack_sharing_enabled":true,"_links":{"self":[{"href":"https:\/\/www.hoymercedes.com.ar\/principal\/wp-json\/wp\/v2\/posts\/1076","targetHints":{"allow":["GET"]}}],"collection":[{"href":"https:\/\/www.hoymercedes.com.ar\/principal\/wp-json\/wp\/v2\/posts"}],"about":[{"href":"https:\/\/www.hoymercedes.com.ar\/principal\/wp-json\/wp\/v2\/types\/post"}],"author":[{"embeddable":true,"href":"https:\/\/www.hoymercedes.com.ar\/principal\/wp-json\/wp\/v2\/users\/1"}],"replies":[{"embeddable":true,"href":"https:\/\/www.hoymercedes.com.ar\/principal\/wp-json\/wp\/v2\/comments?post=1076"}],"version-history":[{"count":0,"href":"https:\/\/www.hoymercedes.com.ar\/principal\/wp-json\/wp\/v2\/posts\/1076\/revisions"}],"wp:attachment":[{"href":"https:\/\/www.hoymercedes.com.ar\/principal\/wp-json\/wp\/v2\/media?parent=1076"}],"wp:term":[{"taxonomy":"category","embeddable":true,"href":"https:\/\/www.hoymercedes.com.ar\/principal\/wp-json\/wp\/v2\/categories?post=1076"},{"taxonomy":"post_tag","embeddable":true,"href":"https:\/\/www.hoymercedes.com.ar\/principal\/wp-json\/wp\/v2\/tags?post=1076"}],"curies":[{"name":"wp","href":"https:\/\/api.w.org\/{rel}","templated":true}]}}