{"id":107601,"date":"2020-03-14T12:52:42","date_gmt":"2020-03-14T15:52:42","guid":{"rendered":"http:\/\/www.hoymercedes.com.ar\/principal\/?p=107601"},"modified":"2020-03-14T21:48:37","modified_gmt":"2020-03-15T00:48:37","slug":"coronavirus-internaron-un-segundo-caso-sospechoso-al-dubarry","status":"publish","type":"post","link":"https:\/\/www.hoymercedes.com.ar\/principal\/2020\/03\/14\/coronavirus-internaron-un-segundo-caso-sospechoso-al-dubarry\/","title":{"rendered":"Coronavirus: internaron un segundo caso sospechoso en el Dubarry"},"content":{"rendered":"\n<p>En la ma\u00f1ana de este s\u00e1bado, desde el Hospital Blas L. Dubarry informaron que ingres\u00f3 al nosocomio un segundo caso sospechoso de COVID-19 (Coronavirus). De acuerdo a la informaci\u00f3n, se trata de un joven de 20 a\u00f1os, de nacionalidad inglesa, que arrib\u00f3 a nuestro pa\u00eds el d\u00eda 5 de marzo proveniente de Inglaterra. <\/p>\n\n\n\n<p> A Mercedes arrib\u00f3 el 9 de marzo y permaneci\u00f3 en un alojamiento rural destinado a actividades educativas de la lengua inglesa. Es decir que se trata de uno de los 28 extranjeros que estaban en un alojamiento en cuarentena desde el arribo del contingente y bajo seguimiento por la Secretaria de Salud. <\/p>\n\n\n\n<p>Al iniciar los s\u00edntomas, desde el lugar rural se comunican con los operadores del Hospital y se da inicio al protocolo correspondiente para el traslado del paciente. \u00c9ste permanecer\u00e1 en aislamiento en el Dubarry hasta obtener los resultados que descarten o confirmen el caso.<\/p>\n\n\n\n<p>Asimismo, sobre el joven mercedino que el mi\u00e9rcoles lleg\u00f3 de Letonia, v\u00eda Inglaterra, el primer caso sospechoso a\u00fan no est\u00e1n los resultados de laboratorio. \u00abEl paciente contin\u00faa internado, en buen estado de salud\u00bb, informaron. <\/p>\n\n\n\n<p>Recomendaciones a tener en cuenta: <\/p>\n\n\n\n<figure class=\"wp-block-image size-large\"><img loading=\"lazy\" decoding=\"async\" width=\"800\" height=\"800\" data-attachment-id=\"107434\" data-permalink=\"https:\/\/www.hoymercedes.com.ar\/principal\/2020\/03\/12\/se-activo-protocolo-por-posible-coronavirus-en-mercedes\/img_20200312_134134\/#main\" data-orig-file=\"https:\/\/www.hoymercedes.com.ar\/principal\/wp-content\/uploads\/2020\/03\/IMG_20200312_134134.jpg\" data-orig-size=\"800,800\" data-comments-opened=\"0\" data-image-meta=\"{&quot;aperture&quot;:&quot;0&quot;,&quot;credit&quot;:&quot;&quot;,&quot;camera&quot;:&quot;&quot;,&quot;caption&quot;:&quot;&quot;,&quot;created_timestamp&quot;:&quot;0&quot;,&quot;copyright&quot;:&quot;&quot;,&quot;focal_length&quot;:&quot;0&quot;,&quot;iso&quot;:&quot;0&quot;,&quot;shutter_speed&quot;:&quot;0&quot;,&quot;title&quot;:&quot;&quot;,&quot;orientation&quot;:&quot;0&quot;}\" data-image-title=\"IMG_20200312_134134\" data-image-description=\"\" data-image-caption=\"\" data-large-file=\"https:\/\/www.hoymercedes.com.ar\/principal\/wp-content\/uploads\/2020\/03\/IMG_20200312_134134.jpg\" src=\"https:\/\/www.hoymercedes.com.ar\/principal\/wp-content\/uploads\/2020\/03\/IMG_20200312_134134.jpg\" alt=\"\" class=\"wp-image-107434\"\/><\/figure>\n\n\n\n<figure class=\"wp-block-image size-large\"><img loading=\"lazy\" decoding=\"async\" width=\"768\" height=\"768\" data-attachment-id=\"107604\" data-permalink=\"https:\/\/www.hoymercedes.com.ar\/principal\/2020\/03\/14\/coronavirus-internaron-un-segundo-caso-sospechoso-al-dubarry\/14-coronavirus\/#main\" data-orig-file=\"https:\/\/www.hoymercedes.com.ar\/principal\/wp-content\/uploads\/2020\/03\/14-coronavirus.jpg\" data-orig-size=\"768,768\" data-comments-opened=\"0\" data-image-meta=\"{&quot;aperture&quot;:&quot;0&quot;,&quot;credit&quot;:&quot;&quot;,&quot;camera&quot;:&quot;&quot;,&quot;caption&quot;:&quot;&quot;,&quot;created_timestamp&quot;:&quot;0&quot;,&quot;copyright&quot;:&quot;&quot;,&quot;focal_length&quot;:&quot;0&quot;,&quot;iso&quot;:&quot;0&quot;,&quot;shutter_speed&quot;:&quot;0&quot;,&quot;title&quot;:&quot;&quot;,&quot;orientation&quot;:&quot;0&quot;}\" data-image-title=\"14 coronavirus\" data-image-description=\"\" data-image-caption=\"\" data-large-file=\"https:\/\/www.hoymercedes.com.ar\/principal\/wp-content\/uploads\/2020\/03\/14-coronavirus.jpg\" src=\"https:\/\/www.hoymercedes.com.ar\/principal\/wp-content\/uploads\/2020\/03\/14-coronavirus.jpg\" alt=\"\" class=\"wp-image-107604\"\/><\/figure>\n\n\n\n<figure class=\"wp-block-image size-large\"><img loading=\"lazy\" decoding=\"async\" width=\"768\" height=\"768\" data-attachment-id=\"107605\" data-permalink=\"https:\/\/www.hoymercedes.com.ar\/principal\/2020\/03\/14\/coronavirus-internaron-un-segundo-caso-sospechoso-al-dubarry\/14-coronavirus1\/#main\" data-orig-file=\"https:\/\/www.hoymercedes.com.ar\/principal\/wp-content\/uploads\/2020\/03\/14-coronavirus1.jpg\" data-orig-size=\"768,768\" data-comments-opened=\"0\" data-image-meta=\"{&quot;aperture&quot;:&quot;0&quot;,&quot;credit&quot;:&quot;&quot;,&quot;camera&quot;:&quot;&quot;,&quot;caption&quot;:&quot;&quot;,&quot;created_timestamp&quot;:&quot;0&quot;,&quot;copyright&quot;:&quot;&quot;,&quot;focal_length&quot;:&quot;0&quot;,&quot;iso&quot;:&quot;0&quot;,&quot;shutter_speed&quot;:&quot;0&quot;,&quot;title&quot;:&quot;&quot;,&quot;orientation&quot;:&quot;0&quot;}\" data-image-title=\"14 coronavirus1\" data-image-description=\"\" data-image-caption=\"\" data-large-file=\"https:\/\/www.hoymercedes.com.ar\/principal\/wp-content\/uploads\/2020\/03\/14-coronavirus1.jpg\" src=\"https:\/\/www.hoymercedes.com.ar\/principal\/wp-content\/uploads\/2020\/03\/14-coronavirus1.jpg\" alt=\"\" class=\"wp-image-107605\"\/><\/figure>\n","protected":false},"excerpt":{"rendered":"<p>En la ma\u00f1ana de este s\u00e1bado, desde el Hospital Blas L. Dubarry informaron que ingres\u00f3 al nosocomio un segundo caso &#8230; <a title=\"Coronavirus: internaron un segundo caso sospechoso en el Dubarry\" class=\"read-more\" href=\"https:\/\/www.hoymercedes.com.ar\/principal\/2020\/03\/14\/coronavirus-internaron-un-segundo-caso-sospechoso-al-dubarry\/\" aria-label=\"Leer m\u00e1s sobre Coronavirus: internaron un segundo caso sospechoso en el Dubarry\">Leer m\u00e1s<\/a><\/p>\n","protected":false},"author":1,"featured_media":107434,"comment_status":"closed","ping_status":"open","sticky":false,"template":"","format":"standard","meta":{"_monsterinsights_skip_tracking":false,"_monsterinsights_sitenote_active":false,"_monsterinsights_sitenote_note":"","_monsterinsights_sitenote_category":0,"jetpack_post_was_ever_published":false,"_jetpack_newsletter_access":"","_jetpack_dont_email_post_to_subs":false,"_jetpack_newsletter_tier_id":0,"_jetpack_memberships_contains_paywalled_content":false,"_jetpack_memberships_contains_paid_content":false,"footnotes":"","jetpack_publicize_message":"","jetpack_publicize_feature_enabled":true,"jetpack_social_post_already_shared":true,"jetpack_social_options":{"image_generator_settings":{"template":"highway","default_image_id":0,"font":"","enabled":false},"version":2},"_wpas_customize_per_network":false},"categories":[9791],"tags":[16175,624,134],"class_list":["post-107601","post","type-post","status-publish","format-standard","has-post-thumbnail","hentry","category-salud","tag-coronavirus","tag-hospital-blas-l-dubarry","tag-salud","generate-columns","tablet-grid-50","mobile-grid-100","grid-parent","grid-50"],"jetpack_publicize_connections":[],"jetpack_featured_media_url":"https:\/\/www.hoymercedes.com.ar\/principal\/wp-content\/uploads\/2020\/03\/IMG_20200312_134134.jpg","wps_subtitle":"Informaci\u00f3n importante","jetpack_sharing_enabled":true,"_links":{"self":[{"href":"https:\/\/www.hoymercedes.com.ar\/principal\/wp-json\/wp\/v2\/posts\/107601","targetHints":{"allow":["GET"]}}],"collection":[{"href":"https:\/\/www.hoymercedes.com.ar\/principal\/wp-json\/wp\/v2\/posts"}],"about":[{"href":"https:\/\/www.hoymercedes.com.ar\/principal\/wp-json\/wp\/v2\/types\/post"}],"author":[{"embeddable":true,"href":"https:\/\/www.hoymercedes.com.ar\/principal\/wp-json\/wp\/v2\/users\/1"}],"replies":[{"embeddable":true,"href":"https:\/\/www.hoymercedes.com.ar\/principal\/wp-json\/wp\/v2\/comments?post=107601"}],"version-history":[{"count":0,"href":"https:\/\/www.hoymercedes.com.ar\/principal\/wp-json\/wp\/v2\/posts\/107601\/revisions"}],"wp:featuredmedia":[{"embeddable":true,"href":"https:\/\/www.hoymercedes.com.ar\/principal\/wp-json\/wp\/v2\/media\/107434"}],"wp:attachment":[{"href":"https:\/\/www.hoymercedes.com.ar\/principal\/wp-json\/wp\/v2\/media?parent=107601"}],"wp:term":[{"taxonomy":"category","embeddable":true,"href":"https:\/\/www.hoymercedes.com.ar\/principal\/wp-json\/wp\/v2\/categories?post=107601"},{"taxonomy":"post_tag","embeddable":true,"href":"https:\/\/www.hoymercedes.com.ar\/principal\/wp-json\/wp\/v2\/tags?post=107601"}],"curies":[{"name":"wp","href":"https:\/\/api.w.org\/{rel}","templated":true}]}}