{"id":107612,"date":"2020-03-14T14:54:22","date_gmt":"2020-03-14T17:54:22","guid":{"rendered":"http:\/\/www.hoymercedes.com.ar\/principal\/?p=107612"},"modified":"2020-03-16T19:43:47","modified_gmt":"2020-03-16T22:43:47","slug":"primer-caso-sospechoso-no-es-coronavirus-tras-conocer-resultados-de-laboratorio","status":"publish","type":"post","link":"https:\/\/www.hoymercedes.com.ar\/principal\/2020\/03\/14\/primer-caso-sospechoso-no-es-coronavirus-tras-conocer-resultados-de-laboratorio\/","title":{"rendered":"Coronavirus: No es COVID-19 el primer caso sospechoso tras resultados de laboratorio"},"content":{"rendered":"\n<p>Hospital Dubarry anunci\u00f3 que el primer caso que se conoci\u00f3 en Mercedes no es coronavirus tal como determin\u00f3 el estudio de laboratorio. <\/p>\n\n\n\n<p>RESULTADOS DEL PRIMER CASO SOSPECHOSO<\/p>\n\n\n\n<p>Les informamos a toda la comunidad que el primer caso sospecho NO ES CORONAVIRUS. A trav\u00e9s del protocolo laboratorial emitido por el ministerio, se confirm\u00f3 que se trataba de otro virus.<\/p>\n\n\n\n<p>El paciente ser\u00e1 externado y completar\u00e1 sus cuidados en su domicilio.<\/p>\n\n\n\n<p>Destacamos el compromiso y trabajo de cada uno de los actores intervinientes y el gran compromiso de la familia, que con su responsabilidad avis\u00f3 en tiempo y forma del viaje y los sintomas.<\/p>\n\n\n\n<p>M\u00e1s all\u00e1 del alivio que trae esta noticia principalmente a la familia, solicitamos que cada viajero proveniente del exterior (EE.UU, EUROPA, IRAN, COREA DEL SUR, JAPON Y CHINA) deben comunicarse con el 107, y ante la presencia de s\u00edntomas informarnos inmediatamente al mismo n\u00famero.<\/p>\n\n\n\n<p>Asimismo estos viajeros deber\u00e1n permanecer en aislamiento por 14 d\u00edas.<\/p>\n\n\n\n<p>El virus encontrado es s\u00f3lo una gripe com\u00fan, se supo. <\/p>\n","protected":false},"excerpt":{"rendered":"<p>Hospital Dubarry anunci\u00f3 que el primer caso que se conoci\u00f3 en Mercedes no es coronavirus tal como determin\u00f3 el estudio &#8230; <a title=\"Coronavirus: No es COVID-19 el primer caso sospechoso tras resultados de laboratorio\" class=\"read-more\" href=\"https:\/\/www.hoymercedes.com.ar\/principal\/2020\/03\/14\/primer-caso-sospechoso-no-es-coronavirus-tras-conocer-resultados-de-laboratorio\/\" aria-label=\"Leer m\u00e1s sobre Coronavirus: No es COVID-19 el primer caso sospechoso tras resultados de laboratorio\">Leer m\u00e1s<\/a><\/p>\n","protected":false},"author":1,"featured_media":91509,"comment_status":"closed","ping_status":"open","sticky":false,"template":"","format":"standard","meta":{"_monsterinsights_skip_tracking":false,"_monsterinsights_sitenote_active":false,"_monsterinsights_sitenote_note":"","_monsterinsights_sitenote_category":0,"jetpack_post_was_ever_published":false,"_jetpack_newsletter_access":"","_jetpack_dont_email_post_to_subs":false,"_jetpack_newsletter_tier_id":0,"_jetpack_memberships_contains_paywalled_content":false,"_jetpack_memberships_contains_paid_content":false,"footnotes":"","jetpack_publicize_message":"","jetpack_publicize_feature_enabled":true,"jetpack_social_post_already_shared":true,"jetpack_social_options":{"image_generator_settings":{"template":"highway","default_image_id":0,"font":"","enabled":false},"version":2},"_wpas_customize_per_network":false},"categories":[9791],"tags":[16175,16307,140,134],"class_list":["post-107612","post","type-post","status-publish","format-standard","has-post-thumbnail","hentry","category-salud","tag-coronavirus","tag-coronavirus-mercedes","tag-hospital-dubarry","tag-salud","generate-columns","tablet-grid-50","mobile-grid-100","grid-parent","grid-50"],"jetpack_publicize_connections":[],"jetpack_featured_media_url":"https:\/\/www.hoymercedes.com.ar\/principal\/wp-content\/uploads\/2019\/04\/17-Hospital-Dubarry.jpg","wps_subtitle":"Buena noticia","jetpack_sharing_enabled":true,"_links":{"self":[{"href":"https:\/\/www.hoymercedes.com.ar\/principal\/wp-json\/wp\/v2\/posts\/107612","targetHints":{"allow":["GET"]}}],"collection":[{"href":"https:\/\/www.hoymercedes.com.ar\/principal\/wp-json\/wp\/v2\/posts"}],"about":[{"href":"https:\/\/www.hoymercedes.com.ar\/principal\/wp-json\/wp\/v2\/types\/post"}],"author":[{"embeddable":true,"href":"https:\/\/www.hoymercedes.com.ar\/principal\/wp-json\/wp\/v2\/users\/1"}],"replies":[{"embeddable":true,"href":"https:\/\/www.hoymercedes.com.ar\/principal\/wp-json\/wp\/v2\/comments?post=107612"}],"version-history":[{"count":0,"href":"https:\/\/www.hoymercedes.com.ar\/principal\/wp-json\/wp\/v2\/posts\/107612\/revisions"}],"wp:featuredmedia":[{"embeddable":true,"href":"https:\/\/www.hoymercedes.com.ar\/principal\/wp-json\/wp\/v2\/media\/91509"}],"wp:attachment":[{"href":"https:\/\/www.hoymercedes.com.ar\/principal\/wp-json\/wp\/v2\/media?parent=107612"}],"wp:term":[{"taxonomy":"category","embeddable":true,"href":"https:\/\/www.hoymercedes.com.ar\/principal\/wp-json\/wp\/v2\/categories?post=107612"},{"taxonomy":"post_tag","embeddable":true,"href":"https:\/\/www.hoymercedes.com.ar\/principal\/wp-json\/wp\/v2\/tags?post=107612"}],"curies":[{"name":"wp","href":"https:\/\/api.w.org\/{rel}","templated":true}]}}