{"id":107630,"date":"2020-03-14T17:38:00","date_gmt":"2020-03-14T20:38:00","guid":{"rendered":"http:\/\/www.hoymercedes.com.ar\/principal\/?p=107630"},"modified":"2020-03-16T19:42:35","modified_gmt":"2020-03-16T22:42:35","slug":"el-ips-reprogramara-los-turnos-de-atencion-de-marzo-para-el-mes-de-abril","status":"publish","type":"post","link":"https:\/\/www.hoymercedes.com.ar\/principal\/2020\/03\/14\/el-ips-reprogramara-los-turnos-de-atencion-de-marzo-para-el-mes-de-abril\/","title":{"rendered":"Coronavirus: El IPS reprogramar\u00e1 los turnos de atenci\u00f3n de marzo para el mes de abril"},"content":{"rendered":"\n<p><em>La medida incluye a las sedes de atenci\u00f3n en La Plata y a los Centros de Atenci\u00f3n Previsional (CAP) en el interior provincial.<\/em><\/p>\n\n\n\n<p>En el marco de la pandemia declarada por la Organizaci\u00f3n Mundial de la Salud por el virus COVID-19, y a los efectos de prevenir su transmisi\u00f3n a grupos de riesgo (mayores de 65 a\u00f1os), el Instituto de Previsi\u00f3n Social reprogramar\u00e1 los turnos de atenci\u00f3n otorgados para el mes de marzo, a partir del 1\u00b0 de abril. Los interesados deben solicitar un nuevo turno ingresando al sitio web institucional<\/p>\n\n\n\n<p>Todos los plazos vinculados a Recursos, Reclamos, supervivencias y dem\u00e1s presentaciones, quedan suspendidos hasta el 30 de abril de 2020 inclusive.<\/p>\n\n\n\n<p>Fuente: IPS <\/p>\n","protected":false},"excerpt":{"rendered":"<p>La medida incluye a las sedes de atenci\u00f3n en La Plata y a los Centros de Atenci\u00f3n Previsional (CAP) en &#8230; <a title=\"Coronavirus: El IPS reprogramar\u00e1 los turnos de atenci\u00f3n de marzo para el mes de abril\" class=\"read-more\" href=\"https:\/\/www.hoymercedes.com.ar\/principal\/2020\/03\/14\/el-ips-reprogramara-los-turnos-de-atencion-de-marzo-para-el-mes-de-abril\/\" aria-label=\"Leer m\u00e1s sobre Coronavirus: El IPS reprogramar\u00e1 los turnos de atenci\u00f3n de marzo para el mes de abril\">Leer m\u00e1s<\/a><\/p>\n","protected":false},"author":1,"featured_media":107631,"comment_status":"closed","ping_status":"open","sticky":false,"template":"","format":"standard","meta":{"_monsterinsights_skip_tracking":false,"_monsterinsights_sitenote_active":false,"_monsterinsights_sitenote_note":"","_monsterinsights_sitenote_category":0,"jetpack_post_was_ever_published":false,"_jetpack_newsletter_access":"","_jetpack_dont_email_post_to_subs":false,"_jetpack_newsletter_tier_id":0,"_jetpack_memberships_contains_paywalled_content":false,"_jetpack_memberships_contains_paid_content":false,"footnotes":"","jetpack_publicize_message":"","jetpack_publicize_feature_enabled":true,"jetpack_social_post_already_shared":true,"jetpack_social_options":{"image_generator_settings":{"template":"highway","default_image_id":0,"font":"","enabled":false},"version":2},"_wpas_customize_per_network":false},"categories":[8881],"tags":[16175,7007,7944,1803],"class_list":["post-107630","post","type-post","status-publish","format-standard","has-post-thumbnail","hentry","category-provincia","tag-coronavirus","tag-ips","tag-jubilados","tag-provincia","generate-columns","tablet-grid-50","mobile-grid-100","grid-parent","grid-50"],"jetpack_publicize_connections":[],"jetpack_featured_media_url":"https:\/\/www.hoymercedes.com.ar\/principal\/wp-content\/uploads\/2020\/03\/14-logo-IPS.png","wps_subtitle":"Coronavirus","jetpack_sharing_enabled":true,"_links":{"self":[{"href":"https:\/\/www.hoymercedes.com.ar\/principal\/wp-json\/wp\/v2\/posts\/107630","targetHints":{"allow":["GET"]}}],"collection":[{"href":"https:\/\/www.hoymercedes.com.ar\/principal\/wp-json\/wp\/v2\/posts"}],"about":[{"href":"https:\/\/www.hoymercedes.com.ar\/principal\/wp-json\/wp\/v2\/types\/post"}],"author":[{"embeddable":true,"href":"https:\/\/www.hoymercedes.com.ar\/principal\/wp-json\/wp\/v2\/users\/1"}],"replies":[{"embeddable":true,"href":"https:\/\/www.hoymercedes.com.ar\/principal\/wp-json\/wp\/v2\/comments?post=107630"}],"version-history":[{"count":0,"href":"https:\/\/www.hoymercedes.com.ar\/principal\/wp-json\/wp\/v2\/posts\/107630\/revisions"}],"wp:featuredmedia":[{"embeddable":true,"href":"https:\/\/www.hoymercedes.com.ar\/principal\/wp-json\/wp\/v2\/media\/107631"}],"wp:attachment":[{"href":"https:\/\/www.hoymercedes.com.ar\/principal\/wp-json\/wp\/v2\/media?parent=107630"}],"wp:term":[{"taxonomy":"category","embeddable":true,"href":"https:\/\/www.hoymercedes.com.ar\/principal\/wp-json\/wp\/v2\/categories?post=107630"},{"taxonomy":"post_tag","embeddable":true,"href":"https:\/\/www.hoymercedes.com.ar\/principal\/wp-json\/wp\/v2\/tags?post=107630"}],"curies":[{"name":"wp","href":"https:\/\/api.w.org\/{rel}","templated":true}]}}