{"id":107634,"date":"2020-03-14T18:04:00","date_gmt":"2020-03-14T21:04:00","guid":{"rendered":"http:\/\/www.hoymercedes.com.ar\/principal\/?p=107634"},"modified":"2020-03-16T19:42:17","modified_gmt":"2020-03-16T22:42:17","slug":"docentes-preocupados-por-el-coronavirus","status":"publish","type":"post","link":"https:\/\/www.hoymercedes.com.ar\/principal\/2020\/03\/14\/docentes-preocupados-por-el-coronavirus\/","title":{"rendered":"Coronavirus: Docentes preocupados por la pandemia"},"content":{"rendered":"\n<p>A trav\u00e9s de publicaciones en redes sociales, la titular de la Federaci\u00f3n de Educadores Bonaerenses, Mirta Petrocini, dio cuenta de estar \u00abanalizando minuto a minuto el avance del coronavirus en todo el territorio provincial\u00bb que \u00abpreocupa sobremanera\u00bb. <\/p>\n\n\n\n<p>\u00abMiles de escuelas no est\u00e1n preparadas preventiva, ni sanitariamente para hacer frente a esta situaci\u00f3n\u00bb, agrega Petrocini para luego recordar que en la tarde del viernes se llev\u00f3 adelante una reuni\u00f3n de Comisi\u00f3n T\u00e9cnica de Salud en donde los gremios presentes entregaron un \u00abinforme detallando la ausencia de material de higiene y desinfecci\u00f3n en las escuelas bonaerenses\u00bb. <\/p>\n\n\n\n<p>\u00abSe requieren medidas Ya! Est\u00e1n expuestos alumnos, docentes y no docentes, ante el avance de la pandemia! Decisi\u00f3n Urgente!!\u00bb, expresa la titular de FEB en sus redes, en consonancia y respuesta a un alto porcentaje de docentes de la provincia de Buenos Aires preocupados por la salud de las comunidades educativas que solicitan la cancelaci\u00f3n de las clases o, en su defecto, proponen realizar \u00abparo por cuarentena de coronavirus\u00bb. <\/p>\n\n\n\n<p>Por su parte, SUTEBA pide una medida integral de resguardo de la salud de docentes, estudiantes y auxiliares. \u00abExigimos que el Gobierno tome medidas urgentes y perentorias a los efectos de garantizar <em>Profilaxis e Higiene de Estudiantes, Docentes y Auxiliares de la Educaci\u00f3n<\/em>. As\u00ed mismo requerimos que es imprescindible una <em>medida integral de resguardo de la salud de las comunidades educativas<\/em>\u00ab<\/p>\n\n\n\n<p>Los gremios que conforman el Frente de Unidad Docentes Bonaerenses en la  Comisi\u00f3n de Salud Laboral con la Direcci\u00f3n General de Cultura y Educaci\u00f3n, trasladaron a las autoridades bonaerenses la preocupaci\u00f3n y la incertidumbre de todos los docentes bonaerenses por el virus del Coronavirus.<\/p>\n\n\n\n<p>Se plantearon pedidos puntuales: <br>\u2022&nbsp;&nbsp; &nbsp;Se planteo que hasta el momento, el relevamiento en toda la provincia, dio como resultado la falta de insumos para protecci\u00f3n personal y cuidado de la higiene. Adem\u00e1s que tampoco llegaron las partidas presupuestarias a los distritos.<br>\u2022&nbsp;&nbsp; &nbsp;Se exigi\u00f3 la necesidad de aplicar el Art. 114 H. Para los casos de docentes mayores de 65 a\u00f1os, embarazadas e inmunodeprimidos.<br>\u2022&nbsp;&nbsp; &nbsp;Se solicit\u00f3, tambi\u00e9n, &nbsp;incorporar a las comisiones de salud distritales a los gremios.&nbsp;<\/p>\n","protected":false},"excerpt":{"rendered":"<p>A trav\u00e9s de publicaciones en redes sociales, la titular de la Federaci\u00f3n de Educadores Bonaerenses, Mirta Petrocini, dio cuenta de &#8230; <a title=\"Coronavirus: Docentes preocupados por la pandemia\" class=\"read-more\" href=\"https:\/\/www.hoymercedes.com.ar\/principal\/2020\/03\/14\/docentes-preocupados-por-el-coronavirus\/\" aria-label=\"Leer m\u00e1s sobre Coronavirus: Docentes preocupados por la pandemia\">Leer m\u00e1s<\/a><\/p>\n","protected":false},"author":1,"featured_media":107635,"comment_status":"closed","ping_status":"open","sticky":false,"template":"","format":"standard","meta":{"_monsterinsights_skip_tracking":false,"_monsterinsights_sitenote_active":false,"_monsterinsights_sitenote_note":"","_monsterinsights_sitenote_category":0,"jetpack_post_was_ever_published":false,"_jetpack_newsletter_access":"","_jetpack_dont_email_post_to_subs":false,"_jetpack_newsletter_tier_id":0,"_jetpack_memberships_contains_paywalled_content":false,"_jetpack_memberships_contains_paid_content":false,"footnotes":"","jetpack_publicize_message":"","jetpack_publicize_feature_enabled":true,"jetpack_social_post_already_shared":true,"jetpack_social_options":{"image_generator_settings":{"template":"highway","default_image_id":0,"font":"","enabled":false},"version":2},"_wpas_customize_per_network":false},"categories":[8881],"tags":[16175,484,47,16308,1803],"class_list":["post-107634","post","type-post","status-publish","format-standard","has-post-thumbnail","hentry","category-provincia","tag-coronavirus","tag-docentes","tag-educacion-2","tag-paro-preventivo","tag-provincia","generate-columns","tablet-grid-50","mobile-grid-100","grid-parent","grid-50"],"jetpack_publicize_connections":[],"jetpack_featured_media_url":"https:\/\/www.hoymercedes.com.ar\/principal\/wp-content\/uploads\/2020\/03\/14-docentes-coronavirus.png","wps_subtitle":"Educaci\u00f3n provincial","jetpack_sharing_enabled":true,"_links":{"self":[{"href":"https:\/\/www.hoymercedes.com.ar\/principal\/wp-json\/wp\/v2\/posts\/107634","targetHints":{"allow":["GET"]}}],"collection":[{"href":"https:\/\/www.hoymercedes.com.ar\/principal\/wp-json\/wp\/v2\/posts"}],"about":[{"href":"https:\/\/www.hoymercedes.com.ar\/principal\/wp-json\/wp\/v2\/types\/post"}],"author":[{"embeddable":true,"href":"https:\/\/www.hoymercedes.com.ar\/principal\/wp-json\/wp\/v2\/users\/1"}],"replies":[{"embeddable":true,"href":"https:\/\/www.hoymercedes.com.ar\/principal\/wp-json\/wp\/v2\/comments?post=107634"}],"version-history":[{"count":0,"href":"https:\/\/www.hoymercedes.com.ar\/principal\/wp-json\/wp\/v2\/posts\/107634\/revisions"}],"wp:featuredmedia":[{"embeddable":true,"href":"https:\/\/www.hoymercedes.com.ar\/principal\/wp-json\/wp\/v2\/media\/107635"}],"wp:attachment":[{"href":"https:\/\/www.hoymercedes.com.ar\/principal\/wp-json\/wp\/v2\/media?parent=107634"}],"wp:term":[{"taxonomy":"category","embeddable":true,"href":"https:\/\/www.hoymercedes.com.ar\/principal\/wp-json\/wp\/v2\/categories?post=107634"},{"taxonomy":"post_tag","embeddable":true,"href":"https:\/\/www.hoymercedes.com.ar\/principal\/wp-json\/wp\/v2\/tags?post=107634"}],"curies":[{"name":"wp","href":"https:\/\/api.w.org\/{rel}","templated":true}]}}