{"id":107665,"date":"2020-03-15T20:45:47","date_gmt":"2020-03-15T23:45:47","guid":{"rendered":"http:\/\/www.hoymercedes.com.ar\/principal\/?p=107665"},"modified":"2020-03-15T22:24:11","modified_gmt":"2020-03-16T01:24:11","slug":"coronavirus-suspension-de-clases-y-cierre-de-fronteras-entre-las-medidas-nacionales","status":"publish","type":"post","link":"https:\/\/www.hoymercedes.com.ar\/principal\/2020\/03\/15\/coronavirus-suspension-de-clases-y-cierre-de-fronteras-entre-las-medidas-nacionales\/","title":{"rendered":"Coronavirus: Suspensi\u00f3n de clases y cierre de fronteras entre las medidas nacionales"},"content":{"rendered":"\n<p>Pasadas las ocho de la tarde del domingo, el Presidente Alberto Fern\u00e1ndez brind\u00f3 una conferencia de prensa anunciando las medidas nacionales que regir\u00e1n hasta el 31 de marzo. Las m\u00e1s relevantes son la suspensi\u00f3n de clases en todos los niveles educativos, no as\u00ed los comedores escolares, y el cierre de fronteras \u00e1reas y terrestres para extranjeros que podr\u00e1n salir, pero no ingresar. Asimismo, permitir\u00e1n el ingreso a argentinos y extranjeros con domicilio en el pa\u00eds. Este lunes anunciar\u00e1n medidas socio econ\u00f3micas. <\/p>\n\n\n\n<figure class=\"wp-block-embed-youtube wp-block-embed is-type-video is-provider-youtube wp-embed-aspect-16-9 wp-has-aspect-ratio\"><div class=\"wp-block-embed__wrapper\">\n<span class=\"embed-youtube\" style=\"text-align:center; display: block;\"><iframe loading=\"lazy\" class=\"youtube-player\" width=\"1200\" height=\"675\" src=\"https:\/\/www.youtube.com\/embed\/cbRi7HRIunY?version=3&#038;rel=1&#038;showsearch=0&#038;showinfo=1&#038;iv_load_policy=1&#038;fs=1&#038;hl=es-ES&#038;autohide=2&#038;wmode=transparent\" allowfullscreen=\"true\" style=\"border:0;\" sandbox=\"allow-scripts allow-same-origin allow-popups allow-presentation allow-popups-to-escape-sandbox\"><\/iframe><\/span>\n<\/div><\/figure>\n\n\n\n<p>Ante los medios nacionales, y con difusi\u00f3n a trav\u00e9s de todos los medios, el Presidente Fern\u00e1ndez, junto al Jefe de Gobierno Horacio Rodr\u00edguez Larreta  y el Gobernador de la provincia de Buenos Aires, Axel Kicillof, expres\u00f3 \u00abtrataremos que no se convierta en un virus aut\u00f3ctono. Tal vez ocurra, pero debemos ganar tiempo con medidas importantes. La OMS ha determinado que tomemos medidas dr\u00e1sticas\u00bb, asegur\u00f3 el presidente de la rep\u00fablica. <\/p>\n\n\n\n<p>Es as\u00ed que dio cuenta de las medidas tomadas sobre distintas cuestiones y respondi\u00f3 a los medios presentes en la Quinta de Olivos luego de la reuni\u00f3n con funcionarios nacionales, de la ciudad de Buenos Aires y provincia. <\/p>\n\n\n\n<p>Sobre las clases, anunci\u00f3 la suspensi\u00f3n en los niveles educativos: \u00abJard\u00edn de Infantes, Primaria y Secundaria no tendr\u00e1n clases desde el lunes 16 hasta el 31 de marzo para evitar circule el virus en menores, sabiendo su riesgo no se ha dado hasta aqu\u00ed como factor grave, que no hay n\u00fameros trascendentales, pero que pueden ser portadores. Por eso se suspenden las clases hasta el 31 de marzo\u00bb, explic\u00f3. Luego se refiri\u00f3 a los clases en Universidades que de manera aut\u00f3noma varias de ellas anunciaron el cese de clases tambi\u00e9n. Esta suspensi\u00f3n, incluir\u00eda el nivel superior dependiente de la provincia. <\/p>\n\n\n\n<p>Asimismo, Fern\u00e1ndez asegur\u00f3: \u00abLas escuelas estar\u00e1n abiertas atendiendo las otras obligaciones laterales que tienen, como el alimento de los chicos.  Por 14 d\u00edas no habr\u00e1 clases. No estamos dando vacaciones, sino medidas dr\u00e1sticas\u00bb. <\/p>\n\n\n\n<figure class=\"wp-block-image size-large\"><img loading=\"lazy\" decoding=\"async\" width=\"800\" height=\"521\" data-attachment-id=\"107666\" data-permalink=\"https:\/\/www.hoymercedes.com.ar\/principal\/2020\/03\/15\/coronavirus-suspension-de-clases-y-cierre-de-fronteras-entre-las-medidas-nacionales\/15-fernandez\/#main\" data-orig-file=\"https:\/\/www.hoymercedes.com.ar\/principal\/wp-content\/uploads\/2020\/03\/15-fernandez.jpg\" data-orig-size=\"800,521\" data-comments-opened=\"0\" data-image-meta=\"{&quot;aperture&quot;:&quot;0&quot;,&quot;credit&quot;:&quot;&quot;,&quot;camera&quot;:&quot;&quot;,&quot;caption&quot;:&quot;&quot;,&quot;created_timestamp&quot;:&quot;0&quot;,&quot;copyright&quot;:&quot;&quot;,&quot;focal_length&quot;:&quot;0&quot;,&quot;iso&quot;:&quot;0&quot;,&quot;shutter_speed&quot;:&quot;0&quot;,&quot;title&quot;:&quot;&quot;,&quot;orientation&quot;:&quot;0&quot;}\" data-image-title=\"15 fernandez\" data-image-description=\"\" data-image-caption=\"\" data-large-file=\"https:\/\/www.hoymercedes.com.ar\/principal\/wp-content\/uploads\/2020\/03\/15-fernandez.jpg\" src=\"https:\/\/www.hoymercedes.com.ar\/principal\/wp-content\/uploads\/2020\/03\/15-fernandez.jpg\" alt=\"\" class=\"wp-image-107666\"\/><\/figure>\n\n\n\n<p>En cuanto a las fronteras \u00e1reas y terrestres, el presidente explic\u00f3 que cerrar\u00e1n las fronteras por 15 d\u00edas, prorrogable. \u00abEl Coronavirus tambi\u00e9n viene desde pa\u00edses fronterizos\u00bb, a\u00f1adi\u00f3. \u00abS\u00ed ingresar\u00e1n los argentinos nativos o extranjeros residentes en argentinos. Tambi\u00e9n se cierran todos los parques nacionales donde se entrecruza turismo.  Quien quiera salir puede hacerlo sin problemas\u00bb, resalt\u00f3. <\/p>\n\n\n\n<p>Adem\u00e1s, anunci\u00f3 la cancelaci\u00f3n de eventos que re\u00fanan mucha gente. \u00abNo habr\u00e1 espect\u00e1culos: cine, teatro, deportes, que signifiquen un nucleamiento importante de asistentes\u00bb, dijo y sobre el f\u00fatbol sugiri\u00f3 que se podr\u00eda jugar a puertas cerradas y solicit\u00f3 que se transmitan libremente para acompa\u00f1ar la medida de que la gente se quede en sus casas. <\/p>\n\n\n\n<p>Estar\u00e1 autorizada la licencia para los mayores de 65 a\u00f1os que es la edad de mayor riesgo. \u00abSe les pedir\u00e1 que se queden en sus casas. Tendr\u00e1n horarios de atenci\u00f3n espec\u00edfica en determinadas instituciones\u00bb, agreg\u00f3 que dio como ejemplos distintos horarios de atenci\u00f3n para bancos e instituciones estatales. <\/p>\n\n\n\n<p>El d\u00eda de ma\u00f1ana, lunes 16, se reunir\u00e1 el gabinete econ\u00f3mico y social \u00abpara paliar los efectos de la pandemia que afectar\u00e1 a la actividad econ\u00f3mica\u00bb. Es decir que luego de ese encuentro, se conocer\u00e1n otras medidas relacionadas con el \u00e1mbito econ\u00f3mico.  \u00abLos negocios de cercan\u00eda no producir\u00e1n cierre. Las personas deben seguir consumiendo. Se evitar\u00e1 las aglomeraciones de gente\u00bb, dijo ante la pregunta sobre el cierre de supermercados y shopping y marc\u00f3 en que no debe temerse al desabastecimiento ni al cierre de negocios, a lo que agreg\u00f3 que ser\u00e1n inflexibles con aquellos \u00abavivados\u00bb que aprovechen esta situaci\u00f3n para aumentar los precios.  <\/p>\n\n\n\n<p>El tr\u00e1nsito de las personas, influye en el tr\u00e1nsito del virus. \u00abSe actuar\u00e1 para disminuir el tr\u00e1nsito en AMBA donde mayor cantidad de afectado hay\u00bb, dijo y anticip\u00f3 que podr\u00edan autorizar el teletrabajo para evitar la circulaci\u00f3n de las personas por Capital y gran Buenos Aires. <\/p>\n\n\n\n<p>\u00abLas medidas no suponen agravamiento de las situaciones existentes. Es una medida que busca evitar el crecimiento sea exponencial. Se dar\u00eda as\u00ed un crecimiento del problema paulatino que permita controlarlo\u00bb, destac\u00f3 el Presidente. A lo que agreg\u00f3: \u00abSi hacemos las cosas bien, evitamos la psicosis, los riesgos se van a minimizar. Luchamos con un enemigo invisible\u00bb. <\/p>\n\n\n\n<p>Un punto en el que se demostr\u00f3 inflexible fue en el cumplimiento de la cuarentana para quienes volvieron al pa\u00eds los \u00faltimos quince d\u00edas. \u00abSer\u00e1 inflexible su cumplimiento. Quien no lo cumpla ser\u00e1 penalmente responsable. Las reglas que se imponen en cuarentena deben cumplirse al pie de la letra. El gobierno no se beneficia con esto, es necesario nos cuidemos los argentinos\u00bb, expres\u00f3 y puso como ejemplo las detenciones de las \u00faltimas horas de argentinos y turistas que se negaban a cumplir los catorce d\u00edas de cuarentena. <\/p>\n\n\n\n<p>\u00abEstemos atentos y vigilantes a lo que nos est\u00e1 pasando. Si hacemos las cuestiones sanitarias correspondientes vamos a poder salir adelante, a pesar de los da\u00f1os que el problema causar\u00e1, pero protegiendo la vida\u00bb, marc\u00f3. <\/p>\n\n\n\n<figure class=\"wp-block-image size-large\"><img loading=\"lazy\" decoding=\"async\" width=\"800\" height=\"395\" data-attachment-id=\"107667\" data-permalink=\"https:\/\/www.hoymercedes.com.ar\/principal\/2020\/03\/15\/coronavirus-suspension-de-clases-y-cierre-de-fronteras-entre-las-medidas-nacionales\/15-fernandez2\/#main\" data-orig-file=\"https:\/\/www.hoymercedes.com.ar\/principal\/wp-content\/uploads\/2020\/03\/15-fernandez2.jpg\" data-orig-size=\"800,395\" data-comments-opened=\"0\" data-image-meta=\"{&quot;aperture&quot;:&quot;0&quot;,&quot;credit&quot;:&quot;&quot;,&quot;camera&quot;:&quot;&quot;,&quot;caption&quot;:&quot;&quot;,&quot;created_timestamp&quot;:&quot;0&quot;,&quot;copyright&quot;:&quot;&quot;,&quot;focal_length&quot;:&quot;0&quot;,&quot;iso&quot;:&quot;0&quot;,&quot;shutter_speed&quot;:&quot;0&quot;,&quot;title&quot;:&quot;&quot;,&quot;orientation&quot;:&quot;0&quot;}\" data-image-title=\"15 fernandez2\" data-image-description=\"\" data-image-caption=\"\" data-large-file=\"https:\/\/www.hoymercedes.com.ar\/principal\/wp-content\/uploads\/2020\/03\/15-fernandez2.jpg\" src=\"https:\/\/www.hoymercedes.com.ar\/principal\/wp-content\/uploads\/2020\/03\/15-fernandez2.jpg\" alt=\"\" class=\"wp-image-107667\"\/><\/figure>\n","protected":false},"excerpt":{"rendered":"<p>Pasadas las ocho de la tarde del domingo, el Presidente Alberto Fern\u00e1ndez brind\u00f3 una conferencia de prensa anunciando las medidas &#8230; <a title=\"Coronavirus: Suspensi\u00f3n de clases y cierre de fronteras entre las medidas nacionales\" class=\"read-more\" href=\"https:\/\/www.hoymercedes.com.ar\/principal\/2020\/03\/15\/coronavirus-suspension-de-clases-y-cierre-de-fronteras-entre-las-medidas-nacionales\/\" aria-label=\"Leer m\u00e1s sobre Coronavirus: Suspensi\u00f3n de clases y cierre de fronteras entre las medidas nacionales\">Leer m\u00e1s<\/a><\/p>\n","protected":false},"author":1,"featured_media":107667,"comment_status":"closed","ping_status":"open","sticky":false,"template":"","format":"standard","meta":{"_monsterinsights_skip_tracking":false,"_monsterinsights_sitenote_active":false,"_monsterinsights_sitenote_note":"","_monsterinsights_sitenote_category":0,"jetpack_post_was_ever_published":false,"_jetpack_newsletter_access":"","_jetpack_dont_email_post_to_subs":false,"_jetpack_newsletter_tier_id":0,"_jetpack_memberships_contains_paywalled_content":false,"_jetpack_memberships_contains_paid_content":false,"footnotes":"","jetpack_publicize_message":"","jetpack_publicize_feature_enabled":true,"jetpack_social_post_already_shared":true,"jetpack_social_options":{"image_generator_settings":{"template":"highway","default_image_id":0,"font":"","enabled":false},"version":2},"_wpas_customize_per_network":false},"categories":[5210],"tags":[16175,16313,16314,16315],"class_list":["post-107665","post","type-post","status-publish","format-standard","has-post-thumbnail","hentry","category-politica-nacional","tag-coronavirus","tag-covid-19","tag-medidas-nacionales","tag-presidente-alberto-fernandez","generate-columns","tablet-grid-50","mobile-grid-100","grid-parent","grid-50"],"jetpack_publicize_connections":[],"jetpack_featured_media_url":"https:\/\/www.hoymercedes.com.ar\/principal\/wp-content\/uploads\/2020\/03\/15-fernandez2.jpg","wps_subtitle":"Anuncios de Fern\u00e1ndez","jetpack_sharing_enabled":true,"_links":{"self":[{"href":"https:\/\/www.hoymercedes.com.ar\/principal\/wp-json\/wp\/v2\/posts\/107665","targetHints":{"allow":["GET"]}}],"collection":[{"href":"https:\/\/www.hoymercedes.com.ar\/principal\/wp-json\/wp\/v2\/posts"}],"about":[{"href":"https:\/\/www.hoymercedes.com.ar\/principal\/wp-json\/wp\/v2\/types\/post"}],"author":[{"embeddable":true,"href":"https:\/\/www.hoymercedes.com.ar\/principal\/wp-json\/wp\/v2\/users\/1"}],"replies":[{"embeddable":true,"href":"https:\/\/www.hoymercedes.com.ar\/principal\/wp-json\/wp\/v2\/comments?post=107665"}],"version-history":[{"count":0,"href":"https:\/\/www.hoymercedes.com.ar\/principal\/wp-json\/wp\/v2\/posts\/107665\/revisions"}],"wp:featuredmedia":[{"embeddable":true,"href":"https:\/\/www.hoymercedes.com.ar\/principal\/wp-json\/wp\/v2\/media\/107667"}],"wp:attachment":[{"href":"https:\/\/www.hoymercedes.com.ar\/principal\/wp-json\/wp\/v2\/media?parent=107665"}],"wp:term":[{"taxonomy":"category","embeddable":true,"href":"https:\/\/www.hoymercedes.com.ar\/principal\/wp-json\/wp\/v2\/categories?post=107665"},{"taxonomy":"post_tag","embeddable":true,"href":"https:\/\/www.hoymercedes.com.ar\/principal\/wp-json\/wp\/v2\/tags?post=107665"}],"curies":[{"name":"wp","href":"https:\/\/api.w.org\/{rel}","templated":true}]}}