{"id":107690,"date":"2020-03-16T09:23:00","date_gmt":"2020-03-16T12:23:00","guid":{"rendered":"http:\/\/www.hoymercedes.com.ar\/principal\/?p=107690"},"modified":"2020-03-16T19:39:57","modified_gmt":"2020-03-16T22:39:57","slug":"unlu-suspende-clases-hasta-el-28-de-marzo","status":"publish","type":"post","link":"https:\/\/www.hoymercedes.com.ar\/principal\/2020\/03\/16\/unlu-suspende-clases-hasta-el-28-de-marzo\/","title":{"rendered":"Coronavirus: UNLu suspende clases hasta el 28 de marzo"},"content":{"rendered":"\n<p>El rectorado de la Universidad Nacional de Luj\u00e1n informa las suspensi\u00f3n de sus clases ahasta el 28 de marzo y anunci\u00f3 las medidas adoptadas por el coronavirus. As\u00ed como ya est\u00e1 en su sitio web el sistema de aula virtual para que los alumnos no pierdan la continuidad en sus cursadas. <\/p>\n\n\n\n<p>En la informaci\u00f3n oficial, eximen de presentarse en sus lugares de trabajo, hasta la fecha que defina el H. Consejo Superior de la Universidad Nacional de Luj\u00e1n,a quienes integren los siguientes grupos:<\/p>\n\n\n\n<ol class=\"wp-block-list\"><li><em>Embarazadas<\/em><\/li><li><em>Personas con antecedentes respiratorios (asma, bronquitis cr\u00f3nica, etc.)<\/em><\/li><li><em>Personas con antecedentes card\u00edacos<\/em><\/li><li><em>Personas con Diabetes tipo 1 (insulino dependientes)<\/em><\/li><li><em>Personas con insuficiencia renal<\/em><\/li><li><em>Personas que por indicaci\u00f3n m\u00e9dica deban guardar aislamiento&nbsp; (por ejemplo: familiares convivientes en grupos de riesgo)<\/em><\/li><li><em>Adultos mayores de 65 a\u00f1os<\/em><\/li><\/ol>\n\n\n\n<p><em>&#8211;<\/em>\u00a0Suspender hasta el d\u00eda 28 de marzo de 2020\u00a0 inclusive:<\/p>\n\n\n\n<ol class=\"wp-block-list\"><li><em>Las clases y pr\u00e1cticas presenciales.<\/em><\/li><li><em>Las clases y pr\u00e1cticas de estudiantes en centros de salud o instituciones p\u00fablicas o privadas.&nbsp;<\/em><\/li><li><em>Las actividades extracurriculares acad\u00e9micas o cient\u00edficas, como conferencias, seminarios, congresos y talleres<\/em><\/li><li><em>Las actividades de extensi\u00f3n universitaria y deportivas<\/em><\/li><li><em>Las pruebas de oposici\u00f3n de concursos docentes y no docentes<\/em><\/li><\/ol>\n\n\n\n<p>&#8211; Constituir en el \u00e1mbito de Rectorado un Comit\u00e9 de Crisis integrado por el Rector, Vicerrectora, Secretarios del Rectorado, Directores Decanos, Vicedirectores Decanos, Representantes del H. Consejo Superior, Directores de Centros Regionales, Delegados Rectorales de Delegaciones, Representante del gremio no docente y Representantes de gremios docentes a efectos de analizar y evaluar\u00a0 permanentemente el desarrollo de la emergencia sanitaria con el fin de implementar las acciones y medidas que se consideren m\u00e1s adecuadas para la comunidad universitaria y la ciudadan\u00eda en general.<\/p>\n\n\n\n<p>-Convocar a sesi\u00f3n extraordinaria del H. Consejo Superior para el d\u00eda 18 de marzo de 2020 a efectos de analizar la situaci\u00f3n y acordar con los representantes de la comunidad universitaria las acciones a seguir con el fin de preservar la salud de sus integrantes y, al mismo tiempo; posibilitar, dentro de la complejidad de la crisis, el desarrollo de las actividades sustantivas.<\/p>\n\n\n\n<p>Fuente: Noticias UNLu<\/p>\n","protected":false},"excerpt":{"rendered":"<p>El rectorado de la Universidad Nacional de Luj\u00e1n informa las suspensi\u00f3n de sus clases ahasta el 28 de marzo y &#8230; <a title=\"Coronavirus: UNLu suspende clases hasta el 28 de marzo\" class=\"read-more\" href=\"https:\/\/www.hoymercedes.com.ar\/principal\/2020\/03\/16\/unlu-suspende-clases-hasta-el-28-de-marzo\/\" aria-label=\"Leer m\u00e1s sobre Coronavirus: UNLu suspende clases hasta el 28 de marzo\">Leer m\u00e1s<\/a><\/p>\n","protected":false},"author":1,"featured_media":107711,"comment_status":"closed","ping_status":"open","sticky":false,"template":"","format":"standard","meta":{"_monsterinsights_skip_tracking":false,"_monsterinsights_sitenote_active":false,"_monsterinsights_sitenote_note":"","_monsterinsights_sitenote_category":0,"jetpack_post_was_ever_published":false,"_jetpack_newsletter_access":"","_jetpack_dont_email_post_to_subs":false,"_jetpack_newsletter_tier_id":0,"_jetpack_memberships_contains_paywalled_content":false,"_jetpack_memberships_contains_paid_content":false,"footnotes":"","jetpack_publicize_message":"","jetpack_publicize_feature_enabled":true,"jetpack_social_post_already_shared":true,"jetpack_social_options":{"image_generator_settings":{"template":"highway","default_image_id":0,"font":"","enabled":false},"version":2},"_wpas_customize_per_network":false},"categories":[23],"tags":[10089,16175,8879,54],"class_list":["post-107690","post","type-post","status-publish","format-standard","has-post-thumbnail","hentry","category-educacion","tag-clases","tag-coronavirus","tag-suspension","tag-unlu","generate-columns","tablet-grid-50","mobile-grid-100","grid-parent","grid-50"],"jetpack_publicize_connections":[],"jetpack_featured_media_url":"https:\/\/www.hoymercedes.com.ar\/principal\/wp-content\/uploads\/2020\/03\/16-unlu-logo-noticias.png","wps_subtitle":"Educaci\u00f3n superior","jetpack_sharing_enabled":true,"_links":{"self":[{"href":"https:\/\/www.hoymercedes.com.ar\/principal\/wp-json\/wp\/v2\/posts\/107690","targetHints":{"allow":["GET"]}}],"collection":[{"href":"https:\/\/www.hoymercedes.com.ar\/principal\/wp-json\/wp\/v2\/posts"}],"about":[{"href":"https:\/\/www.hoymercedes.com.ar\/principal\/wp-json\/wp\/v2\/types\/post"}],"author":[{"embeddable":true,"href":"https:\/\/www.hoymercedes.com.ar\/principal\/wp-json\/wp\/v2\/users\/1"}],"replies":[{"embeddable":true,"href":"https:\/\/www.hoymercedes.com.ar\/principal\/wp-json\/wp\/v2\/comments?post=107690"}],"version-history":[{"count":0,"href":"https:\/\/www.hoymercedes.com.ar\/principal\/wp-json\/wp\/v2\/posts\/107690\/revisions"}],"wp:featuredmedia":[{"embeddable":true,"href":"https:\/\/www.hoymercedes.com.ar\/principal\/wp-json\/wp\/v2\/media\/107711"}],"wp:attachment":[{"href":"https:\/\/www.hoymercedes.com.ar\/principal\/wp-json\/wp\/v2\/media?parent=107690"}],"wp:term":[{"taxonomy":"category","embeddable":true,"href":"https:\/\/www.hoymercedes.com.ar\/principal\/wp-json\/wp\/v2\/categories?post=107690"},{"taxonomy":"post_tag","embeddable":true,"href":"https:\/\/www.hoymercedes.com.ar\/principal\/wp-json\/wp\/v2\/tags?post=107690"}],"curies":[{"name":"wp","href":"https:\/\/api.w.org\/{rel}","templated":true}]}}