{"id":107692,"date":"2020-03-15T21:39:26","date_gmt":"2020-03-16T00:39:26","guid":{"rendered":"http:\/\/www.hoymercedes.com.ar\/principal\/?p=107692"},"modified":"2020-03-16T19:40:59","modified_gmt":"2020-03-16T22:40:59","slug":"suspenden-entrega-de-tarjeta-alimentar-en-mercedes","status":"publish","type":"post","link":"https:\/\/www.hoymercedes.com.ar\/principal\/2020\/03\/15\/suspenden-entrega-de-tarjeta-alimentar-en-mercedes\/","title":{"rendered":"Cornavirus: Suspenden entrega de Tarjeta AlimentAR en Mercedes"},"content":{"rendered":"\n<p>La entrega de Tarjeta AlimentAR prevista para el lunes 16 y martes 17 de marzo, se suspendi\u00f3 ante las medidas nacionales. De acuerdo a la informaci\u00f3n brindada por la Secretaria de Desarrollo Social del Municipio, Jorgelina Silva, este lunes tendr\u00e1n m\u00e1s informaci\u00f3n de cu\u00e1ndo y c\u00f3mo ser\u00e1 la entrega. <\/p>\n\n\n\n<p>Asimismo, comparti\u00f3 la informaci\u00f3n brindada por el Ministerio de Desarrollo Social que anticipa la modificaci\u00f3n de la modalidad de entrega de la tarjeta AlimentAR. Adecuar\u00e1n las medidas preventivas que dispuso el gobierno nacional para hacer frente al coronavirus. La decisi\u00f3n se tom\u00f3 durante la reuni\u00f3n interministerial que se realiz\u00f3 en la quinta presidencial de Olivos, que encabez\u00f3 el presidente Alberto Fern\u00e1ndez junto a la comunidad cient\u00edfica y expertos en infectolog\u00eda.<\/p>\n\n\n\n<p>\u00abMa\u00f1ana se comunicar\u00e1 la nueva estrategia de distribuci\u00f3n, que no alterar\u00e1 los plazos de entrega pautados con las diferentes provincias y municipios. De ese modo, se garantizar\u00e1 que el dinero de la tarjeta alimentaria llegue a las madres y padres con hijas e hijos de hasta 6 a\u00f1os que al momento est\u00e9n percibiendo la AUH, embarazadas a partir de los 3 meses que actualmente perciben la asignaci\u00f3n por embarazo; y personas con discapacidad que reciban la AUH\u00bb, expresan desde el \u00e1rea nacional. <\/p>\n\n\n\n<p>Adem\u00e1s, recordaron que entre el 17 de diciembre y el 28 de febrero se acreditaron un total de 922.517 tarjetas que alcanza un total de 1.765.868 destinatarios (ni\u00f1os y ni\u00f1as de 0 a 6 a\u00f1os, embarazadas y discapacitados con AUH) significando una inversi\u00f3n de m\u00e1s de 4.500 millones de pesos. Al 11 de marzo las tarjetas acreditadas llegaron a un mill\u00f3n cien mil pl\u00e1sticos. En las pr\u00f3ximas cuatro semanas se acreditar\u00e1n las 400 mil tarjetas restantes. El plan prev\u00e9 entregar m\u00e1s de 1.500.000 tarjetas, que alcanzar\u00e1n a  m\u00e1s de 2.800.000 destinatarios (ni\u00f1os y ni\u00f1as de 0 a 6 a\u00f1os, embarazadas y discapacitados con AUH).<\/p>\n","protected":false},"excerpt":{"rendered":"<p>La entrega de Tarjeta AlimentAR prevista para el lunes 16 y martes 17 de marzo, se suspendi\u00f3 ante las medidas &#8230; <a title=\"Cornavirus: Suspenden entrega de Tarjeta AlimentAR en Mercedes\" class=\"read-more\" href=\"https:\/\/www.hoymercedes.com.ar\/principal\/2020\/03\/15\/suspenden-entrega-de-tarjeta-alimentar-en-mercedes\/\" aria-label=\"Leer m\u00e1s sobre Cornavirus: Suspenden entrega de Tarjeta AlimentAR en Mercedes\">Leer m\u00e1s<\/a><\/p>\n","protected":false},"author":1,"featured_media":107003,"comment_status":"closed","ping_status":"open","sticky":false,"template":"","format":"standard","meta":{"_monsterinsights_skip_tracking":false,"_monsterinsights_sitenote_active":false,"_monsterinsights_sitenote_note":"","_monsterinsights_sitenote_category":0,"jetpack_post_was_ever_published":false,"_jetpack_newsletter_access":"","_jetpack_dont_email_post_to_subs":false,"_jetpack_newsletter_tier_id":0,"_jetpack_memberships_contains_paywalled_content":false,"_jetpack_memberships_contains_paid_content":false,"footnotes":"","jetpack_publicize_message":"","jetpack_publicize_feature_enabled":true,"jetpack_social_post_already_shared":true,"jetpack_social_options":{"image_generator_settings":{"template":"highway","default_image_id":0,"font":"","enabled":false},"version":2},"_wpas_customize_per_network":false},"categories":[5210],"tags":[16313,1089,244,16312,16196],"class_list":["post-107692","post","type-post","status-publish","format-standard","has-post-thumbnail","hentry","category-politica-nacional","tag-covid-19","tag-ministerio-de-desarrollo-social","tag-municipio-2","tag-suspension-de-entrega-coronavirus","tag-tarjeta-alimentar","generate-columns","tablet-grid-50","mobile-grid-100","grid-parent","grid-50"],"jetpack_publicize_connections":[],"jetpack_featured_media_url":"https:\/\/www.hoymercedes.com.ar\/principal\/wp-content\/uploads\/2020\/03\/05-tarjeta-alimentar.jpg","wps_subtitle":"Hasta nuevo aviso","jetpack_sharing_enabled":true,"_links":{"self":[{"href":"https:\/\/www.hoymercedes.com.ar\/principal\/wp-json\/wp\/v2\/posts\/107692","targetHints":{"allow":["GET"]}}],"collection":[{"href":"https:\/\/www.hoymercedes.com.ar\/principal\/wp-json\/wp\/v2\/posts"}],"about":[{"href":"https:\/\/www.hoymercedes.com.ar\/principal\/wp-json\/wp\/v2\/types\/post"}],"author":[{"embeddable":true,"href":"https:\/\/www.hoymercedes.com.ar\/principal\/wp-json\/wp\/v2\/users\/1"}],"replies":[{"embeddable":true,"href":"https:\/\/www.hoymercedes.com.ar\/principal\/wp-json\/wp\/v2\/comments?post=107692"}],"version-history":[{"count":0,"href":"https:\/\/www.hoymercedes.com.ar\/principal\/wp-json\/wp\/v2\/posts\/107692\/revisions"}],"wp:featuredmedia":[{"embeddable":true,"href":"https:\/\/www.hoymercedes.com.ar\/principal\/wp-json\/wp\/v2\/media\/107003"}],"wp:attachment":[{"href":"https:\/\/www.hoymercedes.com.ar\/principal\/wp-json\/wp\/v2\/media?parent=107692"}],"wp:term":[{"taxonomy":"category","embeddable":true,"href":"https:\/\/www.hoymercedes.com.ar\/principal\/wp-json\/wp\/v2\/categories?post=107692"},{"taxonomy":"post_tag","embeddable":true,"href":"https:\/\/www.hoymercedes.com.ar\/principal\/wp-json\/wp\/v2\/tags?post=107692"}],"curies":[{"name":"wp","href":"https:\/\/api.w.org\/{rel}","templated":true}]}}