{"id":107695,"date":"2020-03-15T22:06:37","date_gmt":"2020-03-16T01:06:37","guid":{"rendered":"http:\/\/www.hoymercedes.com.ar\/principal\/?p=107695"},"modified":"2020-03-16T19:40:41","modified_gmt":"2020-03-16T22:40:41","slug":"educacion-bonaerense-resolvio-la-suspension-de-clases-y-pone-en-marcha-el-programa-de-continuidad-pedagogica","status":"publish","type":"post","link":"https:\/\/www.hoymercedes.com.ar\/principal\/2020\/03\/15\/educacion-bonaerense-resolvio-la-suspension-de-clases-y-pone-en-marcha-el-programa-de-continuidad-pedagogica\/","title":{"rendered":"Coronavirus: Provincia suspende clases y pone en marcha el Programa de Continuidad Pedag\u00f3gica"},"content":{"rendered":"\n<p> <em>A partir del lunes se suspenden las clases en todos los establecimientos educativos de la Provincia para evitar la proliferaci\u00f3n del coronavirus. La medida rige hasta el 31 de marzo. Tambi\u00e9n se pone en marcha un programa para garantizar la continuidad de las trayectorias educativas durante este periodo.<\/em><\/p>\n\n\n\n<p>Seg\u00fan lo resuelto por Ministerio de Educaci\u00f3n de la Naci\u00f3n, la Direcci\u00f3n General de Cultura y Educaci\u00f3n dispuso la suspensi\u00f3n temporaria de las clases en todos los establecimientos educativos de la provincia, de todos los niveles y modalidades, sean de gesti\u00f3n estatal o privada. La medida rige desde este lunes y se extender\u00e1 hasta el 31 de marzo. Se trata de una acci\u00f3n preventiva para limitar la propagaci\u00f3n del coronavirus en el contexto de la emergencia sanitaria de la Provincia de Buenos Aires.<\/p>\n\n\n\n<p>Los establecimientos escolares permanecer\u00e1n abiertos para que el personal docente y auxiliar pueda llevar adelante actividades pedag\u00f3gicas, desarrollar tareas administrativas y de higiene, y coordinar con los servicios sociales para garantizar la continuidad de las prestaciones alimentarias.<\/p>\n\n\n\n<p>En este contexto, la cartera educativa puso en marcha un programa de continuidad pedag\u00f3gica con el objetivo de que los estudiantes de todos los niveles y modalidades puedan seguir con el proceso educativo desde sus hogares, con el acompa\u00f1amiento de sus docentes.<\/p>\n\n\n\n<p>Este programa complementa la planificaci\u00f3n anual elaborada por los docentes con actividades pedag\u00f3gicas para la contingencia. En esta l\u00ednea, se incluyen cuadernillos de continuidad pedag\u00f3gica dirigidos a los y las estudiantes con una propuesta para que las familias o las personas que los acompa\u00f1en, puedan guiarlos al realizar estas tareas.<\/p>\n\n\n\n<p>Los materiales pedag\u00f3gicos estar\u00e1n disponibles en el portal ABC de la Direcci\u00f3n General de Cultura y Educaci\u00f3n desde este mi\u00e9rcoles y se entregar\u00e1n a las escuelas en formato impreso para quienes no posean conectividad.<\/p>\n\n\n\n<p>En el caso del Nivel Inicial, el material consiste en acercar las actividades del jard\u00edn al hogar. Seis cuadernillos de actividades abordar\u00e1n los aprendizajes del nivel primario, mientras que cuatro cuadernillos estar\u00e1n dirigidos a la continuidad pedag\u00f3gica de los y las estudiantes de nivel secundario: Pr\u00e1cticas del Lenguaje y Matem\u00e1tica de ciclo b\u00e1sico y Literatura y Matem\u00e1tica para el ciclo superior. Adem\u00e1s se utilizar\u00e1n recursos audiovisuales.<\/p>\n\n\n\n<p>Durante la suspensi\u00f3n de clases, el personal auxiliar de las escuelas realizar\u00e1 operativos de limpieza profunda seg\u00fan lo indica el Protocolo de Higiene y Desinfecci\u00f3n para establecimientos educativos que se ha distribuido en todas las escuelas de la Provincia la semana pasada.<\/p>\n\n\n\n<p>En un escenario que se modifica cada d\u00eda, estas medidas aseguran el derecho social a la educaci\u00f3n y la implementaci\u00f3n de pol\u00edticas de cuidado para el conjunto del sistema educativo. <\/p>\n\n\n\n<p>Fuente: Ministerio de Comunicaci\u00f3n P\u00fablica<\/p>\n\n\n\n<figure class=\"wp-block-table\"><table class=\"\"><tbody><tr><td><br><br> <\/td><\/tr><\/tbody><\/table><\/figure>\n","protected":false},"excerpt":{"rendered":"<p>A partir del lunes se suspenden las clases en todos los establecimientos educativos de la Provincia para evitar la proliferaci\u00f3n &#8230; <a title=\"Coronavirus: Provincia suspende clases y pone en marcha el Programa de Continuidad Pedag\u00f3gica\" class=\"read-more\" href=\"https:\/\/www.hoymercedes.com.ar\/principal\/2020\/03\/15\/educacion-bonaerense-resolvio-la-suspension-de-clases-y-pone-en-marcha-el-programa-de-continuidad-pedagogica\/\" aria-label=\"Leer m\u00e1s sobre Coronavirus: Provincia suspende clases y pone en marcha el Programa de Continuidad Pedag\u00f3gica\">Leer m\u00e1s<\/a><\/p>\n","protected":false},"author":1,"featured_media":107697,"comment_status":"closed","ping_status":"open","sticky":false,"template":"","format":"standard","meta":{"_monsterinsights_skip_tracking":false,"_monsterinsights_sitenote_active":false,"_monsterinsights_sitenote_note":"","_monsterinsights_sitenote_category":0,"jetpack_post_was_ever_published":false,"_jetpack_newsletter_access":"","_jetpack_dont_email_post_to_subs":false,"_jetpack_newsletter_tier_id":0,"_jetpack_memberships_contains_paywalled_content":false,"_jetpack_memberships_contains_paid_content":false,"footnotes":"","jetpack_publicize_message":"","jetpack_publicize_feature_enabled":true,"jetpack_social_post_already_shared":true,"jetpack_social_options":{"image_generator_settings":{"template":"highway","default_image_id":0,"font":"","enabled":false},"version":2},"_wpas_customize_per_network":false},"categories":[8881],"tags":[16175,16310,47,16309,16311],"class_list":["post-107695","post","type-post","status-publish","format-standard","has-post-thumbnail","hentry","category-provincia","tag-coronavirus","tag-covid-19-pandemia","tag-educacion-2","tag-provincia-continuidad-pedagogica","tag-suspension-clases","generate-columns","tablet-grid-50","mobile-grid-100","grid-parent","grid-50"],"jetpack_publicize_connections":[],"jetpack_featured_media_url":"https:\/\/www.hoymercedes.com.ar\/principal\/wp-content\/uploads\/2020\/03\/15-logo-direcc-escuelas.jpg","wps_subtitle":"Ante la pandemia de COVID-19","jetpack_sharing_enabled":true,"_links":{"self":[{"href":"https:\/\/www.hoymercedes.com.ar\/principal\/wp-json\/wp\/v2\/posts\/107695","targetHints":{"allow":["GET"]}}],"collection":[{"href":"https:\/\/www.hoymercedes.com.ar\/principal\/wp-json\/wp\/v2\/posts"}],"about":[{"href":"https:\/\/www.hoymercedes.com.ar\/principal\/wp-json\/wp\/v2\/types\/post"}],"author":[{"embeddable":true,"href":"https:\/\/www.hoymercedes.com.ar\/principal\/wp-json\/wp\/v2\/users\/1"}],"replies":[{"embeddable":true,"href":"https:\/\/www.hoymercedes.com.ar\/principal\/wp-json\/wp\/v2\/comments?post=107695"}],"version-history":[{"count":0,"href":"https:\/\/www.hoymercedes.com.ar\/principal\/wp-json\/wp\/v2\/posts\/107695\/revisions"}],"wp:featuredmedia":[{"embeddable":true,"href":"https:\/\/www.hoymercedes.com.ar\/principal\/wp-json\/wp\/v2\/media\/107697"}],"wp:attachment":[{"href":"https:\/\/www.hoymercedes.com.ar\/principal\/wp-json\/wp\/v2\/media?parent=107695"}],"wp:term":[{"taxonomy":"category","embeddable":true,"href":"https:\/\/www.hoymercedes.com.ar\/principal\/wp-json\/wp\/v2\/categories?post=107695"},{"taxonomy":"post_tag","embeddable":true,"href":"https:\/\/www.hoymercedes.com.ar\/principal\/wp-json\/wp\/v2\/tags?post=107695"}],"curies":[{"name":"wp","href":"https:\/\/api.w.org\/{rel}","templated":true}]}}