{"id":107713,"date":"2020-03-16T11:42:34","date_gmt":"2020-03-16T14:42:34","guid":{"rendered":"http:\/\/www.hoymercedes.com.ar\/principal\/?p=107713"},"modified":"2020-03-16T19:56:30","modified_gmt":"2020-03-16T22:56:30","slug":"institucionales-locales-suspenden-diferentes-actividades-por-covid-19","status":"publish","type":"post","link":"https:\/\/www.hoymercedes.com.ar\/principal\/2020\/03\/16\/institucionales-locales-suspenden-diferentes-actividades-por-covid-19\/","title":{"rendered":"Coronavirus: Instituciones locales suspenden diferentes actividades"},"content":{"rendered":"\n<p>Organismos no gubernamentales anunciaron la suspensi\u00f3n de diferentes actividades previstas para los pr\u00f3ximos d\u00edas. Entre las instituciones que anunciaron sus suspensiones se encuentra el CDR, la C\u00e1mara Econ\u00f3mica y la Sociedad Italiana. Lo mismo que los clubes deportivos y sociales e instituciones culturales y educativas privadas que suspendieron sus actividades hasta el 31 de marzo. <\/p>\n\n\n\n<p>Tal es el caso de la Sociedad Italiana de Mercedes que suspende las clases de italiano e ingl\u00e9s, lo mismo que la C\u00e1mara Econ\u00f3mica Mercedina, que anunci\u00f3 la suspensi\u00f3n del Taller de Vidrieras Creativa y actividades p\u00fablicas hasta fin de mes. No obstante, la atenci\u00f3n continuar\u00e1 con los recaudos sanitarios. <\/p>\n\n\n\n<p>Asimismo, se suspende la reuni\u00f3n informativa del concurso nacional Potenciar  prevista para este mi\u00e9rcoles 18 de marzo a las 13:30 hs en el Centro de Referencia local del Ministerio de Desarrollo Social nacional. Los que est\u00e1n interesados en participar, pueden recibir informaci\u00f3n al 426-226 o al mail cdrmercedes@desarrollosocial.gob.ar <\/p>\n\n\n\n<p><\/p>\n","protected":false},"excerpt":{"rendered":"<p>Organismos no gubernamentales anunciaron la suspensi\u00f3n de diferentes actividades previstas para los pr\u00f3ximos d\u00edas. Entre las instituciones que anunciaron sus &#8230; <a title=\"Coronavirus: Instituciones locales suspenden diferentes actividades\" class=\"read-more\" href=\"https:\/\/www.hoymercedes.com.ar\/principal\/2020\/03\/16\/institucionales-locales-suspenden-diferentes-actividades-por-covid-19\/\" aria-label=\"Leer m\u00e1s sobre Coronavirus: Instituciones locales suspenden diferentes actividades\">Leer m\u00e1s<\/a><\/p>\n","protected":false},"author":1,"featured_media":107707,"comment_status":"closed","ping_status":"open","sticky":false,"template":"","format":"standard","meta":{"_monsterinsights_skip_tracking":false,"_monsterinsights_sitenote_active":false,"_monsterinsights_sitenote_note":"","_monsterinsights_sitenote_category":0,"jetpack_post_was_ever_published":false,"_jetpack_newsletter_access":"","_jetpack_dont_email_post_to_subs":false,"_jetpack_newsletter_tier_id":0,"_jetpack_memberships_contains_paywalled_content":false,"_jetpack_memberships_contains_paid_content":false,"footnotes":"","jetpack_publicize_message":"","jetpack_publicize_feature_enabled":true,"jetpack_social_post_already_shared":true,"jetpack_social_options":{"image_generator_settings":{"template":"highway","default_image_id":0,"font":"","enabled":false},"version":2},"_wpas_customize_per_network":false},"categories":[8],"tags":[16175,16313,16319,16320,11372],"class_list":["post-107713","post","type-post","status-publish","format-standard","has-post-thumbnail","hentry","category-sociedad","tag-coronavirus","tag-covid-19","tag-distancia-social","tag-organismos-no-gubernamentales","tag-suspensiones","generate-columns","tablet-grid-50","mobile-grid-100","grid-parent","grid-50"],"jetpack_publicize_connections":[],"jetpack_featured_media_url":"https:\/\/www.hoymercedes.com.ar\/principal\/wp-content\/uploads\/2020\/03\/covid-coronavirus.jpg","wps_subtitle":"Medidas preventivas","jetpack_sharing_enabled":true,"_links":{"self":[{"href":"https:\/\/www.hoymercedes.com.ar\/principal\/wp-json\/wp\/v2\/posts\/107713","targetHints":{"allow":["GET"]}}],"collection":[{"href":"https:\/\/www.hoymercedes.com.ar\/principal\/wp-json\/wp\/v2\/posts"}],"about":[{"href":"https:\/\/www.hoymercedes.com.ar\/principal\/wp-json\/wp\/v2\/types\/post"}],"author":[{"embeddable":true,"href":"https:\/\/www.hoymercedes.com.ar\/principal\/wp-json\/wp\/v2\/users\/1"}],"replies":[{"embeddable":true,"href":"https:\/\/www.hoymercedes.com.ar\/principal\/wp-json\/wp\/v2\/comments?post=107713"}],"version-history":[{"count":0,"href":"https:\/\/www.hoymercedes.com.ar\/principal\/wp-json\/wp\/v2\/posts\/107713\/revisions"}],"wp:featuredmedia":[{"embeddable":true,"href":"https:\/\/www.hoymercedes.com.ar\/principal\/wp-json\/wp\/v2\/media\/107707"}],"wp:attachment":[{"href":"https:\/\/www.hoymercedes.com.ar\/principal\/wp-json\/wp\/v2\/media?parent=107713"}],"wp:term":[{"taxonomy":"category","embeddable":true,"href":"https:\/\/www.hoymercedes.com.ar\/principal\/wp-json\/wp\/v2\/categories?post=107713"},{"taxonomy":"post_tag","embeddable":true,"href":"https:\/\/www.hoymercedes.com.ar\/principal\/wp-json\/wp\/v2\/tags?post=107713"}],"curies":[{"name":"wp","href":"https:\/\/api.w.org\/{rel}","templated":true}]}}