{"id":107731,"date":"2020-03-16T13:37:29","date_gmt":"2020-03-16T16:37:29","guid":{"rendered":"http:\/\/www.hoymercedes.com.ar\/principal\/?p=107731"},"modified":"2020-03-16T19:38:54","modified_gmt":"2020-03-16T22:38:54","slug":"cine-mercedes-cierra-sus-puertas-hasta-el-1-de-abril","status":"publish","type":"post","link":"https:\/\/www.hoymercedes.com.ar\/principal\/2020\/03\/16\/cine-mercedes-cierra-sus-puertas-hasta-el-1-de-abril\/","title":{"rendered":"Coronavirus: Cine Mercedes cierra sus puertas hasta el 1\u00b0 de abril"},"content":{"rendered":"\n<p>A ra\u00edz del bolet\u00edn oficial del Ministerio de Salud de la Naci\u00f3n, Cine Mercedes toma la decisi\u00f3n de cerrar sus puertas hasta el 1\u00b0 de abril de 2020. \u00abEs nuestra primera medida. Iremos notificando seg\u00fan avances los estudios\u00bb explican desde el Cine. <\/p>\n\n\n\n<p>\u00abPrevenir es mejor que curar, y nos sumamos a la responsabilidad social de evitar el contagio del virus COVID-19. Nosotros seguiremos atentos al desarrollo de esta situaci\u00f3n sanitaria\u00bb, resaltan.<\/p>\n\n\n\n<div class=\"wp-block-image\"><figure class=\"aligncenter size-large\"><img loading=\"lazy\" decoding=\"async\" width=\"769\" height=\"768\" data-attachment-id=\"107736\" data-permalink=\"https:\/\/www.hoymercedes.com.ar\/principal\/2020\/03\/16\/cine-mercedes-cierra-sus-puertas-hasta-el-1-de-abril\/16-cine-cierre\/#main\" data-orig-file=\"https:\/\/www.hoymercedes.com.ar\/principal\/wp-content\/uploads\/2020\/03\/16-cine-cierre.jpg\" data-orig-size=\"769,768\" data-comments-opened=\"0\" data-image-meta=\"{&quot;aperture&quot;:&quot;0&quot;,&quot;credit&quot;:&quot;&quot;,&quot;camera&quot;:&quot;&quot;,&quot;caption&quot;:&quot;&quot;,&quot;created_timestamp&quot;:&quot;0&quot;,&quot;copyright&quot;:&quot;&quot;,&quot;focal_length&quot;:&quot;0&quot;,&quot;iso&quot;:&quot;0&quot;,&quot;shutter_speed&quot;:&quot;0&quot;,&quot;title&quot;:&quot;&quot;,&quot;orientation&quot;:&quot;0&quot;}\" data-image-title=\"16 cine cierre\" data-image-description=\"\" data-image-caption=\"\" data-large-file=\"https:\/\/www.hoymercedes.com.ar\/principal\/wp-content\/uploads\/2020\/03\/16-cine-cierre.jpg\" src=\"https:\/\/www.hoymercedes.com.ar\/principal\/wp-content\/uploads\/2020\/03\/16-cine-cierre.jpg\" alt=\"\" class=\"wp-image-107736\"\/><\/figure><\/div>\n","protected":false},"excerpt":{"rendered":"<p>A ra\u00edz del bolet\u00edn oficial del Ministerio de Salud de la Naci\u00f3n, Cine Mercedes toma la decisi\u00f3n de cerrar sus &#8230; <a title=\"Coronavirus: Cine Mercedes cierra sus puertas hasta el 1\u00b0 de abril\" class=\"read-more\" href=\"https:\/\/www.hoymercedes.com.ar\/principal\/2020\/03\/16\/cine-mercedes-cierra-sus-puertas-hasta-el-1-de-abril\/\" aria-label=\"Leer m\u00e1s sobre Coronavirus: Cine Mercedes cierra sus puertas hasta el 1\u00b0 de abril\">Leer m\u00e1s<\/a><\/p>\n","protected":false},"author":1,"featured_media":107736,"comment_status":"closed","ping_status":"open","sticky":false,"template":"","format":"standard","meta":{"_monsterinsights_skip_tracking":false,"_monsterinsights_sitenote_active":false,"_monsterinsights_sitenote_note":"","_monsterinsights_sitenote_category":0,"jetpack_post_was_ever_published":false,"_jetpack_newsletter_access":"","_jetpack_dont_email_post_to_subs":false,"_jetpack_newsletter_tier_id":0,"_jetpack_memberships_contains_paywalled_content":false,"_jetpack_memberships_contains_paid_content":false,"footnotes":"","jetpack_publicize_message":"","jetpack_publicize_feature_enabled":true,"jetpack_social_post_already_shared":true,"jetpack_social_options":{"image_generator_settings":{"template":"highway","default_image_id":0,"font":"","enabled":false},"version":2},"_wpas_customize_per_network":false},"categories":[104],"tags":[13660,7805],"class_list":["post-107731","post","type-post","status-publish","format-standard","has-post-thumbnail","hentry","category-cultura","tag-cine-mercedinas","tag-cultura","generate-columns","tablet-grid-50","mobile-grid-100","grid-parent","grid-50"],"jetpack_publicize_connections":[],"jetpack_featured_media_url":"https:\/\/www.hoymercedes.com.ar\/principal\/wp-content\/uploads\/2020\/03\/16-cine-cierre.jpg","wps_subtitle":"Cumpliendo la distancia social","jetpack_sharing_enabled":true,"_links":{"self":[{"href":"https:\/\/www.hoymercedes.com.ar\/principal\/wp-json\/wp\/v2\/posts\/107731","targetHints":{"allow":["GET"]}}],"collection":[{"href":"https:\/\/www.hoymercedes.com.ar\/principal\/wp-json\/wp\/v2\/posts"}],"about":[{"href":"https:\/\/www.hoymercedes.com.ar\/principal\/wp-json\/wp\/v2\/types\/post"}],"author":[{"embeddable":true,"href":"https:\/\/www.hoymercedes.com.ar\/principal\/wp-json\/wp\/v2\/users\/1"}],"replies":[{"embeddable":true,"href":"https:\/\/www.hoymercedes.com.ar\/principal\/wp-json\/wp\/v2\/comments?post=107731"}],"version-history":[{"count":0,"href":"https:\/\/www.hoymercedes.com.ar\/principal\/wp-json\/wp\/v2\/posts\/107731\/revisions"}],"wp:featuredmedia":[{"embeddable":true,"href":"https:\/\/www.hoymercedes.com.ar\/principal\/wp-json\/wp\/v2\/media\/107736"}],"wp:attachment":[{"href":"https:\/\/www.hoymercedes.com.ar\/principal\/wp-json\/wp\/v2\/media?parent=107731"}],"wp:term":[{"taxonomy":"category","embeddable":true,"href":"https:\/\/www.hoymercedes.com.ar\/principal\/wp-json\/wp\/v2\/categories?post=107731"},{"taxonomy":"post_tag","embeddable":true,"href":"https:\/\/www.hoymercedes.com.ar\/principal\/wp-json\/wp\/v2\/tags?post=107731"}],"curies":[{"name":"wp","href":"https:\/\/api.w.org\/{rel}","templated":true}]}}