{"id":107740,"date":"2020-03-16T16:16:00","date_gmt":"2020-03-16T19:16:00","guid":{"rendered":"http:\/\/www.hoymercedes.com.ar\/principal\/?p=107740"},"modified":"2020-03-16T14:55:07","modified_gmt":"2020-03-16T17:55:07","slug":"jovenes-abogados-del-cadjm-participaron-del-plenario-anual-provincial","status":"publish","type":"post","link":"https:\/\/www.hoymercedes.com.ar\/principal\/2020\/03\/16\/jovenes-abogados-del-cadjm-participaron-del-plenario-anual-provincial\/","title":{"rendered":"J\u00f3venes Abogados del CADJM participaron del plenario anual provincial"},"content":{"rendered":"\n<p>La Comisi\u00f3n de la Abogac\u00eda Joven del CADJM particip\u00f3 el 29 de febrero en el I Plenario anual de la Comisi\u00f3n de la Abogac\u00eda Joven del ColProBA. Mar del Plata, fue la sede de la interesante jornada que reuni\u00f3 a los profesionales bonaerenses.<\/p>\n\n\n\n<figure class=\"wp-block-image size-large\"><img loading=\"lazy\" decoding=\"async\" width=\"800\" height=\"600\" data-attachment-id=\"107741\" data-permalink=\"https:\/\/www.hoymercedes.com.ar\/principal\/2020\/03\/16\/jovenes-abogados-del-cadjm-participaron-del-plenario-anual-provincial\/16-abogados-jovenes\/#main\" data-orig-file=\"https:\/\/www.hoymercedes.com.ar\/principal\/wp-content\/uploads\/2020\/03\/16-abogados-jovenes.jpg\" data-orig-size=\"800,600\" data-comments-opened=\"0\" data-image-meta=\"{&quot;aperture&quot;:&quot;0&quot;,&quot;credit&quot;:&quot;&quot;,&quot;camera&quot;:&quot;&quot;,&quot;caption&quot;:&quot;&quot;,&quot;created_timestamp&quot;:&quot;0&quot;,&quot;copyright&quot;:&quot;&quot;,&quot;focal_length&quot;:&quot;0&quot;,&quot;iso&quot;:&quot;0&quot;,&quot;shutter_speed&quot;:&quot;0&quot;,&quot;title&quot;:&quot;&quot;,&quot;orientation&quot;:&quot;0&quot;}\" data-image-title=\"16 abogados jovenes\" data-image-description=\"\" data-image-caption=\"\" data-large-file=\"https:\/\/www.hoymercedes.com.ar\/principal\/wp-content\/uploads\/2020\/03\/16-abogados-jovenes.jpg\" src=\"https:\/\/www.hoymercedes.com.ar\/principal\/wp-content\/uploads\/2020\/03\/16-abogados-jovenes.jpg\" alt=\"\" class=\"wp-image-107741\"\/><\/figure>\n\n\n\n<p>El encuentro comenz\u00f3 con la presentaci\u00f3n institucional a cargo de las autoridades anfitrionas y del\u00a0Colegio de Abogados de la Provincia de Buenos Aires (Col.Pro.B.A.), el tratamiento del orden del d\u00eda y la lectura del informe de presidencia por la Dra. Josefina Sannen Mazzucco, presidenta de la Comisi\u00f3n de la Abogac\u00eda Joven del ColProBA.<\/p>\n\n\n\n<p>El abogado, Leandro Vero, presidente la Comisi\u00f3n de la Abogac\u00eda Joven del Colegio de Abogados del Departamento Judicial Mercedes (CADJM), expuso distintos proyectos que llev\u00f3 la comisi\u00f3n al Plenario. En primer lugar, el relativo a unificar los criterios de matriculaci\u00f3n que generan ciertas dificultades en dicho procedimiento a nuestros futuros\/as colegas.<\/p>\n\n\n\n<p>A su vez, Vero present\u00f3 el proyecto \u201cLicencias en la Abogac\u00eda Bonaerense\u201d, desarrollando el concepto de dicho instituto y comentando casos de la legislaci\u00f3n nacional y tambi\u00e9n distintos criterios en materia internacional, como en Espa\u00f1a o Estados Unidos.<\/p>\n\n\n\n<p>La Dra.\u00a0Cami Maranessi, integrante del CADJM, desarroll\u00f3 el proyecto denominado \u201cAbogac\u00eda Pr\u00e1ctica\u201d elaborado bajo su direcci\u00f3n, el cual tiene como objeto la inserci\u00f3n profesional del joven recientemente matriculado, a trav\u00e9s de la implementaci\u00f3n de un programa de trabajo que lo contacte con Estudios Jur\u00eddicos locales, en los cuales se desarrolle durante seis meses, con una retribuci\u00f3n acorde, y adquiera los conocimientos b\u00e1sicos que se suscitan en los primeros pasos del ejercicio profesional.<\/p>\n\n\n\n<p>Adem\u00e1s de Maranessi y Vero, tambi\u00e9n viajaron a Mar del Plata y fueron parte de la jornada, los doctores y doctoras Mar\u00eda Luz Ferreyra, Carolina Ricci, Juan Lisciotto y Luis Brizuela<\/p>\n\n\n\n<p>Fuente: CADJM prensa<\/p>\n","protected":false},"excerpt":{"rendered":"<p>La Comisi\u00f3n de la Abogac\u00eda Joven del CADJM particip\u00f3 el 29 de febrero en el I Plenario anual de la &#8230; <a title=\"J\u00f3venes Abogados del CADJM participaron del plenario anual provincial\" class=\"read-more\" href=\"https:\/\/www.hoymercedes.com.ar\/principal\/2020\/03\/16\/jovenes-abogados-del-cadjm-participaron-del-plenario-anual-provincial\/\" aria-label=\"Leer m\u00e1s sobre J\u00f3venes Abogados del CADJM participaron del plenario anual provincial\">Leer m\u00e1s<\/a><\/p>\n","protected":false},"author":1,"featured_media":107741,"comment_status":"closed","ping_status":"open","sticky":false,"template":"","format":"standard","meta":{"_monsterinsights_skip_tracking":false,"_monsterinsights_sitenote_active":false,"_monsterinsights_sitenote_note":"","_monsterinsights_sitenote_category":0,"jetpack_post_was_ever_published":false,"_jetpack_newsletter_access":"","_jetpack_dont_email_post_to_subs":false,"_jetpack_newsletter_tier_id":0,"_jetpack_memberships_contains_paywalled_content":false,"_jetpack_memberships_contains_paid_content":false,"footnotes":"","jetpack_publicize_message":"","jetpack_publicize_feature_enabled":true,"jetpack_social_post_already_shared":true,"jetpack_social_options":{"image_generator_settings":{"template":"highway","default_image_id":0,"font":"","enabled":false},"version":2},"_wpas_customize_per_network":false},"categories":[8],"tags":[928,15067],"class_list":["post-107740","post","type-post","status-publish","format-standard","has-post-thumbnail","hentry","category-sociedad","tag-colegio-de-abogados","tag-jovenes-abogados","generate-columns","tablet-grid-50","mobile-grid-100","grid-parent","grid-50"],"jetpack_publicize_connections":[],"jetpack_featured_media_url":"https:\/\/www.hoymercedes.com.ar\/principal\/wp-content\/uploads\/2020\/03\/16-abogados-jovenes.jpg","wps_subtitle":"Capacitaci\u00f3n para j\u00f3venes abogados","jetpack_sharing_enabled":true,"_links":{"self":[{"href":"https:\/\/www.hoymercedes.com.ar\/principal\/wp-json\/wp\/v2\/posts\/107740","targetHints":{"allow":["GET"]}}],"collection":[{"href":"https:\/\/www.hoymercedes.com.ar\/principal\/wp-json\/wp\/v2\/posts"}],"about":[{"href":"https:\/\/www.hoymercedes.com.ar\/principal\/wp-json\/wp\/v2\/types\/post"}],"author":[{"embeddable":true,"href":"https:\/\/www.hoymercedes.com.ar\/principal\/wp-json\/wp\/v2\/users\/1"}],"replies":[{"embeddable":true,"href":"https:\/\/www.hoymercedes.com.ar\/principal\/wp-json\/wp\/v2\/comments?post=107740"}],"version-history":[{"count":0,"href":"https:\/\/www.hoymercedes.com.ar\/principal\/wp-json\/wp\/v2\/posts\/107740\/revisions"}],"wp:featuredmedia":[{"embeddable":true,"href":"https:\/\/www.hoymercedes.com.ar\/principal\/wp-json\/wp\/v2\/media\/107741"}],"wp:attachment":[{"href":"https:\/\/www.hoymercedes.com.ar\/principal\/wp-json\/wp\/v2\/media?parent=107740"}],"wp:term":[{"taxonomy":"category","embeddable":true,"href":"https:\/\/www.hoymercedes.com.ar\/principal\/wp-json\/wp\/v2\/categories?post=107740"},{"taxonomy":"post_tag","embeddable":true,"href":"https:\/\/www.hoymercedes.com.ar\/principal\/wp-json\/wp\/v2\/tags?post=107740"}],"curies":[{"name":"wp","href":"https:\/\/api.w.org\/{rel}","templated":true}]}}