{"id":107755,"date":"2020-03-16T19:15:38","date_gmt":"2020-03-16T22:15:38","guid":{"rendered":"http:\/\/www.hoymercedes.com.ar\/principal\/?p=107755"},"modified":"2020-03-16T19:37:16","modified_gmt":"2020-03-16T22:37:16","slug":"consejo-escolar-toma-medidas-preventivas-en-escuelas-y-comedores","status":"publish","type":"post","link":"https:\/\/www.hoymercedes.com.ar\/principal\/2020\/03\/16\/consejo-escolar-toma-medidas-preventivas-en-escuelas-y-comedores\/","title":{"rendered":"Coronavirus: Consejo Escolar toma medidas preventivas en escuelas y comedores"},"content":{"rendered":"\n<p>En el marco de la suspensi\u00f3n de clases en las escuelas de la\nprovincia de Buenos Aires, los Consejos Escolares est\u00e1n distribuyendo material\nde limpieza en las instituciones educativas del sistema p\u00fablico y organizan\nc\u00f3mo ser\u00e1 la provisi\u00f3n de alimentos en comedores. Adem\u00e1s, el organismo local tendr\u00e1\nuna atenci\u00f3n al p\u00fablico acotada, pudiendo comunicarse v\u00eda telef\u00f3nica o por\ncorreo electr\u00f3nico. <\/p>\n\n\n\n<p>En di\u00e1logo con medios de la ciudad, el presidente del\nConsejo Escolar de Mercedes, Jos\u00e9 Luis Pisano, explic\u00f3 que el organismo local dependiente\nde la Direcci\u00f3n General de Escuelas ten\u00edan una organizaci\u00f3n armada con la\ncontinuidad de las clases, pero tras el anuncio oficial de suspensi\u00f3n pero con\nla apertura de comedores, los oblig\u00f3 a reorganizar las actuaciones. <\/p>\n\n\n\n<p>\u201cVar\u00eda mucho si est\u00e1n o no lo chicos en las escuelas por la protecci\u00f3n\nde los docentes y de los auxiliares. Desde muy temprano, de este lunes, estamos\ncorriendo para todos lados. Queremos ofrecerle la tranquilidad a los\ntrabajadores de la educaci\u00f3n porque en el transcurso de este lunes y del martes\nestaremos entregando lo necesario para garantiza la higiene. Compramos jab\u00f3n,\ncloro, lavandina, papel para secarse las manos\u201d, cont\u00f3 Pisano a trav\u00e9s de los\nmicr\u00f3fonos de FM Santa Mar\u00eda. <\/p>\n\n\n\n<p>\u201cLo que s\u00ed estamos haciendo con las escuelas que tienen la\ncapacidad de organizarse con las familias para poder retirar la comida con\nalg\u00fan recipiente, en vez de que vayan los chicos al comedor. Eso depende de la\ncapacidad organizativa de la escuela y las familias. Tambi\u00e9n se les consulta a\nlas familias si van a concurrir o no, para que no se cocine dem\u00e1s. &nbsp;Estimamos que muchos chicos no van a ir por la\nsuspensi\u00f3n de clases. Pero el comedor va a estar disponible, tendr\u00e1n la comida.\nEn algunas escuelas rurales, se est\u00e1n organizando para distribuir parte de la\ncomida que tienen, no preparada\u201d, agreg\u00f3 el Presidente del Consejo Escolar. <\/p>\n\n\n\n<p>Asimismo, Pisano cont\u00f3 que las oficinas del Consejo Escolar\nver\u00e1n modificada su atenci\u00f3n para asegurar la cobertura de trabajadores que por\nser poblaci\u00f3n de riesgo no asistir\u00e1n a la sede del organismo en el Mart\u00edn\nRodr\u00edguez. Es as\u00ed que el horario de atenci\u00f3n es de 8 a 16 horas y personalmente\ns\u00f3lo se atender\u00e1n temas urgentes que no permitan una tramitaci\u00f3n alternativa.\nPara las consultas pueden comunicarse al tel\u00e9fono 420118 o enviar correo\nelectr\u00f3nico a ce070@abc.gob.ar <\/p>\n\n\n\n<p>\u201cLa medida que se toma es para evitar el aglutinamiento de\ngente. Que no haya chicos en las escuelas, reduce la posibilidad de propagaci\u00f3n\ndel virus y el contagio. Despu\u00e9s hay que tener en cuenta los protocolos de\nhigiene que se vienen difundiendo desde semanas atr\u00e1s. Si alg\u00fan docente,\nauxiliar o alumno viaj\u00f3 al exterior tiene que aislarse. Si a su vez, estuvo en\ncontacto con alguien que haya viajado, tambi\u00e9n tiene que aislarse. Est\u00e1n las\ncondiciones dentro del sistema educativo, para tomarse las licencias\ncorrespondientes para no concurrir a la escuela\u201d, agreg\u00f3 Pisano. <\/p>\n","protected":false},"excerpt":{"rendered":"<p>En el marco de la suspensi\u00f3n de clases en las escuelas de la provincia de Buenos Aires, los Consejos Escolares &#8230; <a title=\"Coronavirus: Consejo Escolar toma medidas preventivas en escuelas y comedores\" class=\"read-more\" href=\"https:\/\/www.hoymercedes.com.ar\/principal\/2020\/03\/16\/consejo-escolar-toma-medidas-preventivas-en-escuelas-y-comedores\/\" aria-label=\"Leer m\u00e1s sobre Coronavirus: Consejo Escolar toma medidas preventivas en escuelas y comedores\">Leer m\u00e1s<\/a><\/p>\n","protected":false},"author":1,"featured_media":107756,"comment_status":"closed","ping_status":"open","sticky":false,"template":"","format":"standard","meta":{"_monsterinsights_skip_tracking":false,"_monsterinsights_sitenote_active":false,"_monsterinsights_sitenote_note":"","_monsterinsights_sitenote_category":0,"jetpack_post_was_ever_published":false,"_jetpack_newsletter_access":"","_jetpack_dont_email_post_to_subs":false,"_jetpack_newsletter_tier_id":0,"_jetpack_memberships_contains_paywalled_content":false,"_jetpack_memberships_contains_paid_content":false,"footnotes":"","jetpack_publicize_message":"","jetpack_publicize_feature_enabled":true,"jetpack_social_post_already_shared":true,"jetpack_social_options":{"image_generator_settings":{"template":"highway","default_image_id":0,"font":"","enabled":false},"version":2},"_wpas_customize_per_network":false},"categories":[23],"tags":[16325,16326,1317,16175,47,989,1803],"class_list":["post-107755","post","type-post","status-publish","format-standard","has-post-thumbnail","hentry","category-educacion","tag-codiv-19","tag-comedores","tag-consejo-escolar","tag-coronavirus","tag-educacion-2","tag-escuelas","tag-provincia","generate-columns","tablet-grid-50","mobile-grid-100","grid-parent","grid-50"],"jetpack_publicize_connections":[],"jetpack_featured_media_url":"https:\/\/www.hoymercedes.com.ar\/principal\/wp-content\/uploads\/2020\/03\/16-consejo-escolar1.jpg","wps_subtitle":"Limpieza y alimento","jetpack_sharing_enabled":true,"_links":{"self":[{"href":"https:\/\/www.hoymercedes.com.ar\/principal\/wp-json\/wp\/v2\/posts\/107755","targetHints":{"allow":["GET"]}}],"collection":[{"href":"https:\/\/www.hoymercedes.com.ar\/principal\/wp-json\/wp\/v2\/posts"}],"about":[{"href":"https:\/\/www.hoymercedes.com.ar\/principal\/wp-json\/wp\/v2\/types\/post"}],"author":[{"embeddable":true,"href":"https:\/\/www.hoymercedes.com.ar\/principal\/wp-json\/wp\/v2\/users\/1"}],"replies":[{"embeddable":true,"href":"https:\/\/www.hoymercedes.com.ar\/principal\/wp-json\/wp\/v2\/comments?post=107755"}],"version-history":[{"count":0,"href":"https:\/\/www.hoymercedes.com.ar\/principal\/wp-json\/wp\/v2\/posts\/107755\/revisions"}],"wp:featuredmedia":[{"embeddable":true,"href":"https:\/\/www.hoymercedes.com.ar\/principal\/wp-json\/wp\/v2\/media\/107756"}],"wp:attachment":[{"href":"https:\/\/www.hoymercedes.com.ar\/principal\/wp-json\/wp\/v2\/media?parent=107755"}],"wp:term":[{"taxonomy":"category","embeddable":true,"href":"https:\/\/www.hoymercedes.com.ar\/principal\/wp-json\/wp\/v2\/categories?post=107755"},{"taxonomy":"post_tag","embeddable":true,"href":"https:\/\/www.hoymercedes.com.ar\/principal\/wp-json\/wp\/v2\/tags?post=107755"}],"curies":[{"name":"wp","href":"https:\/\/api.w.org\/{rel}","templated":true}]}}