{"id":107773,"date":"2020-03-17T10:15:00","date_gmt":"2020-03-17T13:15:00","guid":{"rendered":"http:\/\/www.hoymercedes.com.ar\/principal\/?p=107773"},"modified":"2020-03-17T10:26:58","modified_gmt":"2020-03-17T13:26:58","slug":"cuna-anticipada-actividades-para-el-ano","status":"publish","type":"post","link":"https:\/\/www.hoymercedes.com.ar\/principal\/2020\/03\/17\/cuna-anticipada-actividades-para-el-ano\/","title":{"rendered":"CUNA anticipada actividades para el a\u00f1o"},"content":{"rendered":"\n<p><em>La Comisi\u00f3n Municipal del Patrimonio presidida por el Arq. Miguel Brady realiz\u00f3 el primer encuentro del a\u00f1o. En el mismo se coordinaron diversos proyectos y se realiz\u00f3 un balance sobre los realizados en el 2019.<\/em><\/p>\n\n\n\n<p>La Comisi\u00f3n Municipal del Patrimonio Cultural y Natural (CUNA) de la Ciudad de Mercedes&nbsp; realiz\u00f3 el primer encuentro del a\u00f1o en las instalaciones del Museo Hist\u00f3rico V\u00edctor M\u00edguez.<\/p>\n\n\n\n<p>La reuni\u00f3n se llev\u00f3 adelante el martes por la tarde, donde seg\u00fan sus participantes, se comenzaron a planificar todas las actividades para este nuevo a\u00f1o y se realiz\u00f3 un balance sobre las realizadas en el a\u00f1o anterior.<\/p>\n\n\n\n<p>Asimismo, destacaron desde la Comisi\u00f3n, se realiz\u00f3 un an\u00e1lisis sobre la distribuci\u00f3n de los almanaques 2020 (En homenaje a Betty Campi de Mohusen), \u201cel cual tuvo una gran repercusi\u00f3n en la ciudad, por el nivel de impresi\u00f3n y el criterio adoptado. Al d\u00eda de la fecha son muchas las personas que todav\u00eda contin\u00faan solicit\u00e1ndolo. Proyecto que pudo llevarse adelante por decisi\u00f3n del Intendente Municipal Juan Ignacio Ustarroz\u201d, sostuvieron desde CUNA.<\/p>\n\n\n\n<p><strong>D\u00eda Nacional de Los Monumentos<\/strong><\/p>\n\n\n\n<p>En mayo se realizar\u00e1 en todo el pa\u00eds el d\u00eda Nacional de los Monumentos, por lo que la comisi\u00f3n ya se encuentra coordinando las distintas actividades para esa fecha. \u201cTeniendo en cuenta que este a\u00f1o es el bicentenario de la muerte de Manuel Belgrano, haremos hincapi\u00e9 en establecer actividades y proyectos en relaci\u00f3n al creador de la bandera\u201d, indic\u00f3 el Presidente de la Comisi\u00f3n, Arq. Miguel Brady.<\/p>\n\n\n\n<p><strong>Declaraci\u00f3n de inter\u00e9s patrimonial<\/strong><\/p>\n\n\n\n<p>Adem\u00e1s desde la Comisi\u00f3n indicaron que se evaluaron distintos proyectos a los fines de declarar de inter\u00e9s patrimonial a varias locaciones emblem\u00e1ticas de la ciudad, las cuales cuentan con un gran valor cultural.\u201cTenemos una agenda llena de actividades por delante, que tienen que ver con la preservaci\u00f3n y valoraci\u00f3n del patrimonio cultural y natural de nuestra ciudad. Proyectos que para poder efectuarlos, por suerte, contamos con un gran equipo que nos acompa\u00f1a, como todos los a\u00f1os, y con el apoyo del ejecutivo municipal en cada una de las actividades\u201d manifest\u00f3 Brady.\u00a0 \u00a0\u00a0 <\/p>\n\n\n\n<p>Fuente: Prensa CUNA<\/p>\n","protected":false},"excerpt":{"rendered":"<p>La Comisi\u00f3n Municipal del Patrimonio presidida por el Arq. Miguel Brady realiz\u00f3 el primer encuentro del a\u00f1o. En el mismo &#8230; <a title=\"CUNA anticipada actividades para el a\u00f1o\" class=\"read-more\" href=\"https:\/\/www.hoymercedes.com.ar\/principal\/2020\/03\/17\/cuna-anticipada-actividades-para-el-ano\/\" aria-label=\"Leer m\u00e1s sobre CUNA anticipada actividades para el a\u00f1o\">Leer m\u00e1s<\/a><\/p>\n","protected":false},"author":1,"featured_media":107737,"comment_status":"closed","ping_status":"open","sticky":false,"template":"","format":"standard","meta":{"_monsterinsights_skip_tracking":false,"_monsterinsights_sitenote_active":false,"_monsterinsights_sitenote_note":"","_monsterinsights_sitenote_category":0,"jetpack_post_was_ever_published":false,"_jetpack_newsletter_access":"","_jetpack_dont_email_post_to_subs":false,"_jetpack_newsletter_tier_id":0,"_jetpack_memberships_contains_paywalled_content":false,"_jetpack_memberships_contains_paid_content":false,"footnotes":"","jetpack_publicize_message":"","jetpack_publicize_feature_enabled":true,"jetpack_social_post_already_shared":false,"jetpack_social_options":{"image_generator_settings":{"template":"highway","default_image_id":0,"font":"","enabled":false},"version":2},"_wpas_customize_per_network":false},"categories":[104],"tags":[10721,7805,10722],"class_list":["post-107773","post","type-post","status-publish","format-standard","has-post-thumbnail","hentry","category-cultura","tag-comision-de-patrimonio","tag-cultura","tag-cuna","generate-columns","tablet-grid-50","mobile-grid-100","grid-parent","grid-50"],"jetpack_publicize_connections":[],"jetpack_featured_media_url":"https:\/\/www.hoymercedes.com.ar\/principal\/wp-content\/uploads\/2020\/03\/16-CUNA.jpeg","wps_subtitle":"Patrimonio cultural","jetpack_sharing_enabled":true,"_links":{"self":[{"href":"https:\/\/www.hoymercedes.com.ar\/principal\/wp-json\/wp\/v2\/posts\/107773","targetHints":{"allow":["GET"]}}],"collection":[{"href":"https:\/\/www.hoymercedes.com.ar\/principal\/wp-json\/wp\/v2\/posts"}],"about":[{"href":"https:\/\/www.hoymercedes.com.ar\/principal\/wp-json\/wp\/v2\/types\/post"}],"author":[{"embeddable":true,"href":"https:\/\/www.hoymercedes.com.ar\/principal\/wp-json\/wp\/v2\/users\/1"}],"replies":[{"embeddable":true,"href":"https:\/\/www.hoymercedes.com.ar\/principal\/wp-json\/wp\/v2\/comments?post=107773"}],"version-history":[{"count":0,"href":"https:\/\/www.hoymercedes.com.ar\/principal\/wp-json\/wp\/v2\/posts\/107773\/revisions"}],"wp:featuredmedia":[{"embeddable":true,"href":"https:\/\/www.hoymercedes.com.ar\/principal\/wp-json\/wp\/v2\/media\/107737"}],"wp:attachment":[{"href":"https:\/\/www.hoymercedes.com.ar\/principal\/wp-json\/wp\/v2\/media?parent=107773"}],"wp:term":[{"taxonomy":"category","embeddable":true,"href":"https:\/\/www.hoymercedes.com.ar\/principal\/wp-json\/wp\/v2\/categories?post=107773"},{"taxonomy":"post_tag","embeddable":true,"href":"https:\/\/www.hoymercedes.com.ar\/principal\/wp-json\/wp\/v2\/tags?post=107773"}],"curies":[{"name":"wp","href":"https:\/\/api.w.org\/{rel}","templated":true}]}}