{"id":107803,"date":"2020-03-17T00:51:00","date_gmt":"2020-03-17T03:51:00","guid":{"rendered":"http:\/\/www.hoymercedes.com.ar\/principal\/?p=107803"},"modified":"2020-03-16T21:00:56","modified_gmt":"2020-03-17T00:00:56","slug":"coronavirus-anses-atendera-en-persona-solo-a-quienes-tengan-turno-previo","status":"publish","type":"post","link":"https:\/\/www.hoymercedes.com.ar\/principal\/2020\/03\/17\/coronavirus-anses-atendera-en-persona-solo-a-quienes-tengan-turno-previo\/","title":{"rendered":"Coronavirus: ANSES atender\u00e1 en persona s\u00f3lo a quienes tengan turno previo"},"content":{"rendered":"\n<p>En el\nmarco de la emergencia sanitaria declarada y de las distintas medidas que se\nvienen adoptando en el pa\u00eds para prevenir la propagaci\u00f3n del COVID-19, ANSES\nest\u00e1 implementando acciones conducentes para la protecci\u00f3n de los jubilados y\npensionados mayores de 60 a\u00f1os sobre quienes corresponde reforzar las medidas\ntendientes a que se mantengan en sus hogares. Proponen que a las oficinas s\u00f3lo\nvayan las personas que tienen turno previo, mientras que las demandas\nespont\u00e1neas ser\u00e1 respondidas a trav\u00e9s del 130 o el sitio web de ANSES. <\/p>\n\n\n\n<p>El Jefe Regional de ANSES, Carlos Garro, explic\u00f3 que el\norganismo atiende solamente a las personas que tienen turnos previos, aunque a\nlas personas que tienen&nbsp; m\u00e1s de 60 a\u00f1os\nse les dar\u00e1 un nuevo turno para dentro de un mes. Adem\u00e1s, explic\u00f3 que aquellos\ntr\u00e1mites que puedan realizar a trav\u00e9s de internet o tel\u00e9fono, se realicen a\ntrav\u00e9s de esas v\u00edas. &nbsp;&nbsp;<\/p>\n\n\n\n<p>\u201cNosotros tenemos una importante cifra de empleados que no\nest\u00e1n asistiendo por ser poblaci\u00f3n de riesgo, adem\u00e1s de algunos que deben\nquedarse en su casa por sus hijos. Por lo tanto, solamente se atiende a lo\nturnado. As\u00ed tambi\u00e9n cuidamos a nuestros empleados. Las medidas que est\u00e1n\nsaliendo minuto a minuto las estamos notificando\u201d, explic\u00f3 Garro recordando que\nel n\u00famero telef\u00f3nico 130 atiende consultas y tr\u00e1mites, al igual que el sitio\nwww.anses.gob.ar. &nbsp;&nbsp;&nbsp;<\/p>\n\n\n\n<p>Asimismo, desde ANSES central recuerdan que el Banco de la Naci\u00f3n Argentina e y otras entidades bancarias cambiaron su formar\nde hacer el control de supervivencia. Es as\u00ed que &nbsp;se insta a todos los agentes pagadores de\njubilaciones y pensiones a tener por cumplido el tr\u00e1mite de&nbsp;<em>fe de vida<\/em>&nbsp;con las\nmodalidades hasta ahora vigentes y adem\u00e1s con la posibilidad de presentaci\u00f3n de\nuna declaraci\u00f3n jurada suscripta por el beneficiario y cuyo original sea\nrubricado por persona humana con capacidad legal para responsabilizarse, quien\ndeber\u00e1&nbsp; acreditar su identidad&nbsp; y suscribir la documentaci\u00f3n\npertinente por ante el agente de pago, de acuerdo a las exigencias de cada\nentidad.<\/p>\n\n\n\n<p>Asimismo, las entidades de pago podr\u00e1n adoptar\notras medidas simplificadas como ser procesos de llamadas por IVR,\nreconocimiento de voz y todas aquellas que est\u00e9n a su alcance implementar para\nevitar el traslado de la poblaci\u00f3n adulta de esa edad.<\/p>\n\n\n\n<p>Por otra parte, ANSES prev\u00e9 lanzar pr\u00f3ximamente un sistema tecnol\u00f3gico\n\u00e1gil, seguro, efectivo, confiable y sencillo que utiliza herramientas\nbiom\u00e9tricas que permiten la verificaci\u00f3n de identidad por medio de fotograf\u00eda\nde rostro en el marco de un Convenio suscripto con RENAPER que los bancos\npodr\u00e1n utilizar para tal fin.<\/p>\n\n\n\n<p>Se recuerda a las entidades que deber\u00e1 proveerse sin cargo una tarjeta\nmagn\u00e9tica al titular de la cuenta de la seguridad social y a su apoderado para\npercibir, que le permita operar en los cajeros autom\u00e1ticos y realizar las dem\u00e1s\noperaciones bancarias. El cumplimiento de las medidas detalladas coadyuvar\u00e1 a\nminimizar la circulaci\u00f3n del virus y a mitigar la pandemia declarada, seg\u00fan el\nmensaje del Poder Ejecutivo Nacional tendiente a incentivar la toma de\nconciencia de la situaci\u00f3n de emergencia.<\/p>\n","protected":false},"excerpt":{"rendered":"<p>En el marco de la emergencia sanitaria declarada y de las distintas medidas que se vienen adoptando en el pa\u00eds &#8230; <a title=\"Coronavirus: ANSES atender\u00e1 en persona s\u00f3lo a quienes tengan turno previo\" class=\"read-more\" href=\"https:\/\/www.hoymercedes.com.ar\/principal\/2020\/03\/17\/coronavirus-anses-atendera-en-persona-solo-a-quienes-tengan-turno-previo\/\" aria-label=\"Leer m\u00e1s sobre Coronavirus: ANSES atender\u00e1 en persona s\u00f3lo a quienes tengan turno previo\">Leer m\u00e1s<\/a><\/p>\n","protected":false},"author":1,"featured_media":73507,"comment_status":"closed","ping_status":"open","sticky":false,"template":"","format":"standard","meta":{"_monsterinsights_skip_tracking":false,"_monsterinsights_sitenote_active":false,"_monsterinsights_sitenote_note":"","_monsterinsights_sitenote_category":0,"jetpack_post_was_ever_published":false,"_jetpack_newsletter_access":"","_jetpack_dont_email_post_to_subs":false,"_jetpack_newsletter_tier_id":0,"_jetpack_memberships_contains_paywalled_content":false,"_jetpack_memberships_contains_paid_content":false,"footnotes":"","jetpack_publicize_message":"","jetpack_publicize_feature_enabled":true,"jetpack_social_post_already_shared":true,"jetpack_social_options":{"image_generator_settings":{"template":"highway","default_image_id":0,"font":"","enabled":false},"version":2},"_wpas_customize_per_network":false},"categories":[8],"tags":[4,12703,16175,16313,16319],"class_list":["post-107803","post","type-post","status-publish","format-standard","has-post-thumbnail","hentry","category-sociedad","tag-anses","tag-atencion","tag-coronavirus","tag-covid-19","tag-distancia-social","generate-columns","tablet-grid-50","mobile-grid-100","grid-parent","grid-50"],"jetpack_publicize_connections":[],"jetpack_featured_media_url":"https:\/\/www.hoymercedes.com.ar\/principal\/wp-content\/uploads\/2018\/03\/15-anses-logo.jpg","wps_subtitle":"Medidas preventivas","jetpack_sharing_enabled":true,"_links":{"self":[{"href":"https:\/\/www.hoymercedes.com.ar\/principal\/wp-json\/wp\/v2\/posts\/107803","targetHints":{"allow":["GET"]}}],"collection":[{"href":"https:\/\/www.hoymercedes.com.ar\/principal\/wp-json\/wp\/v2\/posts"}],"about":[{"href":"https:\/\/www.hoymercedes.com.ar\/principal\/wp-json\/wp\/v2\/types\/post"}],"author":[{"embeddable":true,"href":"https:\/\/www.hoymercedes.com.ar\/principal\/wp-json\/wp\/v2\/users\/1"}],"replies":[{"embeddable":true,"href":"https:\/\/www.hoymercedes.com.ar\/principal\/wp-json\/wp\/v2\/comments?post=107803"}],"version-history":[{"count":0,"href":"https:\/\/www.hoymercedes.com.ar\/principal\/wp-json\/wp\/v2\/posts\/107803\/revisions"}],"wp:featuredmedia":[{"embeddable":true,"href":"https:\/\/www.hoymercedes.com.ar\/principal\/wp-json\/wp\/v2\/media\/73507"}],"wp:attachment":[{"href":"https:\/\/www.hoymercedes.com.ar\/principal\/wp-json\/wp\/v2\/media?parent=107803"}],"wp:term":[{"taxonomy":"category","embeddable":true,"href":"https:\/\/www.hoymercedes.com.ar\/principal\/wp-json\/wp\/v2\/categories?post=107803"},{"taxonomy":"post_tag","embeddable":true,"href":"https:\/\/www.hoymercedes.com.ar\/principal\/wp-json\/wp\/v2\/tags?post=107803"}],"curies":[{"name":"wp","href":"https:\/\/api.w.org\/{rel}","templated":true}]}}