{"id":107816,"date":"2020-03-17T13:02:00","date_gmt":"2020-03-17T16:02:00","guid":{"rendered":"http:\/\/www.hoymercedes.com.ar\/principal\/?p=107816"},"modified":"2020-03-17T10:54:21","modified_gmt":"2020-03-17T13:54:21","slug":"coronavirus-came-envia-carta-al-presidente-manifestando-su-compromiso-ante-el-riesgo-de-la-pandemia","status":"publish","type":"post","link":"https:\/\/www.hoymercedes.com.ar\/principal\/2020\/03\/17\/coronavirus-came-envia-carta-al-presidente-manifestando-su-compromiso-ante-el-riesgo-de-la-pandemia\/","title":{"rendered":"Coronavirus: CAME env\u00eda carta al presidente manifestando su compromiso ante el riesgo de la pandemia"},"content":{"rendered":"\n<p>\n\nDesde la Confederaci\u00f3n Argentina de la Mediana Empresa (CAME) enviamos una misiva al presidente de la Naci\u00f3n,&nbsp;<strong>Alberto Fern\u00e1ndez<\/strong>, en representaci\u00f3n de nuestras 1491 entidades asociadas, ofreciendo nuestra colaboraci\u00f3n para trabajar con responsabilidad, compromiso y solidaridad ante el riesgo que supone la propagaci\u00f3n del virus COVID-19 en Argentina.<\/p>\n\n\n\n<p>Teniendo en cuenta el contexto de emergencia sanitaria mundial y comprendiendo la gravedad de la amenaza, acompa\u00f1amos las medidas que el Gobierno considere oportunas y nos ponemos a absoluta disposici\u00f3n para contribuir con el cumplimiento de las disposiciones nacionales que incidan en la disminuci\u00f3n del contagio en la poblaci\u00f3n, con especial \u00e9nfasis en la contenci\u00f3n de las peque\u00f1as y medianas empresas.<\/p>\n\n\n\n<p>Desde CAME confiamos en que con la colaboraci\u00f3n y compromiso de todos podremos superar esta adversidad.<\/p>\n\n\n\n<p>Para acceder a la misiva enviada,\u00a0<a rel=\"noreferrer noopener\" target=\"_blank\" href=\"http:\/\/km2.bariloche.cc\/lt.php?c=20974&amp;m=12818&amp;nl=1127&amp;s=87178a32470259a83e89250ecea5e162&amp;lid=95214&amp;l=-http--www.redcame.org.ar\/archivos\/Dr.%20Alberto%20Fern%C3%A1ndez.pdf\">clic aqu\u00ed<\/a>. <\/p>\n\n\n\n<figure class=\"wp-block-image size-large\"><img loading=\"lazy\" decoding=\"async\" width=\"587\" height=\"834\" data-attachment-id=\"107817\" data-permalink=\"https:\/\/www.hoymercedes.com.ar\/principal\/2020\/03\/17\/coronavirus-came-envia-carta-al-presidente-manifestando-su-compromiso-ante-el-riesgo-de-la-pandemia\/17-came-carta\/#main\" data-orig-file=\"https:\/\/www.hoymercedes.com.ar\/principal\/wp-content\/uploads\/2020\/03\/17-came-carta.jpg\" data-orig-size=\"587,834\" data-comments-opened=\"0\" data-image-meta=\"{&quot;aperture&quot;:&quot;0&quot;,&quot;credit&quot;:&quot;&quot;,&quot;camera&quot;:&quot;&quot;,&quot;caption&quot;:&quot;&quot;,&quot;created_timestamp&quot;:&quot;0&quot;,&quot;copyright&quot;:&quot;&quot;,&quot;focal_length&quot;:&quot;0&quot;,&quot;iso&quot;:&quot;0&quot;,&quot;shutter_speed&quot;:&quot;0&quot;,&quot;title&quot;:&quot;&quot;,&quot;orientation&quot;:&quot;0&quot;}\" data-image-title=\"17 came carta\" data-image-description=\"\" data-image-caption=\"\" data-large-file=\"https:\/\/www.hoymercedes.com.ar\/principal\/wp-content\/uploads\/2020\/03\/17-came-carta.jpg\" src=\"https:\/\/www.hoymercedes.com.ar\/principal\/wp-content\/uploads\/2020\/03\/17-came-carta.jpg\" alt=\"\" class=\"wp-image-107817\"\/><\/figure>\n","protected":false},"excerpt":{"rendered":"<p>Desde la Confederaci\u00f3n Argentina de la Mediana Empresa (CAME) enviamos una misiva al presidente de la Naci\u00f3n,&nbsp;Alberto Fern\u00e1ndez, en representaci\u00f3n &#8230; <a title=\"Coronavirus: CAME env\u00eda carta al presidente manifestando su compromiso ante el riesgo de la pandemia\" class=\"read-more\" href=\"https:\/\/www.hoymercedes.com.ar\/principal\/2020\/03\/17\/coronavirus-came-envia-carta-al-presidente-manifestando-su-compromiso-ante-el-riesgo-de-la-pandemia\/\" aria-label=\"Leer m\u00e1s sobre Coronavirus: CAME env\u00eda carta al presidente manifestando su compromiso ante el riesgo de la pandemia\">Leer m\u00e1s<\/a><\/p>\n","protected":false},"author":1,"featured_media":107818,"comment_status":"closed","ping_status":"open","sticky":false,"template":"","format":"standard","meta":{"_monsterinsights_skip_tracking":false,"_monsterinsights_sitenote_active":false,"_monsterinsights_sitenote_note":"","_monsterinsights_sitenote_category":0,"jetpack_post_was_ever_published":false,"_jetpack_newsletter_access":"","_jetpack_dont_email_post_to_subs":false,"_jetpack_newsletter_tier_id":0,"_jetpack_memberships_contains_paywalled_content":false,"_jetpack_memberships_contains_paid_content":false,"footnotes":"","jetpack_publicize_message":"","jetpack_publicize_feature_enabled":true,"jetpack_social_post_already_shared":true,"jetpack_social_options":{"image_generator_settings":{"template":"highway","default_image_id":0,"font":"","enabled":false},"version":2},"_wpas_customize_per_network":false},"categories":[8],"tags":[1496,16175,16313,16329],"class_list":["post-107816","post","type-post","status-publish","format-standard","has-post-thumbnail","hentry","category-sociedad","tag-came","tag-coronavirus","tag-covid-19","tag-sector-empresarial","generate-columns","tablet-grid-50","mobile-grid-100","grid-parent","grid-50"],"jetpack_publicize_connections":[],"jetpack_featured_media_url":"https:\/\/www.hoymercedes.com.ar\/principal\/wp-content\/uploads\/2020\/03\/17-logo-came.jpg","wps_subtitle":"Sector empresarial","jetpack_sharing_enabled":true,"_links":{"self":[{"href":"https:\/\/www.hoymercedes.com.ar\/principal\/wp-json\/wp\/v2\/posts\/107816","targetHints":{"allow":["GET"]}}],"collection":[{"href":"https:\/\/www.hoymercedes.com.ar\/principal\/wp-json\/wp\/v2\/posts"}],"about":[{"href":"https:\/\/www.hoymercedes.com.ar\/principal\/wp-json\/wp\/v2\/types\/post"}],"author":[{"embeddable":true,"href":"https:\/\/www.hoymercedes.com.ar\/principal\/wp-json\/wp\/v2\/users\/1"}],"replies":[{"embeddable":true,"href":"https:\/\/www.hoymercedes.com.ar\/principal\/wp-json\/wp\/v2\/comments?post=107816"}],"version-history":[{"count":0,"href":"https:\/\/www.hoymercedes.com.ar\/principal\/wp-json\/wp\/v2\/posts\/107816\/revisions"}],"wp:featuredmedia":[{"embeddable":true,"href":"https:\/\/www.hoymercedes.com.ar\/principal\/wp-json\/wp\/v2\/media\/107818"}],"wp:attachment":[{"href":"https:\/\/www.hoymercedes.com.ar\/principal\/wp-json\/wp\/v2\/media?parent=107816"}],"wp:term":[{"taxonomy":"category","embeddable":true,"href":"https:\/\/www.hoymercedes.com.ar\/principal\/wp-json\/wp\/v2\/categories?post=107816"},{"taxonomy":"post_tag","embeddable":true,"href":"https:\/\/www.hoymercedes.com.ar\/principal\/wp-json\/wp\/v2\/tags?post=107816"}],"curies":[{"name":"wp","href":"https:\/\/api.w.org\/{rel}","templated":true}]}}