{"id":107821,"date":"2020-03-17T12:30:00","date_gmt":"2020-03-17T15:30:00","guid":{"rendered":"http:\/\/www.hoymercedes.com.ar\/principal\/?p=107821"},"modified":"2020-03-17T11:40:31","modified_gmt":"2020-03-17T14:40:31","slug":"coronavirus-el-verdadero-virus","status":"publish","type":"post","link":"https:\/\/www.hoymercedes.com.ar\/principal\/2020\/03\/17\/coronavirus-el-verdadero-virus\/","title":{"rendered":"Coronavirus: \u00abEl Verdadero Virus\u00bb"},"content":{"rendered":"\n<p>Por Asamblea Mercedina por la Agroecolog\u00eda (AMA) &#8211; El COVID-19, m\u00e1s conocido como Coronavirus, se ha instalado ineludiblemente en la agenda p\u00fablica. La prensa sensacionalista, acostumbrada a un trato desmesurado e inmediatista de todo fen\u00f3meno social, ha colaborado irresponsablemente a generalizar un miedo que solo le es funcional a la gobernanza pol\u00edtica global y a la siempre especulativa industria de los laboratorios.<\/p>\n\n\n\n<p>Abundan los datos sobre cantidad de contagios y muertes por todo el mundo. Se repiten hasta el cansancio las medidas de los distintos Estados para controlar la propagaci\u00f3n del virus. Aparecen noticias de personalidades de la cultura o del deporte que han contra\u00eddo la enfermedad. Pero nada se informa sobre las causas del coronavirus.<\/p>\n\n\n\n<p>Los virus han convivido con la humanidad y las distintas especies animales durante miles de a\u00f1os, en una relaci\u00f3n compleja, no siempre dram\u00e1tica. Pero durante los \u00faltimos 30 a\u00f1os, con la intensificaci\u00f3n de la mercantilizaci\u00f3n de la naturaleza bajo la forma de extracci\u00f3n irracional de bienes como agua, gas, petr\u00f3leo, madera, minerales, etc., la relaci\u00f3n entre las sociedades y sus ambientes ha sido gravemente alterada. Estos cambios generaron las condiciones para la propagaci\u00f3n de virus y enfermedades que desbordan los ya deficientes sistemas de salud p\u00fablica y toman por sorpresa a la comunidad cient\u00edfica, convirtiendo la distancia entre epidemia y pandemia en una cuesti\u00f3n anecd\u00f3tica. <\/p>\n\n\n\n<p>La fuerte afectaci\u00f3n de los ecosistemas en que ciertos animales se han desarrollado, destruyendo sus h\u00e1bitats naturales, representa el verdadero problema de fondo. La cr\u00eda industrial de animales (con sus antibi\u00f3ticos, antivirales, etc.) para su posterior comercializaci\u00f3n en los distintos circuitos de la corporaci\u00f3n alimentaria, representa otro importante foco de propagaci\u00f3n de enfermedades zoon\u00f3ticas. <\/p>\n\n\n\n<p>Es en definitiva EL EXTRACTIVISMO CAPITALISTA y sus industrias derivadas (miner\u00eda, agr\u00edcola, alimentaria, petrolera, etc.) el verdadero problema de fondo y causante de estas enfermedades, cuya complementaci\u00f3n con el sistema m\u00e9dico hegem\u00f3nico (que  selectivamente cataloga como grave ciertas enfermedades y no otras igual o m\u00e1s arraigadas y extendidas), habilita un escenario de vigilancia social para controlar a la poblaci\u00f3n y restringir arbitrariamente distintas actividades y libertades p\u00fablicas.<\/p>\n\n\n\n<p>Las Asambleas y Colectivos que construimos el Encuentro Pluricultural de Pueblos Fumigados de la Provincia de Buenos Aires hacia la Agroecolog\u00eda y el Buen Vivir, hemos tomado la decisi\u00f3n de no abonar a un clima de creciente p\u00e1nico e incertidumbre social, y por ello reprogramaremos la realizaci\u00f3n de nuestra reuni\u00f3n anual. Pero queremos dejar en claro que las medidas que verdaderamente podr\u00e1n detener la generaci\u00f3n y propagaci\u00f3n de virus como el COVID-19 no son la desproporcionada prohibici\u00f3n de eventos sociales y el despliegue de las fuerzas de seguridad. Solo un profundo cambio social que transforme el sistema productivo en un sentido de equilibrio y respeto a los ciclos naturales de todos los seres vivos podr\u00e1 terminar con enfermedades y padecimientos evitables.<\/p>\n\n\n\n<p>Adhieren: Huerquen, comunicaci\u00f3n en colectivo; Paren de Fumigar Pergamino; Asamblea Rio Cuarto sin agrotoxicos; Escuela Ra\u00edces y Alas\/Escobar\/Bs.As; ConCiencia Agroecol\u00f3gica de 9 de Julio- Pcia BsAs; Vecinos sin techo y por una vivienda digna San Martin de los andes Nqn.; Asamblea por la Vida ROJAS; Radio La Portada Bolivar; UPVA \u00bb Unidos por la vida y el medio Ambiente\u00bb; Evoluci\u00f3n Ambiental C. Su\u00e1rez; Rebeli\u00f3n o Extinci\u00f3n Argentina (XR); Puratierra; Organizaci\u00f3n Comunitaria Carlos Mugica; Reserva Natural Camino de las Flores; Pura Vida huerta agroecologica; Red Local de Estudios Agroecol\u00f3gicos Baradero San Pedro (ReLEA); Slow Food Argentina; Programa de Promoci\u00f3n de la Salud y Soberan\u00eda Alimentaria. Extensi\u00f3n Unmdp; C\u00edrculo de Estudio de Soberan\u00eda Alimentaria UNSAM; Vecinos Autoconvocadxs por la salud ambiental de Trenque Lauquen; Vecinos Contra Las termoel\u00e9ctricas; Vecinos Autoconvocados por la Salud ambiental Trenque Lauquen; Frente de lucha por la Soberan\u00eda Alimentaria; Ambiente Saludable S. A. de Giles; Agroecolog\u00eda en Movimiento. Mar del Plata; Ecos de Saladillo; Mo.Ve.A Pehuaj\u00f3\u00bb por un ambiente saludable\u00bb; SOS Habitat Mercedes; y se siguen sumando mas<\/p>\n","protected":false},"excerpt":{"rendered":"<p>Por Asamblea Mercedina por la Agroecolog\u00eda (AMA) &#8211; El COVID-19, m\u00e1s conocido como Coronavirus, se ha instalado ineludiblemente en la &#8230; <a title=\"Coronavirus: \u00abEl Verdadero Virus\u00bb\" class=\"read-more\" href=\"https:\/\/www.hoymercedes.com.ar\/principal\/2020\/03\/17\/coronavirus-el-verdadero-virus\/\" aria-label=\"Leer m\u00e1s sobre Coronavirus: \u00abEl Verdadero Virus\u00bb\">Leer m\u00e1s<\/a><\/p>\n","protected":false},"author":1,"featured_media":100728,"comment_status":"closed","ping_status":"open","sticky":false,"template":"","format":"standard","meta":{"_monsterinsights_skip_tracking":false,"_monsterinsights_sitenote_active":false,"_monsterinsights_sitenote_note":"","_monsterinsights_sitenote_category":0,"jetpack_post_was_ever_published":false,"_jetpack_newsletter_access":"","_jetpack_dont_email_post_to_subs":false,"_jetpack_newsletter_tier_id":0,"_jetpack_memberships_contains_paywalled_content":false,"_jetpack_memberships_contains_paid_content":false,"footnotes":"","jetpack_publicize_message":"","jetpack_publicize_feature_enabled":true,"jetpack_social_post_already_shared":true,"jetpack_social_options":{"image_generator_settings":{"template":"highway","default_image_id":0,"font":"","enabled":false},"version":2},"_wpas_customize_per_network":false},"categories":[1],"tags":[13658,13642,16175,16313,8748],"class_list":["post-107821","post","type-post","status-publish","format-standard","has-post-thumbnail","hentry","category-opinion","tag-ama","tag-asamblea-mercedina-por-la-agroecologia","tag-coronavirus","tag-covid-19","tag-opinion","generate-columns","tablet-grid-50","mobile-grid-100","grid-parent","grid-50"],"jetpack_publicize_connections":[],"jetpack_featured_media_url":"https:\/\/www.hoymercedes.com.ar\/principal\/wp-content\/uploads\/2019\/09\/30-ama-agroecologia.jpg","wps_subtitle":"Opini\u00f3n","jetpack_sharing_enabled":true,"_links":{"self":[{"href":"https:\/\/www.hoymercedes.com.ar\/principal\/wp-json\/wp\/v2\/posts\/107821","targetHints":{"allow":["GET"]}}],"collection":[{"href":"https:\/\/www.hoymercedes.com.ar\/principal\/wp-json\/wp\/v2\/posts"}],"about":[{"href":"https:\/\/www.hoymercedes.com.ar\/principal\/wp-json\/wp\/v2\/types\/post"}],"author":[{"embeddable":true,"href":"https:\/\/www.hoymercedes.com.ar\/principal\/wp-json\/wp\/v2\/users\/1"}],"replies":[{"embeddable":true,"href":"https:\/\/www.hoymercedes.com.ar\/principal\/wp-json\/wp\/v2\/comments?post=107821"}],"version-history":[{"count":0,"href":"https:\/\/www.hoymercedes.com.ar\/principal\/wp-json\/wp\/v2\/posts\/107821\/revisions"}],"wp:featuredmedia":[{"embeddable":true,"href":"https:\/\/www.hoymercedes.com.ar\/principal\/wp-json\/wp\/v2\/media\/100728"}],"wp:attachment":[{"href":"https:\/\/www.hoymercedes.com.ar\/principal\/wp-json\/wp\/v2\/media?parent=107821"}],"wp:term":[{"taxonomy":"category","embeddable":true,"href":"https:\/\/www.hoymercedes.com.ar\/principal\/wp-json\/wp\/v2\/categories?post=107821"},{"taxonomy":"post_tag","embeddable":true,"href":"https:\/\/www.hoymercedes.com.ar\/principal\/wp-json\/wp\/v2\/tags?post=107821"}],"curies":[{"name":"wp","href":"https:\/\/api.w.org\/{rel}","templated":true}]}}