{"id":107828,"date":"2020-03-17T11:45:00","date_gmt":"2020-03-17T14:45:00","guid":{"rendered":"http:\/\/www.hoymercedes.com.ar\/principal\/?p=107828"},"modified":"2020-03-17T13:37:52","modified_gmt":"2020-03-17T16:37:52","slug":"coronavirus-omic-recorre-supermercados-para-verificar-acciones-comerciales","status":"publish","type":"post","link":"https:\/\/www.hoymercedes.com.ar\/principal\/2020\/03\/17\/coronavirus-omic-recorre-supermercados-para-verificar-acciones-comerciales\/","title":{"rendered":"Coronavirus: OMIC recorre supermercados para verificar acciones comerciales"},"content":{"rendered":"\n<p>La Oficina Municipal de Informaci\u00f3n al Consumidor (OMIC) y representantes locales del Defensor del Pueblo Bonaerenses, por estos d\u00edas est\u00e1 trabajando para que los comercios de venta de alimento lleven adelante acciones comerciales ante la emergencia sanitaria. <\/p>\n\n\n\n<p>Mart\u00edn Boragno, responsable del OMIC cont\u00f3 que mantuvo reuniones en post de mejorar los servicios en diferentes autoservicios. \u201cEstuvimos visitando tres cadenas de supermercados \u2013La An\u00f3nima, Vea y D\u00eda%- donde tratamos cuatro puntos esenciales: abastecimiento, horario de atenci\u00f3n a mayores, precios cuidados y tarjeta alimentar. Lo primero que hay que transmitirle a la sociedad es que tienen abastecimiento, donde el \u00fanico inconveniente est\u00e1 en la reposici\u00f3n de las g\u00f3ndolas\u201d, explic\u00f3.<\/p>\n\n\n\n<p>Con respecto a la implementaci\u00f3n de un horario especial para adultos mayores y el grupo con factores de riesgo, se\u00f1al\u00f3 \u201clo est\u00e1n analizando, en principio La An\u00f3nima y Vea estar\u00edan estudi\u00e1ndolo y D\u00eda% a\u00fan no nos ha informado\u201d. <\/p>\n\n\n\n<p>Continuando con los dem\u00e1s puntos, Boragno manifest\u00f3 \u201cen cuanto a precios cuidados, luego de lo que fue el aluvi\u00f3n de compras de este \u00faltimo fin de semana, les dimos tiempo hasta el mi\u00e9rcoles para que sumen nuevamente a las g\u00f3ndolas estos art\u00edculos\u201d.<\/p>\n\n\n\n<p>\u201cLo que hay que remarcar es que no existe desabastecimiento, eso lo queremos dejar en claro, y le pedimos a los consumidores que no vayan en grupos familiares a realizar las compras\u201d subray\u00f3 el responsable del OMIC.<\/p>\n\n\n\n<p>Por otro lado, y poniendo hincapi\u00e9 en las medidas que tienen que ver con la higiene en estos lugares indic\u00f3 \u201cesto tiene que ver tanto para empleados como para consumidores y en el marco de nuestras visitas vimos que estos supermercados ya est\u00e1n tomando algunas disposiciones\u201d y manifest\u00f3 \u201cdesde las diferentes \u00e1reas vamos a estar para controlar a los comercios pero tambi\u00e9n les pedimos que nos cuidemos entre todos\u201d.<\/p>\n\n\n\n<p>En ese sentido, profundiz\u00f3 \u201cel intendente Ustarroz ha sido muy claro y preciso en cuanto a que debemos solidarizarnos y cuidarnos porque es la \u00fanica manera de hacerle frente a esta problem\u00e1tica que nos afecta a todos. Cada uno debe poner su granito de arena\u201d. &nbsp;&nbsp;<\/p>\n\n\n\n<p>En otro orden de cosas, Mart\u00edn Boragno declar\u00f3 \u201cen el d\u00eda de hoy estamos oficiando a Mercado Libre con respecto al precio del alcohol en gel, donde existe un abuso por parte de ellos, motivo por el cual, lo vamos a oficiar en base a la denuncia de un vecino\u201d<br><\/p>\n","protected":false},"excerpt":{"rendered":"<p>La Oficina Municipal de Informaci\u00f3n al Consumidor (OMIC) y representantes locales del Defensor del Pueblo Bonaerenses, por estos d\u00edas est\u00e1 &#8230; <a title=\"Coronavirus: OMIC recorre supermercados para verificar acciones comerciales\" class=\"read-more\" href=\"https:\/\/www.hoymercedes.com.ar\/principal\/2020\/03\/17\/coronavirus-omic-recorre-supermercados-para-verificar-acciones-comerciales\/\" aria-label=\"Leer m\u00e1s sobre Coronavirus: OMIC recorre supermercados para verificar acciones comerciales\">Leer m\u00e1s<\/a><\/p>\n","protected":false},"author":1,"featured_media":107829,"comment_status":"closed","ping_status":"open","sticky":false,"template":"","format":"standard","meta":{"_monsterinsights_skip_tracking":false,"_monsterinsights_sitenote_active":false,"_monsterinsights_sitenote_note":"","_monsterinsights_sitenote_category":0,"jetpack_post_was_ever_published":false,"_jetpack_newsletter_access":"","_jetpack_dont_email_post_to_subs":false,"_jetpack_newsletter_tier_id":0,"_jetpack_memberships_contains_paywalled_content":false,"_jetpack_memberships_contains_paid_content":false,"footnotes":"","jetpack_publicize_message":"","jetpack_publicize_feature_enabled":true,"jetpack_social_post_already_shared":true,"jetpack_social_options":{"image_generator_settings":{"template":"highway","default_image_id":0,"font":"","enabled":false},"version":2},"_wpas_customize_per_network":false},"categories":[30],"tags":[16175,16313,244,341,8784],"class_list":["post-107828","post","type-post","status-publish","format-standard","has-post-thumbnail","hentry","category-municipio","tag-coronavirus","tag-covid-19","tag-municipio-2","tag-omic","tag-supermercados","generate-columns","tablet-grid-50","mobile-grid-100","grid-parent","grid-50"],"jetpack_publicize_connections":[],"jetpack_featured_media_url":"https:\/\/www.hoymercedes.com.ar\/principal\/wp-content\/uploads\/2020\/03\/17-omic-consumidor-1.jpg","wps_subtitle":"Informaci\u00f3n Municipal","jetpack_sharing_enabled":true,"_links":{"self":[{"href":"https:\/\/www.hoymercedes.com.ar\/principal\/wp-json\/wp\/v2\/posts\/107828","targetHints":{"allow":["GET"]}}],"collection":[{"href":"https:\/\/www.hoymercedes.com.ar\/principal\/wp-json\/wp\/v2\/posts"}],"about":[{"href":"https:\/\/www.hoymercedes.com.ar\/principal\/wp-json\/wp\/v2\/types\/post"}],"author":[{"embeddable":true,"href":"https:\/\/www.hoymercedes.com.ar\/principal\/wp-json\/wp\/v2\/users\/1"}],"replies":[{"embeddable":true,"href":"https:\/\/www.hoymercedes.com.ar\/principal\/wp-json\/wp\/v2\/comments?post=107828"}],"version-history":[{"count":0,"href":"https:\/\/www.hoymercedes.com.ar\/principal\/wp-json\/wp\/v2\/posts\/107828\/revisions"}],"wp:featuredmedia":[{"embeddable":true,"href":"https:\/\/www.hoymercedes.com.ar\/principal\/wp-json\/wp\/v2\/media\/107829"}],"wp:attachment":[{"href":"https:\/\/www.hoymercedes.com.ar\/principal\/wp-json\/wp\/v2\/media?parent=107828"}],"wp:term":[{"taxonomy":"category","embeddable":true,"href":"https:\/\/www.hoymercedes.com.ar\/principal\/wp-json\/wp\/v2\/categories?post=107828"},{"taxonomy":"post_tag","embeddable":true,"href":"https:\/\/www.hoymercedes.com.ar\/principal\/wp-json\/wp\/v2\/tags?post=107828"}],"curies":[{"name":"wp","href":"https:\/\/api.w.org\/{rel}","templated":true}]}}