{"id":107845,"date":"2020-03-17T16:41:17","date_gmt":"2020-03-17T19:41:17","guid":{"rendered":"http:\/\/www.hoymercedes.com.ar\/principal\/?p=107845"},"modified":"2020-03-17T16:42:23","modified_gmt":"2020-03-17T19:42:23","slug":"lujan-incendio-de-dos-vagones-de-tren-cerca-de-la-universidad","status":"publish","type":"post","link":"https:\/\/www.hoymercedes.com.ar\/principal\/2020\/03\/17\/lujan-incendio-de-dos-vagones-de-tren-cerca-de-la-universidad\/","title":{"rendered":"Luj\u00e1n:  Incendio de dos vagones de tren cerca de la Universidad"},"content":{"rendered":"\n<p>Se incendiaron dos vagones de tren que estaban estacionados cerca de la Universidad Nacional de Luj\u00e1n al costado de un predio donde se almacena arena y otros elementos de construcci\u00f3n. El hecho ocurri\u00f3 en la ma\u00f1ana de este martes pasadas las 9 horas. <\/p>\n\n\n\n<figure class=\"wp-block-image size-large\"><img loading=\"lazy\" decoding=\"async\" width=\"1032\" height=\"774\" data-attachment-id=\"107846\" data-permalink=\"https:\/\/www.hoymercedes.com.ar\/principal\/2020\/03\/17\/lujan-incendio-de-dos-vagones-de-tren-cerca-de-la-universidad\/17-tran-lujan-fuego-1\/#main\" data-orig-file=\"https:\/\/www.hoymercedes.com.ar\/principal\/wp-content\/uploads\/2020\/03\/17-tran-lujan-fuego-1.jpg\" data-orig-size=\"1032,774\" data-comments-opened=\"0\" data-image-meta=\"{&quot;aperture&quot;:&quot;0&quot;,&quot;credit&quot;:&quot;&quot;,&quot;camera&quot;:&quot;&quot;,&quot;caption&quot;:&quot;&quot;,&quot;created_timestamp&quot;:&quot;0&quot;,&quot;copyright&quot;:&quot;&quot;,&quot;focal_length&quot;:&quot;0&quot;,&quot;iso&quot;:&quot;0&quot;,&quot;shutter_speed&quot;:&quot;0&quot;,&quot;title&quot;:&quot;&quot;,&quot;orientation&quot;:&quot;0&quot;}\" data-image-title=\"17 tran lujan fuego 1\" data-image-description=\"\" data-image-caption=\"\" data-large-file=\"https:\/\/www.hoymercedes.com.ar\/principal\/wp-content\/uploads\/2020\/03\/17-tran-lujan-fuego-1.jpg\" src=\"https:\/\/www.hoymercedes.com.ar\/principal\/wp-content\/uploads\/2020\/03\/17-tran-lujan-fuego-1.jpg\" alt=\"\" class=\"wp-image-107846\"\/><\/figure>\n\n\n\n<p>Bomberos trabaj\u00f3 con dos dotaciones. No hubo que lamentar v\u00edctimas. Tampoco heridos. Los vagones estaban estacionados al costado de la v\u00edas y no estaban siendo utilizados para el transporte. Se desconoce el motivo del inicio del fuego.<\/p>\n\n\n\n<p>or el momento se desconoce c\u00f3mo se inici\u00f3 el fuego, aunque no se descarta que haya sido intencional. Lo cierto es que alrededor de las 9.30 se activ\u00f3 la sirena central del Cuartel de Bomberos Voluntarios y hasta all\u00ed se dirigieron dos dotaciones.<\/p>\n\n\n\n<p>Trabajadores del arenero, ubicado al lado del predio donde estaba abandonada la formaci\u00f3n, advirtieron c\u00f3mo se incendiaban los vagones y autoridades de la empresa llamaron a los Bomberos.<\/p>\n\n\n\n<p>Y una vez all\u00ed, los servidores p\u00fablicos ingresaron por el sector del arenero, ya que desde este predio ten\u00edan un mejor acceso a la formaci\u00f3n incendiada, que por la combusti\u00f3n de sus elementos desprend\u00eda una enorme cortina de humo.<\/p>\n\n\n\n<p>Fuente: Lujan Hoy y Luj\u00e1n en L\u00ednea<\/p>\n\n\n\n<figure class=\"wp-block-image size-large\"><img loading=\"lazy\" decoding=\"async\" width=\"1280\" height=\"768\" data-attachment-id=\"107847\" data-permalink=\"https:\/\/www.hoymercedes.com.ar\/principal\/2020\/03\/17\/lujan-incendio-de-dos-vagones-de-tren-cerca-de-la-universidad\/17-tren-lujan-fuego-2\/#main\" data-orig-file=\"https:\/\/www.hoymercedes.com.ar\/principal\/wp-content\/uploads\/2020\/03\/17-tren-lujan-fuego-2.jpg\" data-orig-size=\"1280,768\" data-comments-opened=\"0\" data-image-meta=\"{&quot;aperture&quot;:&quot;0&quot;,&quot;credit&quot;:&quot;&quot;,&quot;camera&quot;:&quot;&quot;,&quot;caption&quot;:&quot;&quot;,&quot;created_timestamp&quot;:&quot;0&quot;,&quot;copyright&quot;:&quot;&quot;,&quot;focal_length&quot;:&quot;0&quot;,&quot;iso&quot;:&quot;0&quot;,&quot;shutter_speed&quot;:&quot;0&quot;,&quot;title&quot;:&quot;&quot;,&quot;orientation&quot;:&quot;0&quot;}\" data-image-title=\"17 tren lujan fuego 2\" data-image-description=\"\" data-image-caption=\"\" data-large-file=\"https:\/\/www.hoymercedes.com.ar\/principal\/wp-content\/uploads\/2020\/03\/17-tren-lujan-fuego-2.jpg\" src=\"https:\/\/www.hoymercedes.com.ar\/principal\/wp-content\/uploads\/2020\/03\/17-tren-lujan-fuego-2.jpg\" alt=\"\" class=\"wp-image-107847\"\/><\/figure>\n","protected":false},"excerpt":{"rendered":"<p>Se incendiaron dos vagones de tren que estaban estacionados cerca de la Universidad Nacional de Luj\u00e1n al costado de un &#8230; <a title=\"Luj\u00e1n:  Incendio de dos vagones de tren cerca de la Universidad\" class=\"read-more\" href=\"https:\/\/www.hoymercedes.com.ar\/principal\/2020\/03\/17\/lujan-incendio-de-dos-vagones-de-tren-cerca-de-la-universidad\/\" aria-label=\"Leer m\u00e1s sobre Luj\u00e1n:  Incendio de dos vagones de tren cerca de la Universidad\">Leer m\u00e1s<\/a><\/p>\n","protected":false},"author":1,"featured_media":107847,"comment_status":"closed","ping_status":"open","sticky":false,"template":"","format":"standard","meta":{"_monsterinsights_skip_tracking":false,"_monsterinsights_sitenote_active":false,"_monsterinsights_sitenote_note":"","_monsterinsights_sitenote_category":0,"jetpack_post_was_ever_published":false,"_jetpack_newsletter_access":"","_jetpack_dont_email_post_to_subs":false,"_jetpack_newsletter_tier_id":0,"_jetpack_memberships_contains_paywalled_content":false,"_jetpack_memberships_contains_paid_content":false,"footnotes":"","jetpack_publicize_message":"","jetpack_publicize_feature_enabled":true,"jetpack_social_post_already_shared":true,"jetpack_social_options":{"image_generator_settings":{"template":"highway","default_image_id":0,"font":"","enabled":false},"version":2},"_wpas_customize_per_network":false},"categories":[201],"tags":[286,86,96,1057],"class_list":["post-107845","post","type-post","status-publish","format-standard","has-post-thumbnail","hentry","category-lujan-2","tag-incendio","tag-lujan","tag-policial-2","tag-regional","generate-columns","tablet-grid-50","mobile-grid-100","grid-parent","grid-50"],"jetpack_publicize_connections":[],"jetpack_featured_media_url":"https:\/\/www.hoymercedes.com.ar\/principal\/wp-content\/uploads\/2020\/03\/17-tren-lujan-fuego-2.jpg","wps_subtitle":"Policial regional","jetpack_sharing_enabled":true,"_links":{"self":[{"href":"https:\/\/www.hoymercedes.com.ar\/principal\/wp-json\/wp\/v2\/posts\/107845","targetHints":{"allow":["GET"]}}],"collection":[{"href":"https:\/\/www.hoymercedes.com.ar\/principal\/wp-json\/wp\/v2\/posts"}],"about":[{"href":"https:\/\/www.hoymercedes.com.ar\/principal\/wp-json\/wp\/v2\/types\/post"}],"author":[{"embeddable":true,"href":"https:\/\/www.hoymercedes.com.ar\/principal\/wp-json\/wp\/v2\/users\/1"}],"replies":[{"embeddable":true,"href":"https:\/\/www.hoymercedes.com.ar\/principal\/wp-json\/wp\/v2\/comments?post=107845"}],"version-history":[{"count":0,"href":"https:\/\/www.hoymercedes.com.ar\/principal\/wp-json\/wp\/v2\/posts\/107845\/revisions"}],"wp:featuredmedia":[{"embeddable":true,"href":"https:\/\/www.hoymercedes.com.ar\/principal\/wp-json\/wp\/v2\/media\/107847"}],"wp:attachment":[{"href":"https:\/\/www.hoymercedes.com.ar\/principal\/wp-json\/wp\/v2\/media?parent=107845"}],"wp:term":[{"taxonomy":"category","embeddable":true,"href":"https:\/\/www.hoymercedes.com.ar\/principal\/wp-json\/wp\/v2\/categories?post=107845"},{"taxonomy":"post_tag","embeddable":true,"href":"https:\/\/www.hoymercedes.com.ar\/principal\/wp-json\/wp\/v2\/tags?post=107845"}],"curies":[{"name":"wp","href":"https:\/\/api.w.org\/{rel}","templated":true}]}}