{"id":107862,"date":"2020-03-17T18:51:54","date_gmt":"2020-03-17T21:51:54","guid":{"rendered":"http:\/\/www.hoymercedes.com.ar\/principal\/?p=107862"},"modified":"2020-03-17T18:55:13","modified_gmt":"2020-03-17T21:55:13","slug":"coronavirus-lucas-biglia-respaldo-la-decision-de-river-plate-de-no-presentarse-a-jugar","status":"publish","type":"post","link":"https:\/\/www.hoymercedes.com.ar\/principal\/2020\/03\/17\/coronavirus-lucas-biglia-respaldo-la-decision-de-river-plate-de-no-presentarse-a-jugar\/","title":{"rendered":"Coronavirus: Lucas Biglia respald\u00f3 la decisi\u00f3n de River Plate de no presentarse a jugar"},"content":{"rendered":"\n<p>TyCSports. Lucas Biglia, ex jugador de la\u00a0Selecci\u00f3n Argentina\u00a0e integrante del Milan, habl\u00f3 desde Italia, el segundo pa\u00eds del mundo m\u00e1s afectado por el coronavirus y banc\u00f3 la postura de River de no presentarse a jugar contra\u00a0Atl\u00e9tico Tucum\u00e1n, m\u00e1s all\u00e1 de las recomendaciones del Ministerio de Salud y el pedido de Superliga.<\/p>\n\n\n\n<div class=\"wp-block-image\"><figure class=\"aligncenter size-large\"><img loading=\"lazy\" decoding=\"async\" width=\"620\" height=\"356\" data-attachment-id=\"107863\" data-permalink=\"https:\/\/www.hoymercedes.com.ar\/principal\/2020\/03\/17\/coronavirus-lucas-biglia-respaldo-la-decision-de-river-plate-de-no-presentarse-a-jugar\/lucas-biglia-milan-2-chievo-1-5\/#main\" data-orig-file=\"https:\/\/www.hoymercedes.com.ar\/principal\/wp-content\/uploads\/2020\/03\/Lucas-Biglia-milan-2-chievo-1.jpg\" data-orig-size=\"620,356\" data-comments-opened=\"0\" data-image-meta=\"{&quot;aperture&quot;:&quot;0&quot;,&quot;credit&quot;:&quot;&quot;,&quot;camera&quot;:&quot;&quot;,&quot;caption&quot;:&quot;&quot;,&quot;created_timestamp&quot;:&quot;0&quot;,&quot;copyright&quot;:&quot;&quot;,&quot;focal_length&quot;:&quot;0&quot;,&quot;iso&quot;:&quot;0&quot;,&quot;shutter_speed&quot;:&quot;0&quot;,&quot;title&quot;:&quot;&quot;,&quot;orientation&quot;:&quot;0&quot;}\" data-image-title=\"Lucas-Biglia-milan-2-chievo-1\" data-image-description=\"\" data-image-caption=\"\" data-large-file=\"https:\/\/www.hoymercedes.com.ar\/principal\/wp-content\/uploads\/2020\/03\/Lucas-Biglia-milan-2-chievo-1.jpg\" src=\"https:\/\/www.hoymercedes.com.ar\/principal\/wp-content\/uploads\/2020\/03\/Lucas-Biglia-milan-2-chievo-1.jpg\" alt=\"\" class=\"wp-image-107863\"\/><\/figure><\/div>\n\n\n\n<p>\u00ab<strong><em>Yo prefiero perder la categor\u00eda y no la vida<\/em><\/strong>\u00ab, afirm\u00f3 Biglia, quien sin rodeos apoy\u00f3 al Millonario, que se expone como m\u00e1xima sanci\u00f3n al descenso -algo que no ocurrir\u00e1-. \u00ab<em>El f\u00fatbol es un deporte que maneja much\u00edsimos intereses y ac\u00e1 se priorizan otras cosas. Existe una agrupaci\u00f3n de jugadores que tiene que estar dando la cara para decir que los jugadores paramos el f\u00fatbol porque no somos inmunes<\/em>\u00ab, agreg\u00f3 en di\u00e1logo con CNN Radio.<\/p>\n\n\n\n<p>Luego, afirm\u00f3: \u00ab<em>En Italia no s\u00f3lo lo han subestimado, sino que no han seguido la regla como han pedido. Se ha llegado al colapso donde hoy por hoy los m\u00e9dicos trabajan sin parar. No s\u00f3lo que muere gente con el virus, sino que muere gente con otras patolog\u00edas por no tener la asistencia adecuada. Por culpa del coronavirus se deja de lado a otras personas<\/em>\u00ab.<\/p>\n\n\n\n<p>\u00ab<em>El problema es no tomar dimensi\u00f3n. A lo mejor a la persona individual no lo afecta pero s\u00ed termina afectando a un familiar<\/em>\u00ab, finaliz\u00f3.<\/p>\n","protected":false},"excerpt":{"rendered":"<p>TyCSports. Lucas Biglia, ex jugador de la\u00a0Selecci\u00f3n Argentina\u00a0e integrante del Milan, habl\u00f3 desde Italia, el segundo pa\u00eds del mundo m\u00e1s &#8230; <a title=\"Coronavirus: Lucas Biglia respald\u00f3 la decisi\u00f3n de River Plate de no presentarse a jugar\" class=\"read-more\" href=\"https:\/\/www.hoymercedes.com.ar\/principal\/2020\/03\/17\/coronavirus-lucas-biglia-respaldo-la-decision-de-river-plate-de-no-presentarse-a-jugar\/\" aria-label=\"Leer m\u00e1s sobre Coronavirus: Lucas Biglia respald\u00f3 la decisi\u00f3n de River Plate de no presentarse a jugar\">Leer m\u00e1s<\/a><\/p>\n","protected":false},"author":1,"featured_media":107863,"comment_status":"closed","ping_status":"open","sticky":false,"template":"","format":"standard","meta":{"_monsterinsights_skip_tracking":false,"_monsterinsights_sitenote_active":false,"_monsterinsights_sitenote_note":"","_monsterinsights_sitenote_category":0,"jetpack_post_was_ever_published":false,"_jetpack_newsletter_access":"","_jetpack_dont_email_post_to_subs":false,"_jetpack_newsletter_tier_id":0,"_jetpack_memberships_contains_paywalled_content":false,"_jetpack_memberships_contains_paid_content":false,"footnotes":"","jetpack_publicize_message":"","jetpack_publicize_feature_enabled":true,"jetpack_social_post_already_shared":true,"jetpack_social_options":{"image_generator_settings":{"template":"highway","default_image_id":0,"font":"","enabled":false},"version":2},"_wpas_customize_per_network":false},"categories":[21],"tags":[1003,305],"class_list":["post-107862","post","type-post","status-publish","format-standard","has-post-thumbnail","hentry","category-deportes","tag-futbol","tag-lucas-biglia","generate-columns","tablet-grid-50","mobile-grid-100","grid-parent","grid-50"],"jetpack_publicize_connections":[],"jetpack_featured_media_url":"https:\/\/www.hoymercedes.com.ar\/principal\/wp-content\/uploads\/2020\/03\/Lucas-Biglia-milan-2-chievo-1.jpg","wps_subtitle":"La Legi\u00f3n","jetpack_sharing_enabled":true,"_links":{"self":[{"href":"https:\/\/www.hoymercedes.com.ar\/principal\/wp-json\/wp\/v2\/posts\/107862","targetHints":{"allow":["GET"]}}],"collection":[{"href":"https:\/\/www.hoymercedes.com.ar\/principal\/wp-json\/wp\/v2\/posts"}],"about":[{"href":"https:\/\/www.hoymercedes.com.ar\/principal\/wp-json\/wp\/v2\/types\/post"}],"author":[{"embeddable":true,"href":"https:\/\/www.hoymercedes.com.ar\/principal\/wp-json\/wp\/v2\/users\/1"}],"replies":[{"embeddable":true,"href":"https:\/\/www.hoymercedes.com.ar\/principal\/wp-json\/wp\/v2\/comments?post=107862"}],"version-history":[{"count":0,"href":"https:\/\/www.hoymercedes.com.ar\/principal\/wp-json\/wp\/v2\/posts\/107862\/revisions"}],"wp:featuredmedia":[{"embeddable":true,"href":"https:\/\/www.hoymercedes.com.ar\/principal\/wp-json\/wp\/v2\/media\/107863"}],"wp:attachment":[{"href":"https:\/\/www.hoymercedes.com.ar\/principal\/wp-json\/wp\/v2\/media?parent=107862"}],"wp:term":[{"taxonomy":"category","embeddable":true,"href":"https:\/\/www.hoymercedes.com.ar\/principal\/wp-json\/wp\/v2\/categories?post=107862"},{"taxonomy":"post_tag","embeddable":true,"href":"https:\/\/www.hoymercedes.com.ar\/principal\/wp-json\/wp\/v2\/tags?post=107862"}],"curies":[{"name":"wp","href":"https:\/\/api.w.org\/{rel}","templated":true}]}}