{"id":107867,"date":"2020-03-17T19:38:41","date_gmt":"2020-03-17T22:38:41","guid":{"rendered":"http:\/\/www.hoymercedes.com.ar\/principal\/?p=107867"},"modified":"2020-03-17T19:45:57","modified_gmt":"2020-03-17T22:45:57","slug":"lujan-con-matias-caputo-gonzalo-perez-y-franco-gatti-como-titulares-vencio-a-dock-sud-y-se-mete-en-la-pelea-de-la-primera-c-video","status":"publish","type":"post","link":"https:\/\/www.hoymercedes.com.ar\/principal\/2020\/03\/17\/lujan-con-matias-caputo-gonzalo-perez-y-franco-gatti-como-titulares-vencio-a-dock-sud-y-se-mete-en-la-pelea-de-la-primera-c-video\/","title":{"rendered":"Luj\u00e1n, con Mat\u00edas Caputo, Gonzalo P\u00e9rez y Franco Gatti como titulares, venci\u00f3 a Dock Sud y se mete en la pelea de la Primera C (video)"},"content":{"rendered":"\n<p><strong>El Civismo.<\/strong> El triunfo ante Alem parec\u00eda el despegue del Lujanero. Sin embargo, tras esa gran victoria en General Rodr\u00edguez, el equipo pareci\u00f3 entrar en un baj\u00f3n: empate ante El Porvenir y derrota frente a Lamadrid. Por eso, la importancia del encuentro de esta tarde frente a Dock Sud, uno de los animadores del torneo. Con car\u00e1cter, el equipo de Ruggero sac\u00f3 adelante un partido complicado y, en un Municipal vac\u00edo por el coronavirus, se impuso por 2 a 1.<\/p>\n\n\n\n<div class=\"wp-block-image\"><figure class=\"aligncenter size-large\"><img loading=\"lazy\" decoding=\"async\" width=\"678\" height=\"381\" data-attachment-id=\"107869\" data-permalink=\"https:\/\/www.hoymercedes.com.ar\/principal\/2020\/03\/17\/lujan-con-matias-caputo-gonzalo-perez-y-franco-gatti-como-titulares-vencio-a-dock-sud-y-se-mete-en-la-pelea-de-la-primera-c-video\/lujan-2-dock-sud-1\/#main\" data-orig-file=\"https:\/\/www.hoymercedes.com.ar\/principal\/wp-content\/uploads\/2020\/03\/Lujan-2-dock-sud-1.jpeg\" data-orig-size=\"678,381\" data-comments-opened=\"0\" data-image-meta=\"{&quot;aperture&quot;:&quot;0&quot;,&quot;credit&quot;:&quot;bogetti_gonzalo12&quot;,&quot;camera&quot;:&quot;&quot;,&quot;caption&quot;:&quot;{\\&quot;effects_tried\\&quot;:0,\\&quot;photos_added\\&quot;:0,\\&quot;origin\\&quot;:\\&quot;gallery\\&quot;,\\&quot;total_effects_actions\\&quot;:0,\\&quot;remix_data\\&quot;:[],\\&quot;tools_used\\&quot;:{\\&quot;tilt_shift\\&quot;:0,\\&quot;resize\\&quot;:0,\\&quot;adjust\\&quot;:0,\\&quot;curves\\&quot;:0,\\&quot;motion\\&quot;:0,\\&quot;perspective\\&quot;:0,\\&quot;clone\\&quot;:0,\\&quot;crop\\&quot;:0,\\&quot;enhance\\&quot;:0,\\&quot;selection\\&quot;:0,\\&quot;free_crop\\&quot;:0,\\&quot;flip_rotate\\&quot;:0,\\&quot;shape_crop\\&quot;:0,\\&quot;stretch\\&quot;:0},\\&quot;total_draw_actions\\&quot;:0,\\&quot;total_editor_actions\\&quot;:{\\&quot;border\\&quot;:0,\\&quot;frame\\&quot;:0,\\&quot;mask\\&quot;:0,\\&quot;lensflare\\&quot;:0,\\&quot;clipart\\&quot;:0,\\&quot;text\\&quot;:0,\\&quot;square_fit\\&quot;:0,\\&quot;shape_mask\\&quot;:0,\\&quot;callout\\&quot;:0},\\&quot;source_sid\\&quot;:\\&quot;7C793CB6-3587-4A0F-AA3A-8E6CA8AB274D_1579988380105\\&quot;,\\&quot;total_editor_time\\&quot;:57,\\&quot;total_draw_time\\&quot;:0,\\&quot;effects_applied\\&quot;:0,\\&quot;uid\\&quot;:\\&quot;7C793CB6-3587-4A0F-AA3A-8E6CA8AB274D_1579988380098\\&quot;,\\&quot;total_effects_time\\&quot;:0,\\&quot;brushes_used\\&quot;:0,\\&quot;height\\&quot;:1080,\\&quot;layers_used\\&quot;:0,\\&quot;width\\&quot;:1440,\\&quot;subsource\\&quot;:\\&quot;done_button\\&quot;}&quot;,&quot;created_timestamp&quot;:&quot;1579977602&quot;,&quot;copyright&quot;:&quot;&quot;,&quot;focal_length&quot;:&quot;0&quot;,&quot;iso&quot;:&quot;0&quot;,&quot;shutter_speed&quot;:&quot;0&quot;,&quot;title&quot;:&quot;&quot;,&quot;orientation&quot;:&quot;0&quot;}\" data-image-title=\"Lujan-2-dock-sud-1\" data-image-description=\"\" data-image-caption=\"&lt;p&gt;{\u00abeffects_tried\u00bb:0,\u00bbphotos_added\u00bb:0,\u00bborigin\u00bb:\u00bbgallery\u00bb,\u00bbtotal_effects_actions\u00bb:0,\u00bbremix_data\u00bb:[],\u00bbtools_used\u00bb:{\u00abtilt_shift\u00bb:0,\u00bbresize\u00bb:0,\u00bbadjust\u00bb:0,\u00bbcurves\u00bb:0,\u00bbmotion\u00bb:0,\u00bbperspective\u00bb:0,\u00bbclone\u00bb:0,\u00bbcrop\u00bb:0,\u00bbenhance\u00bb:0,\u00bbselection\u00bb:0,\u00bbfree_crop\u00bb:0,\u00bbflip_rotate\u00bb:0,\u00bbshape_crop\u00bb:0,\u00bbstretch\u00bb:0},\u00bbtotal_draw_actions\u00bb:0,\u00bbtotal_editor_actions\u00bb:{\u00abborder\u00bb:0,\u00bbframe\u00bb:0,\u00bbmask\u00bb:0,\u00bblensflare\u00bb:0,\u00bbclipart\u00bb:0,\u00bbtext\u00bb:0,\u00bbsquare_fit\u00bb:0,\u00bbshape_mask\u00bb:0,\u00bbcallout\u00bb:0},\u00bbsource_sid\u00bb:\u00bb7C793CB6-3587-4A0F-AA3A-8E6CA8AB274D_1579988380105&amp;#8243;,\u00bbtotal_editor_time\u00bb:57,\u00bbtotal_draw_time\u00bb:0,\u00bbeffects_applied\u00bb:0,\u00bbuid\u00bb:\u00bb7C793CB6-3587-4A0F-AA3A-8E6CA8AB274D_1579988380098&amp;#8243;,\u00bbtotal_effects_time\u00bb:0,\u00bbbrushes_used\u00bb:0,\u00bbheight\u00bb:1080,\u00bblayers_used\u00bb:0,\u00bbwidth\u00bb:1440,\u00bbsubsource\u00bb:\u00bbdone_button\u00bb}&lt;\/p&gt;\n\" data-large-file=\"https:\/\/www.hoymercedes.com.ar\/principal\/wp-content\/uploads\/2020\/03\/Lujan-2-dock-sud-1.jpeg\" src=\"https:\/\/www.hoymercedes.com.ar\/principal\/wp-content\/uploads\/2020\/03\/Lujan-2-dock-sud-1.jpeg\" alt=\"\" class=\"wp-image-107869\"\/><\/figure><\/div>\n\n\n\n<p>Con los regresos de Federico Carneiro y Gonzalo P\u00e9rez, m\u00e1s la salida por una descompostura de Maximiliano Pighin a \u00faltimo momento, el equipo de Ruggero sali\u00f3 a hacerle frente al Darsenero. Si bien en el primer tiempo la posici\u00f3n del bal\u00f3n fue prioridad de la visita, la apertura del marcador fue favorable al Lujanero luego de un centro al \u00e1rea en la que Miller Moreno aguant\u00f3 la pelota para el derechazo potente de Leonel Llodr\u00e1 que dej\u00f3 sin reacci\u00f3n al arquero De Bortoli.<\/p>\n\n\n\n<p>Sin embargo, no lo pudo aguantar Luj\u00e1n y apenas un minuto despu\u00e9s de mover de mitad de cancha lleg\u00f3 la paridad por intermedio de Modon que con un fort\u00edsimo remate al primer palo hizo est\u00e9ril el vuelo de Mat\u00edas Caputo para dejar las cosas 1 a 1. Con ese resultado se fueron al descanso.<\/p>\n\n\n\n<p>En el segundo tiempo, Ruggero mand\u00f3 a la cancha a S\u00e1nchez por P\u00e9rez y Luj\u00e1n gan\u00f3 en dinamismo en el ataque. El arquero visitante De Bortoli le ahog\u00f3 el grito de gol a Llodr\u00e1 tras mandar con una mano la pelota al tiro de esquina.<\/p>\n\n\n\n<p>A 10 para el cierre apareci\u00f3 la asistencia de Duche para Llodr\u00e1 y el toque corto del \u00abGato\u00bb ante el achique del arquero que Federico Carneiro sobre la l\u00ednea de sentencia empuj\u00f3 al gol. En los minutos finales Dock Sud se fue con todo y estuvo cerca del empate con un tiro libre de Pombo que Mat\u00edas Caputo desv\u00edo al tiro de esquina.<\/p>\n\n\n\n<p>Luj\u00e1n gan\u00f3, qued\u00f3 segundo y se atreve a so\u00f1ar.\u00a0<\/p>\n\n\n\n<figure class=\"wp-block-embed-youtube wp-block-embed is-type-video is-provider-youtube wp-embed-aspect-16-9 wp-has-aspect-ratio\"><div class=\"wp-block-embed__wrapper\">\n<span class=\"embed-youtube\" style=\"text-align:center; display: block;\"><iframe loading=\"lazy\" class=\"youtube-player\" width=\"1200\" height=\"675\" src=\"https:\/\/www.youtube.com\/embed\/s7AeufiC9cs?version=3&#038;rel=1&#038;showsearch=0&#038;showinfo=1&#038;iv_load_policy=1&#038;fs=1&#038;hl=es-ES&#038;autohide=2&#038;wmode=transparent\" allowfullscreen=\"true\" style=\"border:0;\" sandbox=\"allow-scripts allow-same-origin allow-popups allow-presentation allow-popups-to-escape-sandbox\"><\/iframe><\/span>\n<\/div><\/figure>\n\n\n\n<p>\n\nS\u00cdNTESIS:<\/p>\n\n\n\n<p>LUJ\u00c1N (2): Mat\u00edas Caputo; Hern\u00e1n Pineda, Mart\u00edn Z\u00faccaro, Franco Rodr\u00edguez, Mateo Pigh\u00edn; Joaqu\u00edn Marcos, Federico Carneiro, Jonathan Duche, Gonzalo P\u00e9rez; Miller Moreno y Leonel Llodr\u00e1. DT: Osvaldo Ruggero.<\/p>\n\n\n\n<p>DOCK SUD (1): Leandro De B\u00f3rtoli; Dami\u00e1n Adin, Enzo Tamborelli, Gabriel Manes, Rodrigo Soria; Mat\u00edas Gim\u00e9nez, Franco Gorgol, Sergio Mod\u00f3n, Nicol\u00e1s Kissner; Mat\u00edas Blanco y Leandro Caruso<br>DT: Guillermo De Lucca<\/p>\n\n\n\n<p>Goles: PT 32m Leonel Llodr\u00e1 (L), 33m Sergio Mod\u00f3n (D). ST 35m Federico Carneiro (L)<\/p>\n\n\n\n<p>Cancha: Municipal<\/p>\n\n\n\n<p>\u00c1rbitro: Sebasti\u00e1n Habib\n\n<\/p>\n","protected":false},"excerpt":{"rendered":"<p>El Civismo. El triunfo ante Alem parec\u00eda el despegue del Lujanero. Sin embargo, tras esa gran victoria en General Rodr\u00edguez, &#8230; <a title=\"Luj\u00e1n, con Mat\u00edas Caputo, Gonzalo P\u00e9rez y Franco Gatti como titulares, venci\u00f3 a Dock Sud y se mete en la pelea de la Primera C (video)\" class=\"read-more\" href=\"https:\/\/www.hoymercedes.com.ar\/principal\/2020\/03\/17\/lujan-con-matias-caputo-gonzalo-perez-y-franco-gatti-como-titulares-vencio-a-dock-sud-y-se-mete-en-la-pelea-de-la-primera-c-video\/\" aria-label=\"Leer m\u00e1s sobre Luj\u00e1n, con Mat\u00edas Caputo, Gonzalo P\u00e9rez y Franco Gatti como titulares, venci\u00f3 a Dock Sud y se mete en la pelea de la Primera C (video)\">Leer m\u00e1s<\/a><\/p>\n","protected":false},"author":1,"featured_media":107869,"comment_status":"closed","ping_status":"open","sticky":false,"template":"","format":"standard","meta":{"_monsterinsights_skip_tracking":false,"_monsterinsights_sitenote_active":false,"_monsterinsights_sitenote_note":"","_monsterinsights_sitenote_category":0,"jetpack_post_was_ever_published":false,"_jetpack_newsletter_access":"","_jetpack_dont_email_post_to_subs":false,"_jetpack_newsletter_tier_id":0,"_jetpack_memberships_contains_paywalled_content":false,"_jetpack_memberships_contains_paid_content":false,"footnotes":"","jetpack_publicize_message":"","jetpack_publicize_feature_enabled":true,"jetpack_social_post_already_shared":true,"jetpack_social_options":{"image_generator_settings":{"template":"highway","default_image_id":0,"font":"","enabled":false},"version":2},"_wpas_customize_per_network":false},"categories":[21],"tags":[16332,10725],"class_list":["post-107867","post","type-post","status-publish","format-standard","has-post-thumbnail","hentry","category-deportes","tag-lujan-2-dock-sud-1","tag-primera-c","generate-columns","tablet-grid-50","mobile-grid-100","grid-parent","grid-50"],"jetpack_publicize_connections":[],"jetpack_featured_media_url":"https:\/\/www.hoymercedes.com.ar\/principal\/wp-content\/uploads\/2020\/03\/Lujan-2-dock-sud-1.jpeg","wps_subtitle":"La Legi\u00f3n","jetpack_sharing_enabled":true,"_links":{"self":[{"href":"https:\/\/www.hoymercedes.com.ar\/principal\/wp-json\/wp\/v2\/posts\/107867","targetHints":{"allow":["GET"]}}],"collection":[{"href":"https:\/\/www.hoymercedes.com.ar\/principal\/wp-json\/wp\/v2\/posts"}],"about":[{"href":"https:\/\/www.hoymercedes.com.ar\/principal\/wp-json\/wp\/v2\/types\/post"}],"author":[{"embeddable":true,"href":"https:\/\/www.hoymercedes.com.ar\/principal\/wp-json\/wp\/v2\/users\/1"}],"replies":[{"embeddable":true,"href":"https:\/\/www.hoymercedes.com.ar\/principal\/wp-json\/wp\/v2\/comments?post=107867"}],"version-history":[{"count":0,"href":"https:\/\/www.hoymercedes.com.ar\/principal\/wp-json\/wp\/v2\/posts\/107867\/revisions"}],"wp:featuredmedia":[{"embeddable":true,"href":"https:\/\/www.hoymercedes.com.ar\/principal\/wp-json\/wp\/v2\/media\/107869"}],"wp:attachment":[{"href":"https:\/\/www.hoymercedes.com.ar\/principal\/wp-json\/wp\/v2\/media?parent=107867"}],"wp:term":[{"taxonomy":"category","embeddable":true,"href":"https:\/\/www.hoymercedes.com.ar\/principal\/wp-json\/wp\/v2\/categories?post=107867"},{"taxonomy":"post_tag","embeddable":true,"href":"https:\/\/www.hoymercedes.com.ar\/principal\/wp-json\/wp\/v2\/tags?post=107867"}],"curies":[{"name":"wp","href":"https:\/\/api.w.org\/{rel}","templated":true}]}}