{"id":107883,"date":"2020-03-18T10:20:15","date_gmt":"2020-03-18T13:20:15","guid":{"rendered":"http:\/\/www.hoymercedes.com.ar\/principal\/?p=107883"},"modified":"2020-03-18T08:56:13","modified_gmt":"2020-03-18T11:56:13","slug":"abel-delfino-renovo-mandato-en-club-estudiantes","status":"publish","type":"post","link":"https:\/\/www.hoymercedes.com.ar\/principal\/2020\/03\/18\/abel-delfino-renovo-mandato-en-club-estudiantes\/","title":{"rendered":"Abel Delfino renov\u00f3 mandato en Club Estudiantes"},"content":{"rendered":"\n<p>Luego de un per\u00edodo de controversias en base a la renovaci\u00f3n de autoridades en el Club Atl\u00e9tico Estudiantes pudo renovar sus autoridades y nuevamente Abel Delfino fue elegido para ocupar el cargo de Presidente hasta el 2021.<\/p>\n\n\n\n<figure class=\"wp-block-image size-large\"><img loading=\"lazy\" decoding=\"async\" width=\"1400\" height=\"1400\" data-attachment-id=\"107884\" data-permalink=\"https:\/\/www.hoymercedes.com.ar\/principal\/2020\/03\/18\/abel-delfino-renovo-mandato-en-club-estudiantes\/abel-delfino-2\/#main\" data-orig-file=\"https:\/\/www.hoymercedes.com.ar\/principal\/wp-content\/uploads\/2020\/03\/Abel-Delfino.jpg\" data-orig-size=\"1400,1400\" data-comments-opened=\"0\" data-image-meta=\"{&quot;aperture&quot;:&quot;0&quot;,&quot;credit&quot;:&quot;&quot;,&quot;camera&quot;:&quot;&quot;,&quot;caption&quot;:&quot;&quot;,&quot;created_timestamp&quot;:&quot;0&quot;,&quot;copyright&quot;:&quot;&quot;,&quot;focal_length&quot;:&quot;0&quot;,&quot;iso&quot;:&quot;0&quot;,&quot;shutter_speed&quot;:&quot;0&quot;,&quot;title&quot;:&quot;&quot;,&quot;orientation&quot;:&quot;0&quot;}\" data-image-title=\"Abel-Delfino\" data-image-description=\"\" data-image-caption=\"\" data-large-file=\"https:\/\/www.hoymercedes.com.ar\/principal\/wp-content\/uploads\/2020\/03\/Abel-Delfino.jpg\" src=\"https:\/\/www.hoymercedes.com.ar\/principal\/wp-content\/uploads\/2020\/03\/Abel-Delfino.jpg\" alt=\"\" class=\"wp-image-107884\"\/><\/figure>\n\n\n\n<p>La Asamblea Anual Ordinaria se celebr\u00f3 en la sede de calle 31 entre 14 y 16 y durante horas de la ma\u00f1ana se aprob\u00f3 la memoria y balance del ejercicio econ\u00f3mico finalizado el 31 diciembre 2019. <\/p>\n\n\n\n<p>Presidente: Abel Defino.<br>Vicepresidente: N\u00e9stor Palacios.<br>Secretario: Jorge Siri.<br>Prosecretario: Juan Parisso.<br>Tesorero: Pablo Luna.<br>Protesorero: Agust\u00edn Gerardi.<br>Primer Vocal: Jer\u00f3nimo Luna.<br>Segundo Vocal: Agust\u00edn Duran.<br>Tercer Vocal: Franco Mandaglio.<br>Cuarto Vocal: Claudio Rojas.<br>Primer Vocal suplente: Ciro Rebagliati.<br>Segundo Vocal suplente: Miguel L\u00f3pez.<br>Tercer Vocal suplente: H\u00e9ctor Mosquera.<br>Cuarto Vocal suplente: Nicol\u00e1s Dinova.<br>Revisores de cuentas titulares: Florencia Conte, Silvio Erramuspe y Roberto Araya.<br>Revisores de cuentas suplentes: Agust\u00edn Lazbal Cervera y Lara Torres Neimann.<\/p>\n","protected":false},"excerpt":{"rendered":"<p>Luego de un per\u00edodo de controversias en base a la renovaci\u00f3n de autoridades en el Club Atl\u00e9tico Estudiantes pudo renovar &#8230; <a title=\"Abel Delfino renov\u00f3 mandato en Club Estudiantes\" class=\"read-more\" href=\"https:\/\/www.hoymercedes.com.ar\/principal\/2020\/03\/18\/abel-delfino-renovo-mandato-en-club-estudiantes\/\" aria-label=\"Leer m\u00e1s sobre Abel Delfino renov\u00f3 mandato en Club Estudiantes\">Leer m\u00e1s<\/a><\/p>\n","protected":false},"author":1,"featured_media":107884,"comment_status":"closed","ping_status":"open","sticky":false,"template":"","format":"standard","meta":{"_monsterinsights_skip_tracking":false,"_monsterinsights_sitenote_active":false,"_monsterinsights_sitenote_note":"","_monsterinsights_sitenote_category":0,"jetpack_post_was_ever_published":false,"_jetpack_newsletter_access":"","_jetpack_dont_email_post_to_subs":false,"_jetpack_newsletter_tier_id":0,"_jetpack_memberships_contains_paywalled_content":false,"_jetpack_memberships_contains_paid_content":false,"footnotes":"","jetpack_publicize_message":"","jetpack_publicize_feature_enabled":true,"jetpack_social_post_already_shared":true,"jetpack_social_options":{"image_generator_settings":{"template":"highway","default_image_id":0,"font":"","enabled":false},"version":2},"_wpas_customize_per_network":false},"categories":[21],"tags":[3388],"class_list":["post-107883","post","type-post","status-publish","format-standard","has-post-thumbnail","hentry","category-deportes","tag-club-estudiantes","generate-columns","tablet-grid-50","mobile-grid-100","grid-parent","grid-50"],"jetpack_publicize_connections":[],"jetpack_featured_media_url":"https:\/\/www.hoymercedes.com.ar\/principal\/wp-content\/uploads\/2020\/03\/Abel-Delfino.jpg","wps_subtitle":"Elecciones","jetpack_sharing_enabled":true,"_links":{"self":[{"href":"https:\/\/www.hoymercedes.com.ar\/principal\/wp-json\/wp\/v2\/posts\/107883","targetHints":{"allow":["GET"]}}],"collection":[{"href":"https:\/\/www.hoymercedes.com.ar\/principal\/wp-json\/wp\/v2\/posts"}],"about":[{"href":"https:\/\/www.hoymercedes.com.ar\/principal\/wp-json\/wp\/v2\/types\/post"}],"author":[{"embeddable":true,"href":"https:\/\/www.hoymercedes.com.ar\/principal\/wp-json\/wp\/v2\/users\/1"}],"replies":[{"embeddable":true,"href":"https:\/\/www.hoymercedes.com.ar\/principal\/wp-json\/wp\/v2\/comments?post=107883"}],"version-history":[{"count":0,"href":"https:\/\/www.hoymercedes.com.ar\/principal\/wp-json\/wp\/v2\/posts\/107883\/revisions"}],"wp:featuredmedia":[{"embeddable":true,"href":"https:\/\/www.hoymercedes.com.ar\/principal\/wp-json\/wp\/v2\/media\/107884"}],"wp:attachment":[{"href":"https:\/\/www.hoymercedes.com.ar\/principal\/wp-json\/wp\/v2\/media?parent=107883"}],"wp:term":[{"taxonomy":"category","embeddable":true,"href":"https:\/\/www.hoymercedes.com.ar\/principal\/wp-json\/wp\/v2\/categories?post=107883"},{"taxonomy":"post_tag","embeddable":true,"href":"https:\/\/www.hoymercedes.com.ar\/principal\/wp-json\/wp\/v2\/tags?post=107883"}],"curies":[{"name":"wp","href":"https:\/\/api.w.org\/{rel}","templated":true}]}}