{"id":107918,"date":"2020-03-18T09:51:00","date_gmt":"2020-03-18T12:51:00","guid":{"rendered":"http:\/\/www.hoymercedes.com.ar\/principal\/?p=107918"},"modified":"2020-03-18T08:57:09","modified_gmt":"2020-03-18T11:57:09","slug":"intendente-encabezo-reunion-con-iglesias-evangelicas-por-el-coronavirus","status":"publish","type":"post","link":"https:\/\/www.hoymercedes.com.ar\/principal\/2020\/03\/18\/intendente-encabezo-reunion-con-iglesias-evangelicas-por-el-coronavirus\/","title":{"rendered":"Intendente encabez\u00f3 reuni\u00f3n con iglesias evang\u00e9licas por el Coronavirus"},"content":{"rendered":"\n<p>El jefe comunal se reuni\u00f3 con los referentes de las Iglesias Evang\u00e9licas de la ciudad con el objetivo de avanzar en medidas en pos de prevenir el avance del coronavirus en la ciudad. Como es de p\u00fablico conocimiento esta pandemia internacional afecta tambi\u00e9n a la Argentina y en nuestra ciudad contin\u00faan las medidas de control y prevenci\u00f3n.<\/p>\n\n\n\n<p>En el Centro Integrador Comunitario se produjo el encuentro donde estuvo su directora, la Lic. Marianela Arenillas, tambi\u00e9n como parte del gabinete comunal.<\/p>\n\n\n\n<p>Ustarroz remarc\u00f3 la importancia de respetar las normas sanitarias, evitar salir sin extrema necesidad, cuidar mucho a nuestros adultos mayores que es uno de los sectores m\u00e1s vulnerables y ser solidarios en el cumplimiento de las normas y disposiciones establecidas por el gobierno nacional. El beneficio es por y para todos.<\/p>\n\n\n\n<p>Uno de los temas surgidos, fue, la conveniencia de seguir con las reuniones habituales y, a la vez, aprovechar para efectuar un trabajo territorial por parte de las iglesias, en sus barrios y comunidades, en la concientizaci\u00f3n sobre el coronavirus<\/p>\n\n\n\n<p>Hubo representantes de las distintas iglesias que ratificaron el compromiso de trabajar con sus feligres\u00edas el tema, que es de suma importancia y emergencia.<\/p>\n\n\n\n<p>Fuente: Prensa Municipal<\/p>\n","protected":false},"excerpt":{"rendered":"<p>El jefe comunal se reuni\u00f3 con los referentes de las Iglesias Evang\u00e9licas de la ciudad con el objetivo de avanzar &#8230; <a title=\"Intendente encabez\u00f3 reuni\u00f3n con iglesias evang\u00e9licas por el Coronavirus\" class=\"read-more\" href=\"https:\/\/www.hoymercedes.com.ar\/principal\/2020\/03\/18\/intendente-encabezo-reunion-con-iglesias-evangelicas-por-el-coronavirus\/\" aria-label=\"Leer m\u00e1s sobre Intendente encabez\u00f3 reuni\u00f3n con iglesias evang\u00e9licas por el Coronavirus\">Leer m\u00e1s<\/a><\/p>\n","protected":false},"author":1,"featured_media":0,"comment_status":"closed","ping_status":"open","sticky":false,"template":"","format":"standard","meta":{"_monsterinsights_skip_tracking":false,"_monsterinsights_sitenote_active":false,"_monsterinsights_sitenote_note":"","_monsterinsights_sitenote_category":0,"jetpack_post_was_ever_published":false,"_jetpack_newsletter_access":"","_jetpack_dont_email_post_to_subs":false,"_jetpack_newsletter_tier_id":0,"_jetpack_memberships_contains_paywalled_content":false,"_jetpack_memberships_contains_paid_content":false,"footnotes":"","jetpack_publicize_message":"","jetpack_publicize_feature_enabled":true,"jetpack_social_post_already_shared":true,"jetpack_social_options":{"image_generator_settings":{"template":"highway","default_image_id":0,"font":"","enabled":false},"version":2},"_wpas_customize_per_network":false},"categories":[30],"tags":[16175,16313,13310,244],"class_list":["post-107918","post","type-post","status-publish","format-standard","hentry","category-municipio","tag-coronavirus","tag-covid-19","tag-iglesias-evangelicas","tag-municipio-2","generate-columns","tablet-grid-50","mobile-grid-100","grid-parent","grid-50"],"jetpack_publicize_connections":[],"jetpack_featured_media_url":"","wps_subtitle":"Medidas a tomar en encuentros religiosos","jetpack_sharing_enabled":true,"_links":{"self":[{"href":"https:\/\/www.hoymercedes.com.ar\/principal\/wp-json\/wp\/v2\/posts\/107918","targetHints":{"allow":["GET"]}}],"collection":[{"href":"https:\/\/www.hoymercedes.com.ar\/principal\/wp-json\/wp\/v2\/posts"}],"about":[{"href":"https:\/\/www.hoymercedes.com.ar\/principal\/wp-json\/wp\/v2\/types\/post"}],"author":[{"embeddable":true,"href":"https:\/\/www.hoymercedes.com.ar\/principal\/wp-json\/wp\/v2\/users\/1"}],"replies":[{"embeddable":true,"href":"https:\/\/www.hoymercedes.com.ar\/principal\/wp-json\/wp\/v2\/comments?post=107918"}],"version-history":[{"count":0,"href":"https:\/\/www.hoymercedes.com.ar\/principal\/wp-json\/wp\/v2\/posts\/107918\/revisions"}],"wp:attachment":[{"href":"https:\/\/www.hoymercedes.com.ar\/principal\/wp-json\/wp\/v2\/media?parent=107918"}],"wp:term":[{"taxonomy":"category","embeddable":true,"href":"https:\/\/www.hoymercedes.com.ar\/principal\/wp-json\/wp\/v2\/categories?post=107918"},{"taxonomy":"post_tag","embeddable":true,"href":"https:\/\/www.hoymercedes.com.ar\/principal\/wp-json\/wp\/v2\/tags?post=107918"}],"curies":[{"name":"wp","href":"https:\/\/api.w.org\/{rel}","templated":true}]}}