{"id":107923,"date":"2020-03-18T11:20:00","date_gmt":"2020-03-18T14:20:00","guid":{"rendered":"http:\/\/www.hoymercedes.com.ar\/principal\/?p=107923"},"modified":"2020-03-18T11:52:58","modified_gmt":"2020-03-18T14:52:58","slug":"coronavirus-el-municipio-toma-modifica-su-calendario-fiscal-y-toma-medidas-preventivas","status":"publish","type":"post","link":"https:\/\/www.hoymercedes.com.ar\/principal\/2020\/03\/18\/coronavirus-el-municipio-toma-modifica-su-calendario-fiscal-y-toma-medidas-preventivas\/","title":{"rendered":"Coronavirus: El municipio modifica su calendario fiscal y toma medidas preventivas"},"content":{"rendered":"\n<p>El Municipio de Mercedes tom\u00f3 una serie de medidas relacionadas con el \u00e1rea de recaudaci\u00f3n y de pol\u00edtica fiscal. Entre ellas, modifican horario de atenci\u00f3n para los mayores de 60 a\u00f1os y modifican fechas de vencimiento de las tasas municipales. <\/p>\n\n\n\n<p>Las medidas tomadas por el Municipio son las siguientes: <\/p>\n\n\n\n<ul class=\"wp-block-list\"><li> En la Oficina de Recaudaci\u00f3n se atender\u00e1 exclusivamente a los mayores de 60 a\u00f1os de 8:00 a 9:00 hs. De 9 a 13:30 hs., ser\u00e1 de atenci\u00f3n general.<\/li><li>Las boletas para realizar el pago de Tasas Municipales se pueden descargar en&nbsp; el sitio oficial tasas.mercedes.gob.ar<\/li><li>El vencimiento de la cuota 3\/2020 de la Tasa por Servicios Generales y de la cuota 1\/2020 de la Tasa por Red Vial ser\u00e1 el 31\/03\/2020. Se puede abonar a trav\u00e9s de Pago F\u00e1cil, Pronto Pago, Bapro Pagos y Rapipago o adhiri\u00e9ndose a la agenda de pago de Home Banking, Pagomiscuentas o BIP a trav\u00e9s del CODIGO DE PAGO ELECTRONICO<\/li><li>Vencimiento de Tasa por Inspecci\u00f3n de Seguridad&nbsp; e Higiene: Se posterga la fecha l\u00edmite de presentaci\u00f3n de la DECLARACI\u00d3N JURADA al&nbsp; 27 de marzo. La misma no ser\u00e1 presencial sino que el formulario que se genera por la web oficial de la Municipalidad (<a rel=\"noreferrer noopener\" href=\"http:\/\/nw.mercedes.gob.ar\/ddjj-tish\" target=\"_blank\">http:\/\/nw.mercedes.gob.ar\/ddjj-tish<\/a>), junto a la documentaci\u00f3n respaldatoria correspondiente se enviar\u00e1 al mail a&nbsp;<a href=\"mailto:politicafiscal.tish@gmail.com\">politicafiscal.tish@gmail.com<\/a> El vencimiento del pago ser\u00e1 el 13 de abril. Cualquier otra consulta la podr\u00e1n realizar a los mails:&nbsp; <a href=\"mailto:marcos.politicafiscal@gmai.com\">marcos.politicafiscal@gmai.com<\/a>&nbsp;y&nbsp;<a href=\"mailto:antonela.politicafiscal@gmail.com\">antonela.politicafiscal@gmail.com<\/a>. <\/li><li>Vencimiento del Impuesto de Patentes de Automotor Municipalizados:&nbsp;Se posterga para el 13 de abril del corriente a\u00f1o. <\/li><li>La Tesorer\u00eda Municipal har\u00e1 todos los pagos a trav\u00e9s de transferencias a las cuentas bancarias que los proveedores han informado. No habr\u00e1 m\u00e1s pagos a trav\u00e9s de la emisi\u00f3n de cheques, a fin de evitar la concurrencia a la oficina correspondiente. Cualquier consulta se podr\u00e1 efectuar a trav\u00e9s del mail:&nbsp;<a href=\"mailto:tesoreria@mercedes.gob.ar\">tesoreria@mercedes.gob.ar<\/a> <\/li><li>La Oficina de Compras no recibir\u00e1 facturas, sino que los proveedores deber\u00e1 hacerlo a trav\u00e9s de factura electr\u00f3nica envi\u00e1ndola al mail:&nbsp;<a href=\"mailto:facturacion@mercedes.gob.ar\">facturacion@mercedes.gob.ar<\/a>. Cualquier otra consulta la podr\u00e1n realizar al mail:&nbsp;<a href=\"mailto:compras@mercedes.gob.ar\">compras@mercedes.gob.ar<\/a>. <\/li><li>La Direcci\u00f3n de Tierras pone a disposici\u00f3n el n\u00famero de celular: 02324-15560471, para que v\u00eda whatsapp, los vecinos puedan evacuarse consultas, con la finalidad de evitar el contacto personal.<\/li><\/ul>\n","protected":false},"excerpt":{"rendered":"<p>El Municipio de Mercedes tom\u00f3 una serie de medidas relacionadas con el \u00e1rea de recaudaci\u00f3n y de pol\u00edtica fiscal. Entre &#8230; <a title=\"Coronavirus: El municipio modifica su calendario fiscal y toma medidas preventivas\" class=\"read-more\" href=\"https:\/\/www.hoymercedes.com.ar\/principal\/2020\/03\/18\/coronavirus-el-municipio-toma-modifica-su-calendario-fiscal-y-toma-medidas-preventivas\/\" aria-label=\"Leer m\u00e1s sobre Coronavirus: El municipio modifica su calendario fiscal y toma medidas preventivas\">Leer m\u00e1s<\/a><\/p>\n","protected":false},"author":1,"featured_media":61573,"comment_status":"closed","ping_status":"open","sticky":false,"template":"","format":"standard","meta":{"_monsterinsights_skip_tracking":false,"_monsterinsights_sitenote_active":false,"_monsterinsights_sitenote_note":"","_monsterinsights_sitenote_category":0,"jetpack_post_was_ever_published":false,"_jetpack_newsletter_access":"","_jetpack_dont_email_post_to_subs":false,"_jetpack_newsletter_tier_id":0,"_jetpack_memberships_contains_paywalled_content":false,"_jetpack_memberships_contains_paid_content":false,"footnotes":"","jetpack_publicize_message":"","jetpack_publicize_feature_enabled":true,"jetpack_social_post_already_shared":true,"jetpack_social_options":{"image_generator_settings":{"template":"highway","default_image_id":0,"font":"","enabled":false},"version":2},"_wpas_customize_per_network":false},"categories":[30],"tags":[16175,16313,10358,240],"class_list":["post-107923","post","type-post","status-publish","format-standard","has-post-thumbnail","hentry","category-municipio","tag-coronavirus","tag-covid-19","tag-municipio","tag-tasas-municipales","generate-columns","tablet-grid-50","mobile-grid-100","grid-parent","grid-50"],"jetpack_publicize_connections":[],"jetpack_featured_media_url":"https:\/\/www.hoymercedes.com.ar\/principal\/wp-content\/uploads\/2017\/04\/10-palacio_municipal.jpg","wps_subtitle":"Atenci\u00f3n al vecino","jetpack_sharing_enabled":true,"_links":{"self":[{"href":"https:\/\/www.hoymercedes.com.ar\/principal\/wp-json\/wp\/v2\/posts\/107923","targetHints":{"allow":["GET"]}}],"collection":[{"href":"https:\/\/www.hoymercedes.com.ar\/principal\/wp-json\/wp\/v2\/posts"}],"about":[{"href":"https:\/\/www.hoymercedes.com.ar\/principal\/wp-json\/wp\/v2\/types\/post"}],"author":[{"embeddable":true,"href":"https:\/\/www.hoymercedes.com.ar\/principal\/wp-json\/wp\/v2\/users\/1"}],"replies":[{"embeddable":true,"href":"https:\/\/www.hoymercedes.com.ar\/principal\/wp-json\/wp\/v2\/comments?post=107923"}],"version-history":[{"count":0,"href":"https:\/\/www.hoymercedes.com.ar\/principal\/wp-json\/wp\/v2\/posts\/107923\/revisions"}],"wp:featuredmedia":[{"embeddable":true,"href":"https:\/\/www.hoymercedes.com.ar\/principal\/wp-json\/wp\/v2\/media\/61573"}],"wp:attachment":[{"href":"https:\/\/www.hoymercedes.com.ar\/principal\/wp-json\/wp\/v2\/media?parent=107923"}],"wp:term":[{"taxonomy":"category","embeddable":true,"href":"https:\/\/www.hoymercedes.com.ar\/principal\/wp-json\/wp\/v2\/categories?post=107923"},{"taxonomy":"post_tag","embeddable":true,"href":"https:\/\/www.hoymercedes.com.ar\/principal\/wp-json\/wp\/v2\/tags?post=107923"}],"curies":[{"name":"wp","href":"https:\/\/api.w.org\/{rel}","templated":true}]}}