{"id":10796,"date":"2012-02-09T10:30:19","date_gmt":"2012-02-09T10:30:19","guid":{"rendered":"http:\/\/www.hoymercedes.com.ar\/principal\/?p=10796"},"modified":"2012-02-09T10:34:39","modified_gmt":"2012-02-09T10:34:39","slug":"el-miercoles-jurara-juan-martin-andres-como-concejal","status":"publish","type":"post","link":"https:\/\/www.hoymercedes.com.ar\/principal\/2012\/02\/09\/el-miercoles-jurara-juan-martin-andres-como-concejal\/","title":{"rendered":"Jurar\u00e1 Juan Mart\u00edn Andr\u00e9s como Concejal"},"content":{"rendered":"<p>Seg\u00fan se inform\u00f3 en las pr\u00f3ximas horas, durante la Sesi\u00f3n Extraordinaria que el HCD concretar\u00e1 el martes 14 se proceder\u00e1 a tomar el juramento de pr\u00e1ctica al Concejal Juan Mart\u00edn Andr\u00e9s, primer suplente en la lista correspondiente al Frente Social (FMPV) qui\u00e9n accede a una banca a ra\u00edz del pedido de licencia oportunamente presentado por el Concejal Pablo Perazzo debido a que a pasado a desempe\u00f1ar gestiones en una dependencia del Gobierno nacional.<\/p>\n<p>Recordamos que Juan Mart\u00edn Andr\u00e9s ocupaba el quinto lugar en la lista del 23 de octubre pr\u00f3ximo pasado y que en la actualidad se desempe\u00f1a como titular de la Seccional Mercedes del gremio que agrupa a los trabajadores del sector impositivo nacional.<\/p>\n","protected":false},"excerpt":{"rendered":"<p>Seg\u00fan se inform\u00f3 en las pr\u00f3ximas horas, durante la Sesi\u00f3n Extraordinaria que el HCD concretar\u00e1 el martes 14 se proceder\u00e1 &#8230; <a title=\"Jurar\u00e1 Juan Mart\u00edn Andr\u00e9s como Concejal\" class=\"read-more\" href=\"https:\/\/www.hoymercedes.com.ar\/principal\/2012\/02\/09\/el-miercoles-jurara-juan-martin-andres-como-concejal\/\" aria-label=\"Leer m\u00e1s sobre Jurar\u00e1 Juan Mart\u00edn Andr\u00e9s como Concejal\">Leer m\u00e1s<\/a><\/p>\n","protected":false},"author":1,"featured_media":0,"comment_status":"open","ping_status":"open","sticky":false,"template":"","format":"standard","meta":{"_monsterinsights_skip_tracking":false,"_monsterinsights_sitenote_active":false,"_monsterinsights_sitenote_note":"","_monsterinsights_sitenote_category":0,"jetpack_post_was_ever_published":false,"_jetpack_newsletter_access":"","_jetpack_dont_email_post_to_subs":false,"_jetpack_newsletter_tier_id":0,"_jetpack_memberships_contains_paywalled_content":false,"_jetpack_memberships_contains_paid_content":false,"footnotes":"","jetpack_publicize_message":"","jetpack_publicize_feature_enabled":true,"jetpack_social_post_already_shared":false,"jetpack_social_options":{"image_generator_settings":{"template":"highway","default_image_id":0,"font":"","enabled":false},"version":2},"_wpas_customize_per_network":false},"categories":[5],"tags":[236,1852],"class_list":["post-10796","post","type-post","status-publish","format-standard","hentry","category-politica","tag-concejo-deliberante","tag-juian-martin-andres","generate-columns","tablet-grid-50","mobile-grid-100","grid-parent","grid-50"],"jetpack_publicize_connections":[],"jetpack_featured_media_url":"","wps_subtitle":"","jetpack_sharing_enabled":true,"_links":{"self":[{"href":"https:\/\/www.hoymercedes.com.ar\/principal\/wp-json\/wp\/v2\/posts\/10796","targetHints":{"allow":["GET"]}}],"collection":[{"href":"https:\/\/www.hoymercedes.com.ar\/principal\/wp-json\/wp\/v2\/posts"}],"about":[{"href":"https:\/\/www.hoymercedes.com.ar\/principal\/wp-json\/wp\/v2\/types\/post"}],"author":[{"embeddable":true,"href":"https:\/\/www.hoymercedes.com.ar\/principal\/wp-json\/wp\/v2\/users\/1"}],"replies":[{"embeddable":true,"href":"https:\/\/www.hoymercedes.com.ar\/principal\/wp-json\/wp\/v2\/comments?post=10796"}],"version-history":[{"count":0,"href":"https:\/\/www.hoymercedes.com.ar\/principal\/wp-json\/wp\/v2\/posts\/10796\/revisions"}],"wp:attachment":[{"href":"https:\/\/www.hoymercedes.com.ar\/principal\/wp-json\/wp\/v2\/media?parent=10796"}],"wp:term":[{"taxonomy":"category","embeddable":true,"href":"https:\/\/www.hoymercedes.com.ar\/principal\/wp-json\/wp\/v2\/categories?post=10796"},{"taxonomy":"post_tag","embeddable":true,"href":"https:\/\/www.hoymercedes.com.ar\/principal\/wp-json\/wp\/v2\/tags?post=10796"}],"curies":[{"name":"wp","href":"https:\/\/api.w.org\/{rel}","templated":true}]}}