{"id":108007,"date":"2020-03-19T11:05:00","date_gmt":"2020-03-19T14:05:00","guid":{"rendered":"http:\/\/www.hoymercedes.com.ar\/principal\/?p=108007"},"modified":"2020-03-19T16:10:28","modified_gmt":"2020-03-19T19:10:28","slug":"coronavirus-gastronomicos-con-medidas-de-distanciamiento-social","status":"publish","type":"post","link":"https:\/\/www.hoymercedes.com.ar\/principal\/2020\/03\/19\/coronavirus-gastronomicos-con-medidas-de-distanciamiento-social\/","title":{"rendered":"Coronavirus: Gastron\u00f3micos con medidas de distanciamiento social"},"content":{"rendered":"\n<p>El jefe comunal, Juan Ignacio Ustarroz, encabez\u00f3 un nuevo encuentro con sectores de la ciudad con el objetivo de avanzar en la prevenci\u00f3n y control del coronavirus. Tras el encuentro del comit\u00e9 de crisis fue el turno de comerciantes gastron\u00f3micos de la ciudad.<\/p>\n\n\n\n<p>El Municipio de Mercedes mantuvo reuniones con los sectores del comercio, entre ellos bares y confiter\u00edas, para establecer medidas preventivas. Debido a la propagaci\u00f3n mundial del virus com\u00fanmente conocido como coronavirus y como parte de las acciones tendientes a generar conciencia y a profundizar la higiene y la prevenci\u00f3n en todos los \u00e1mbitos.<\/p>\n\n\n\n<p>Uno de los participantes fue el David Valerga, subsecretario de econom\u00eda y hacienda, explic\u00f3 los siguientes detalles: \u201cEn el marco de las distintas acciones que el intendente Ustarroz viene realizando con diferentes sectores, hoy estuvimos reunidos con los comercios que tiene que ver con confiter\u00edas y bares del microcentro de la ciudad\u201d.<\/p>\n\n\n\n<p>Asimismo, el Subsecretario ahond\u00f3 sobre los conceptos esgrimidos en esta reuni\u00f3n \u201cen primer lugar era poder escuchar como estaban viviendo esta situaci\u00f3n, donde nos manifestaron que desde el d\u00eda viernes a la fecha fue bajando la cantidad de asistencia. Lo que deja a la vista la toma de conciencia de los vecinos, que no est\u00e1n saliendo de sus casas\u201d y agreg\u00f3 \u201cdesde nuestro lugar lo que les expresamos es que hoy el municipio no tiene una medida concreta de cierre de bares y confiter\u00edas como de ninguna otra actividad comercial. Pero les comentamos sobre las disposiciones dispuestas donde la cantidad m\u00e1xima que debe haber es de 200 personas y como distancia m\u00ednima \u2013entre persona y persona- un metro cuadrado a la redonda\u201d.<\/p>\n\n\n\n<p>\u201cCon lo cual se plante\u00f3 la necesidad de distanciar mesas y sillas dentro de cada confiter\u00eda y\/o bar, que no haya personas paradas delante de una barra\u201d enumer\u00f3 Valerga y a\u00f1adi\u00f3 \u201cellos mismos plantearon la posibilidad de seg\u00fan su actividad, achicar los horarios de atenci\u00f3n de lunes a jueves y otros ya han decidido directamente cerrar y trabajar con delivery\u201d.<\/p>\n\n\n\n<p>A su vez, David Valerga expres\u00f3 \u201cla idea es estar conectados, porque todo va cambiando conforme a las hora y los d\u00edas avanzan, y las medidas a nivel nacional tambi\u00e9n as\u00ed lo hacen\u201d y se\u00f1al\u00f3 \u201choy tenemos la tranquilidad que en la ciudad no existen infectados y donde en el caso de los viajeros al exterior est\u00e1n identificados, asistidos y en cuarentena. Pero asimismo les hemos pedido que si saben o en el \u00e1mbito de sus locales se enteran de algo que se comuniquen al 107\u201d.<\/p>\n\n\n\n<p>\u201cLos controles del lado del Municipio van a estar desde inspecci\u00f3n general y en el registro de denuncias al 107 y 147,&nbsp;&nbsp;pero el municipio no tiene capacidad de inspeccionar y controlar todas las actividades de la ciudad \u2013algo que ser\u00eda imposible- por eso se necesita de mucho compromiso social, algo que en el caso de bares y confiter\u00edas se viene dando\u201d subray\u00f3 el subsecretario.&nbsp;&nbsp;<\/p>\n","protected":false},"excerpt":{"rendered":"<p>El jefe comunal, Juan Ignacio Ustarroz, encabez\u00f3 un nuevo encuentro con sectores de la ciudad con el objetivo de avanzar &#8230; <a title=\"Coronavirus: Gastron\u00f3micos con medidas de distanciamiento social\" class=\"read-more\" href=\"https:\/\/www.hoymercedes.com.ar\/principal\/2020\/03\/19\/coronavirus-gastronomicos-con-medidas-de-distanciamiento-social\/\" aria-label=\"Leer m\u00e1s sobre Coronavirus: Gastron\u00f3micos con medidas de distanciamiento social\">Leer m\u00e1s<\/a><\/p>\n","protected":false},"author":1,"featured_media":108008,"comment_status":"closed","ping_status":"open","sticky":false,"template":"","format":"standard","meta":{"_monsterinsights_skip_tracking":false,"_monsterinsights_sitenote_active":false,"_monsterinsights_sitenote_note":"","_monsterinsights_sitenote_category":0,"jetpack_post_was_ever_published":false,"_jetpack_newsletter_access":"","_jetpack_dont_email_post_to_subs":false,"_jetpack_newsletter_tier_id":0,"_jetpack_memberships_contains_paywalled_content":false,"_jetpack_memberships_contains_paid_content":false,"footnotes":"","jetpack_publicize_message":"","jetpack_publicize_feature_enabled":true,"jetpack_social_post_already_shared":true,"jetpack_social_options":{"image_generator_settings":{"template":"highway","default_image_id":0,"font":"","enabled":false},"version":2},"_wpas_customize_per_network":false},"categories":[30],"tags":[9723,16175,16313,244,134],"class_list":["post-108007","post","type-post","status-publish","format-standard","has-post-thumbnail","hentry","category-municipio","tag-comerciantes","tag-coronavirus","tag-covid-19","tag-municipio-2","tag-salud","generate-columns","tablet-grid-50","mobile-grid-100","grid-parent","grid-50"],"jetpack_publicize_connections":[],"jetpack_featured_media_url":"https:\/\/www.hoymercedes.com.ar\/principal\/wp-content\/uploads\/2020\/03\/19-Comerciantes-Intendente.jpg","wps_subtitle":"#NosCuidamosEntreTodos","jetpack_sharing_enabled":true,"_links":{"self":[{"href":"https:\/\/www.hoymercedes.com.ar\/principal\/wp-json\/wp\/v2\/posts\/108007","targetHints":{"allow":["GET"]}}],"collection":[{"href":"https:\/\/www.hoymercedes.com.ar\/principal\/wp-json\/wp\/v2\/posts"}],"about":[{"href":"https:\/\/www.hoymercedes.com.ar\/principal\/wp-json\/wp\/v2\/types\/post"}],"author":[{"embeddable":true,"href":"https:\/\/www.hoymercedes.com.ar\/principal\/wp-json\/wp\/v2\/users\/1"}],"replies":[{"embeddable":true,"href":"https:\/\/www.hoymercedes.com.ar\/principal\/wp-json\/wp\/v2\/comments?post=108007"}],"version-history":[{"count":0,"href":"https:\/\/www.hoymercedes.com.ar\/principal\/wp-json\/wp\/v2\/posts\/108007\/revisions"}],"wp:featuredmedia":[{"embeddable":true,"href":"https:\/\/www.hoymercedes.com.ar\/principal\/wp-json\/wp\/v2\/media\/108008"}],"wp:attachment":[{"href":"https:\/\/www.hoymercedes.com.ar\/principal\/wp-json\/wp\/v2\/media?parent=108007"}],"wp:term":[{"taxonomy":"category","embeddable":true,"href":"https:\/\/www.hoymercedes.com.ar\/principal\/wp-json\/wp\/v2\/categories?post=108007"},{"taxonomy":"post_tag","embeddable":true,"href":"https:\/\/www.hoymercedes.com.ar\/principal\/wp-json\/wp\/v2\/tags?post=108007"}],"curies":[{"name":"wp","href":"https:\/\/api.w.org\/{rel}","templated":true}]}}