{"id":108011,"date":"2020-03-19T15:36:53","date_gmt":"2020-03-19T18:36:53","guid":{"rendered":"http:\/\/www.hoymercedes.com.ar\/principal\/?p=108011"},"modified":"2020-03-19T16:10:10","modified_gmt":"2020-03-19T19:10:10","slug":"coronavirus-son-128-los-viajeros-en-cuarentena-por-ahora-ninguno-con-sintomas","status":"publish","type":"post","link":"https:\/\/www.hoymercedes.com.ar\/principal\/2020\/03\/19\/coronavirus-son-128-los-viajeros-en-cuarentena-por-ahora-ninguno-con-sintomas\/","title":{"rendered":"Coronavirus: son 128 los viajeros en cuarentena, \u00abpor ahora\u00bb ninguno con s\u00edntomas"},"content":{"rendered":"\n<p>A trav\u00e9s de una conferencia de prensa realizada en la ma\u00f1ana de este jueves, el Intendente Juan Ignacio Ustarroz y el Director del Hospital Blas L. Dubarry Dr. Pablo Cassiani, tambi\u00e9n Secretario de Salud Municipal, dieron cuenta de la actual situaci\u00f3n de la ciudad, al confirmarse la presencia del virus en un joven ingl\u00e9s que est\u00e1 en Mercedes en aislamiento en la zona rural desde que lleg\u00f3 a la zona. (<a rel=\"noreferrer noopener\" aria-label=\"VER VIDEO (se abre en una nueva pesta\u00f1a)\" href=\"https:\/\/www.facebook.com\/HoyMercedesNoticias\/videos\/141094080623136\/\" target=\"_blank\">VER VIDEO<\/a>)<\/p>\n\n\n\n<figure class=\"wp-block-image size-large\"><img loading=\"lazy\" decoding=\"async\" width=\"800\" height=\"534\" data-attachment-id=\"108012\" data-permalink=\"https:\/\/www.hoymercedes.com.ar\/principal\/2020\/03\/19\/coronavirus-son-128-los-viajeros-en-cuarentena-por-ahora-ninguno-con-sintomas\/19-muni-hospital\/#main\" data-orig-file=\"https:\/\/www.hoymercedes.com.ar\/principal\/wp-content\/uploads\/2020\/03\/19-muni-hospital.jpg\" data-orig-size=\"800,534\" data-comments-opened=\"0\" data-image-meta=\"{&quot;aperture&quot;:&quot;0&quot;,&quot;credit&quot;:&quot;&quot;,&quot;camera&quot;:&quot;&quot;,&quot;caption&quot;:&quot;&quot;,&quot;created_timestamp&quot;:&quot;0&quot;,&quot;copyright&quot;:&quot;&quot;,&quot;focal_length&quot;:&quot;0&quot;,&quot;iso&quot;:&quot;0&quot;,&quot;shutter_speed&quot;:&quot;0&quot;,&quot;title&quot;:&quot;&quot;,&quot;orientation&quot;:&quot;0&quot;}\" data-image-title=\"19 muni hospital\" data-image-description=\"\" data-image-caption=\"\" data-large-file=\"https:\/\/www.hoymercedes.com.ar\/principal\/wp-content\/uploads\/2020\/03\/19-muni-hospital.jpg\" src=\"https:\/\/www.hoymercedes.com.ar\/principal\/wp-content\/uploads\/2020\/03\/19-muni-hospital.jpg\" alt=\"\" class=\"wp-image-108012\"\/><\/figure>\n\n\n\n<p>En primer t\u00e9rmino, el Dr. Cassiani explic\u00f3 que el d\u00eda mi\u00e9rcoles\npor la tarde, se recibi\u00f3 el resultado positivo del paciente de 20 a\u00f1os que\nlleg\u00f3 a Mercedes el pasado 9 de marzo, a un campo. \u201cEl mismo d\u00eda avisaron desde\nel lugar sobre el contingente de 23 extranjeros. Desde ese d\u00eda se llam\u00f3 todos\nlos d\u00edas al lugar para control. El primer d\u00eda que uno apareci\u00f3 con s\u00edntomas, se\nintensific\u00f3 la cuarentena de contacto con todos los que est\u00e1n ah\u00ed\u201d. <\/p>\n\n\n\n<p>\u201cEl paciente no se desplaz\u00f3 por la ciudad. Se tom\u00f3 lista de\ntodos los empleados del lugar. Se tomaron precauciones por tema provisiones. Se\nle impidi\u00f3 el viaje de este contingente a otras provincias. El paciente evoluciona\nmuy bien. Hoy iniciamos el protocolo de externaci\u00f3n. Hace tres d\u00edas que no\npresenta fiebre. Si da negativo el an\u00e1lisis enviado al Malbran se lo externa y\nvuelve a Inglaterra. De las personas que llegaron con \u00e9l y est\u00e1n en cuarentena,\nninguno present\u00f3 s\u00edntomas hasta ahora\u201d, agreg\u00f3. <\/p>\n\n\n\n<p>Asimismo,\nCassiani fue consultado sobre la posibilidad de nuevos casos sospechosos, as\u00ed\ncomo la cantidad de vecinos que est\u00e1n en cuarentena. \u201cEn Mercedes estamos a la\nvanguardia de cantidad de viajeros que toman conciencia y comunican a la\nautoridad sanitaria. Hoy hay 128 viajeros en cuarentena, pero ya hemos dado de\nalta a 43. Es decir que llegamos a tener casi 180 viajeros que comunicaron su\nvuelta. Adem\u00e1s, el Intendente logr\u00f3 establecer di\u00e1logo con&nbsp; migraciones y nos notifican diariamente los\nmercedinos que arriban. Eso lo cruzamos con nuestra base de datos de la gente\nque avisa o denuncia al 107 y si falta gente, vamos a la casa con personal de\nSAME y de la Polic\u00eda a notificarlos de la cuarentena. As\u00ed todo viajero se\nentera que se tiene que quedar en la casa. Es para quienes vinieron de Europa, cuatro\npa\u00edses de Asia, Estados Unidos, Brasil y Chile. Los que vengan de Uruguay, por\nhoy, no deber\u00eda permanecer en cuarentena, pero puede cambiar\u201d, agrega el\nDirector del Hospital Dubarry. <\/p>\n\n\n\n<p>\u201cEsto\nno va a durar solo catorce d\u00edas. Viene para muy largo. Con seguridad tendremos\ncasos de coronavirus. Muchos seguramente. Pero no es lo mismo tener una curva\nexponencial, que satura el sistema de salud en dos o tres d\u00edas; que tener una\ncurva aplanada con casos en m\u00e1s d\u00edas y se le puede dar atenci\u00f3n a los casos que\nse van sumando. Desde el Hospital estamos trabajando desde hace semanas en la\ncontingencia, estamos trabajando en conjunto con la Cl\u00ednica. Estamos fortaleciendo\nla atenci\u00f3n primaria de la salud, con la conciencia social en los barrios para\nno tener la pandemia dentro de la ciudad\u201d, resalt\u00f3 el m\u00e9dico. <\/p>\n\n\n\n<p>Por su\nparte, el Jefe Comunal asegur\u00f3 que se contin\u00faa poniendo el foco en aquellas\npersonas que \u201cvengan de pa\u00edses extranjeros o hayan realizado viajes a pa\u00edses de\nriesgo\u201d. No obstante, no descarta que en el futuro aparezcan casos locales. \u201cEl\nmejor m\u00e9todo es el del aislamiento social con la total responsabilidad que\namerita el caso e ir generando esta conciencia c\u00edvica en cuanto a los cuidados,\ndonde vemos una clara evoluci\u00f3n pero a\u00fan falta\u201d, agreg\u00f3 Ustarroz.<\/p>\n\n\n\n<p>\u201cEstamos desplegando veh\u00edculos municipales y de la Polic\u00eda Federal\nalertando a la poblaci\u00f3n que cumpla con esta norma de convivencia que es el\naislamiento social. Hemos adquirido pistolas para tomar temperatura y hemos\nmontado dispositivos en los ingresos a nuestra ciudad para poder tener m\u00e1s\ncontrol. Adem\u00e1s estamos produciendo alcohol en gel en desarrollo social, todas\nlas dependencias tienen este articulo y vamos a incorporar jabones en las\nbolsas de alimento que entregamos (lo m\u00e1s eficiente y eficaz para la higiene\npersonal es el jab\u00f3n) queremos incorporar camas en el hospital, es decir,\nestamos tomando una bater\u00eda de decisiones y acciones en torno a mitigar el\nefecto del coronavirus en nuestra ciudad\u201d, resalt\u00f3 el Intendente.<\/p>\n\n\n\n<p>\u201cQuiero dejar un mensaje claro para este fin de semana largo a\ntodos los j\u00f3venes y a los padres, que lejos de estar de vacaciones estamos en\nuna emergencia sanitaria, lo que implica tomar las acciones conducentes para\ncuidarse y cuidarnos como comunidad. Si logramos que la curva no crezca\nvertiginosamente vamos a tener mejores posibilidades de sortear esta profunda\ncrisis sanitaria que estamos atravesando, que para colmo de males va a tener un\nmuy fuerte impacto en la econom\u00eda local, nacional y mundial\u201d.<\/p>\n\n\n\n<p>Entre\nlos dos funcionarios repitieron las recomendaciones que se dan para que los\nvecinos \u2013 sobre todos los Adultos Mayores \u2013 se queden en sus casas y que entre\ntodos nos cuidemos para que el COVID-19 llegue con una curva de contagio plana\npara poder atender los casos graves con los elementos sanitarios de la ciudad. <\/p>\n","protected":false},"excerpt":{"rendered":"<p>A trav\u00e9s de una conferencia de prensa realizada en la ma\u00f1ana de este jueves, el Intendente Juan Ignacio Ustarroz y &#8230; <a title=\"Coronavirus: son 128 los viajeros en cuarentena, \u00abpor ahora\u00bb ninguno con s\u00edntomas\" class=\"read-more\" href=\"https:\/\/www.hoymercedes.com.ar\/principal\/2020\/03\/19\/coronavirus-son-128-los-viajeros-en-cuarentena-por-ahora-ninguno-con-sintomas\/\" aria-label=\"Leer m\u00e1s sobre Coronavirus: son 128 los viajeros en cuarentena, \u00abpor ahora\u00bb ninguno con s\u00edntomas\">Leer m\u00e1s<\/a><\/p>\n","protected":false},"author":1,"featured_media":108012,"comment_status":"closed","ping_status":"open","sticky":false,"template":"","format":"standard","meta":{"_monsterinsights_skip_tracking":false,"_monsterinsights_sitenote_active":false,"_monsterinsights_sitenote_note":"","_monsterinsights_sitenote_category":0,"jetpack_post_was_ever_published":false,"_jetpack_newsletter_access":"","_jetpack_dont_email_post_to_subs":false,"_jetpack_newsletter_tier_id":0,"_jetpack_memberships_contains_paywalled_content":false,"_jetpack_memberships_contains_paid_content":false,"footnotes":"","jetpack_publicize_message":"","jetpack_publicize_feature_enabled":true,"jetpack_social_post_already_shared":true,"jetpack_social_options":{"image_generator_settings":{"template":"highway","default_image_id":0,"font":"","enabled":false},"version":2},"_wpas_customize_per_network":false},"categories":[9791],"tags":[16175,16313,140,244,134],"class_list":["post-108011","post","type-post","status-publish","format-standard","has-post-thumbnail","hentry","category-salud","tag-coronavirus","tag-covid-19","tag-hospital-dubarry","tag-municipio-2","tag-salud","generate-columns","tablet-grid-50","mobile-grid-100","grid-parent","grid-50"],"jetpack_publicize_connections":[],"jetpack_featured_media_url":"https:\/\/www.hoymercedes.com.ar\/principal\/wp-content\/uploads\/2020\/03\/19-muni-hospital.jpg","wps_subtitle":"Nos cuidamos entre todos","jetpack_sharing_enabled":true,"_links":{"self":[{"href":"https:\/\/www.hoymercedes.com.ar\/principal\/wp-json\/wp\/v2\/posts\/108011","targetHints":{"allow":["GET"]}}],"collection":[{"href":"https:\/\/www.hoymercedes.com.ar\/principal\/wp-json\/wp\/v2\/posts"}],"about":[{"href":"https:\/\/www.hoymercedes.com.ar\/principal\/wp-json\/wp\/v2\/types\/post"}],"author":[{"embeddable":true,"href":"https:\/\/www.hoymercedes.com.ar\/principal\/wp-json\/wp\/v2\/users\/1"}],"replies":[{"embeddable":true,"href":"https:\/\/www.hoymercedes.com.ar\/principal\/wp-json\/wp\/v2\/comments?post=108011"}],"version-history":[{"count":0,"href":"https:\/\/www.hoymercedes.com.ar\/principal\/wp-json\/wp\/v2\/posts\/108011\/revisions"}],"wp:featuredmedia":[{"embeddable":true,"href":"https:\/\/www.hoymercedes.com.ar\/principal\/wp-json\/wp\/v2\/media\/108012"}],"wp:attachment":[{"href":"https:\/\/www.hoymercedes.com.ar\/principal\/wp-json\/wp\/v2\/media?parent=108011"}],"wp:term":[{"taxonomy":"category","embeddable":true,"href":"https:\/\/www.hoymercedes.com.ar\/principal\/wp-json\/wp\/v2\/categories?post=108011"},{"taxonomy":"post_tag","embeddable":true,"href":"https:\/\/www.hoymercedes.com.ar\/principal\/wp-json\/wp\/v2\/tags?post=108011"}],"curies":[{"name":"wp","href":"https:\/\/api.w.org\/{rel}","templated":true}]}}