{"id":108015,"date":"2020-03-19T16:30:00","date_gmt":"2020-03-19T19:30:00","guid":{"rendered":"http:\/\/www.hoymercedes.com.ar\/principal\/?p=108015"},"modified":"2020-03-19T16:09:46","modified_gmt":"2020-03-19T19:09:46","slug":"coronavirus-derivaron-a-lujan-un-caso-sospechoso-de-san-andres-de-giles","status":"publish","type":"post","link":"https:\/\/www.hoymercedes.com.ar\/principal\/2020\/03\/19\/coronavirus-derivaron-a-lujan-un-caso-sospechoso-de-san-andres-de-giles\/","title":{"rendered":"Coronavirus: derivaron a Lujan un caso sospechoso de San Andr\u00e9s de Giles"},"content":{"rendered":"\n<p> <em>Se trata de una mujer de unos 65 a\u00f1os que recientemente regres\u00f3 de un viaje a uno de los pa\u00edses considerados como de alto riesgo. Si bien se aisl\u00f3 para cumplir con la cuarentena obligatoria, al presentar s\u00edntomas llam\u00f3 al 107 y tras ser atendida en el hospital de San Andr\u00e9s de Giles, se dispuso la derivaci\u00f3n por mayor complejidad a la Cl\u00ednica G\u00fcemes de Luj\u00e1n<\/em>. <\/p>\n\n\n\n<p>Esta ma\u00f1ana, la Municipalidad de San Andr\u00e9s de Giles inform\u00f3 sobre el estado de situaci\u00f3n relacionado al COVID-19 en dicha localidad. En un escueto comunicado, las autoridades sanitarias certificaron que una vecina con s\u00edntomas hab\u00eda sido trasladada a Luj\u00e1n.<\/p>\n\n\n\n<p>No se conocen los resultados del hisopado y tampoco se contaron los motivos m\u00e9dicos del traslado. Por otra parte se inform\u00f3 que su marido se encuentra \u201cestable y afebril\u201d. \u00abLa paciente que ingres\u00f3 el d\u00eda viernes 13 de marzo fue trasladada en el d\u00eda de ayer a un sanatorio de la ciudad de Luj\u00e1n. La muestra para confirmar coronavirus se encuentra en el\u00a0<strong>Instituto Malbran<\/strong>. El otro paciente ingresado permanece internado en aislamiento en el sector de\u00a0 cl\u00ednica m\u00e9dica, estable y afebril. Por la tarde ayer se recibi\u00f3 el resultado negativo respecto de\u00a0<strong>GRIPE A<\/strong>. la muestra para descartar\u00a0<strong>COVID-19<\/strong>\u00a0ingres\u00f3 al Instituto Malbran\u00bb, expresa la comunicaci\u00f3n de San Andr\u00e9s de Giles. <\/p>\n\n\n\n<p>Por su parte, la Secretar\u00eda de Salud de Luj\u00e1n confirm\u00f3 la derivaci\u00f3n de la paciente por medicina prepaga al centro de salud privado de un caso sospechoso de Coronavirus. La paciente es una mujer de unos 65 a\u00f1os que recientemente regres\u00f3 de un viaje a uno de los pa\u00edses considerados como de alto riesgo, se aisl\u00f3 para cumplir con la cuarentena obligatoria.  <\/p>\n\n\n\n<p>Fuente: Infociudad de San Andr\u00e9s de Giles y Hoy Luj\u00e1n de Luj\u00e1n. <\/p>\n","protected":false},"excerpt":{"rendered":"<p>Se trata de una mujer de unos 65 a\u00f1os que recientemente regres\u00f3 de un viaje a uno de los pa\u00edses &#8230; <a title=\"Coronavirus: derivaron a Lujan un caso sospechoso de San Andr\u00e9s de Giles\" class=\"read-more\" href=\"https:\/\/www.hoymercedes.com.ar\/principal\/2020\/03\/19\/coronavirus-derivaron-a-lujan-un-caso-sospechoso-de-san-andres-de-giles\/\" aria-label=\"Leer m\u00e1s sobre Coronavirus: derivaron a Lujan un caso sospechoso de San Andr\u00e9s de Giles\">Leer m\u00e1s<\/a><\/p>\n","protected":false},"author":1,"featured_media":108016,"comment_status":"closed","ping_status":"open","sticky":false,"template":"","format":"standard","meta":{"_monsterinsights_skip_tracking":false,"_monsterinsights_sitenote_active":false,"_monsterinsights_sitenote_note":"","_monsterinsights_sitenote_category":0,"jetpack_post_was_ever_published":false,"_jetpack_newsletter_access":"","_jetpack_dont_email_post_to_subs":false,"_jetpack_newsletter_tier_id":0,"_jetpack_memberships_contains_paywalled_content":false,"_jetpack_memberships_contains_paid_content":false,"footnotes":"","jetpack_publicize_message":"","jetpack_publicize_feature_enabled":true,"jetpack_social_post_already_shared":true,"jetpack_social_options":{"image_generator_settings":{"template":"highway","default_image_id":0,"font":"","enabled":false},"version":2},"_wpas_customize_per_network":false},"categories":[5501],"tags":[16175,16313,86,16350,1057,134,2123],"class_list":["post-108015","post","type-post","status-publish","format-standard","has-post-thumbnail","hentry","category-region","tag-coronavirus","tag-covid-19","tag-lujan","tag-pacientes","tag-regional","tag-salud","tag-san-andres-de-giles","generate-columns","tablet-grid-50","mobile-grid-100","grid-parent","grid-50"],"jetpack_publicize_connections":[],"jetpack_featured_media_url":"https:\/\/www.hoymercedes.com.ar\/principal\/wp-content\/uploads\/2020\/03\/19-Clinica-Fachada-Lujan.jpg","wps_subtitle":"Salud en la regi\u00f3n","jetpack_sharing_enabled":true,"_links":{"self":[{"href":"https:\/\/www.hoymercedes.com.ar\/principal\/wp-json\/wp\/v2\/posts\/108015","targetHints":{"allow":["GET"]}}],"collection":[{"href":"https:\/\/www.hoymercedes.com.ar\/principal\/wp-json\/wp\/v2\/posts"}],"about":[{"href":"https:\/\/www.hoymercedes.com.ar\/principal\/wp-json\/wp\/v2\/types\/post"}],"author":[{"embeddable":true,"href":"https:\/\/www.hoymercedes.com.ar\/principal\/wp-json\/wp\/v2\/users\/1"}],"replies":[{"embeddable":true,"href":"https:\/\/www.hoymercedes.com.ar\/principal\/wp-json\/wp\/v2\/comments?post=108015"}],"version-history":[{"count":0,"href":"https:\/\/www.hoymercedes.com.ar\/principal\/wp-json\/wp\/v2\/posts\/108015\/revisions"}],"wp:featuredmedia":[{"embeddable":true,"href":"https:\/\/www.hoymercedes.com.ar\/principal\/wp-json\/wp\/v2\/media\/108016"}],"wp:attachment":[{"href":"https:\/\/www.hoymercedes.com.ar\/principal\/wp-json\/wp\/v2\/media?parent=108015"}],"wp:term":[{"taxonomy":"category","embeddable":true,"href":"https:\/\/www.hoymercedes.com.ar\/principal\/wp-json\/wp\/v2\/categories?post=108015"},{"taxonomy":"post_tag","embeddable":true,"href":"https:\/\/www.hoymercedes.com.ar\/principal\/wp-json\/wp\/v2\/tags?post=108015"}],"curies":[{"name":"wp","href":"https:\/\/api.w.org\/{rel}","templated":true}]}}