{"id":108025,"date":"2020-03-19T21:00:34","date_gmt":"2020-03-20T00:00:34","guid":{"rendered":"http:\/\/www.hoymercedes.com.ar\/principal\/?p=108025"},"modified":"2020-03-20T10:10:38","modified_gmt":"2020-03-20T13:10:38","slug":"coronavirus-ustarroz-junto-a-intendentes-y-gobernador-kicilof","status":"publish","type":"post","link":"https:\/\/www.hoymercedes.com.ar\/principal\/2020\/03\/19\/coronavirus-ustarroz-junto-a-intendentes-y-gobernador-kicilof\/","title":{"rendered":"Coronavirus: Ustarroz junto a intendentes y gobernador Kicilof"},"content":{"rendered":"\n<figure class=\"wp-block-image size-large\"><img loading=\"lazy\" decoding=\"async\" width=\"4290\" height=\"2855\" data-attachment-id=\"108028\" data-permalink=\"https:\/\/www.hoymercedes.com.ar\/principal\/2020\/03\/19\/coronavirus-ustarroz-junto-a-intendentes-y-gobernador-kicilof\/200319ak_intendentes_1era_y_2da_7\/#main\" data-orig-file=\"https:\/\/www.hoymercedes.com.ar\/principal\/wp-content\/uploads\/2020\/03\/200319AK_INTENDENTES_1era_Y_2da_7.jpg\" data-orig-size=\"4290,2855\" data-comments-opened=\"0\" data-image-meta=\"{&quot;aperture&quot;:&quot;0&quot;,&quot;credit&quot;:&quot;DIEGO NASELLO&quot;,&quot;camera&quot;:&quot;&quot;,&quot;caption&quot;:&quot;&quot;,&quot;created_timestamp&quot;:&quot;1584642132&quot;,&quot;copyright&quot;:&quot;&quot;,&quot;focal_length&quot;:&quot;0&quot;,&quot;iso&quot;:&quot;0&quot;,&quot;shutter_speed&quot;:&quot;0&quot;,&quot;title&quot;:&quot;&quot;,&quot;orientation&quot;:&quot;0&quot;}\" data-image-title=\"200319AK_INTENDENTES_1era_Y_2da_7\" data-image-description=\"\" data-image-caption=\"\" data-large-file=\"https:\/\/www.hoymercedes.com.ar\/principal\/wp-content\/uploads\/2020\/03\/200319AK_INTENDENTES_1era_Y_2da_7.jpg\" src=\"https:\/\/www.hoymercedes.com.ar\/principal\/wp-content\/uploads\/2020\/03\/200319AK_INTENDENTES_1era_Y_2da_7.jpg\" alt=\"\" class=\"wp-image-108028\"\/><\/figure>\n\n\n\n<p>El intendente muncipal fue parte de una reuni\u00f3n en La Plata junto a intendentes y el gobernador Kicilof con el objetivo de coordinar actividades ante la pandemia que ha avanzado en todo el planeta.<\/p>\n\n\n\n<p>\u00abLes quiero pedir colaboraci\u00f3n y contacto permanente. Tenemos que dar el ejemplo de solidaridad\u00bb.<\/p>\n\n\n\n<p>\u00abEs una situaci\u00f3n excepcional y estamos tomando medidas excepcionales. A la hora de tomar decisiones nuestra entidad rectora es el Gobierno Nacional\u00bb.<\/p>\n\n\n\n<figure class=\"wp-block-image size-large\"><img loading=\"lazy\" decoding=\"async\" width=\"4290\" height=\"2855\" data-attachment-id=\"108029\" data-permalink=\"https:\/\/www.hoymercedes.com.ar\/principal\/2020\/03\/19\/coronavirus-ustarroz-junto-a-intendentes-y-gobernador-kicilof\/200319ak_intendentes_1era_y_2da_1\/#main\" data-orig-file=\"https:\/\/www.hoymercedes.com.ar\/principal\/wp-content\/uploads\/2020\/03\/200319AK_INTENDENTES_1era_Y_2da_1.jpg\" data-orig-size=\"4290,2855\" data-comments-opened=\"0\" data-image-meta=\"{&quot;aperture&quot;:&quot;0&quot;,&quot;credit&quot;:&quot;DIEGO NASELLO&quot;,&quot;camera&quot;:&quot;&quot;,&quot;caption&quot;:&quot;&quot;,&quot;created_timestamp&quot;:&quot;1584642056&quot;,&quot;copyright&quot;:&quot;&quot;,&quot;focal_length&quot;:&quot;0&quot;,&quot;iso&quot;:&quot;0&quot;,&quot;shutter_speed&quot;:&quot;0&quot;,&quot;title&quot;:&quot;&quot;,&quot;orientation&quot;:&quot;0&quot;}\" data-image-title=\"200319AK_INTENDENTES_1era_Y_2da_1\" data-image-description=\"\" data-image-caption=\"\" data-large-file=\"https:\/\/www.hoymercedes.com.ar\/principal\/wp-content\/uploads\/2020\/03\/200319AK_INTENDENTES_1era_Y_2da_1.jpg\" src=\"https:\/\/www.hoymercedes.com.ar\/principal\/wp-content\/uploads\/2020\/03\/200319AK_INTENDENTES_1era_Y_2da_1.jpg\" alt=\"\" class=\"wp-image-108029\"\/><\/figure>\n\n\n\n<p>\u201cQuiero agradecer a los intendentes y legisladores de la oposici\u00f3n que se han puesto a disposici\u00f3n para conseguir la mayor coordinaci\u00f3n posible\u201d.<\/p>\n\n\n\n<p>\u201cEstamos adoptando lo m\u00e1s r\u00e1pido posible las medidas del Gobierno Nacional y tomando los conceptos del Ministerio de Salud de la Naci\u00f3n. Vamos a tratar de seguir mejorando la comunicaci\u00f3n y vamos a trabajar de manera colectiva\u201d.<\/p>\n","protected":false},"excerpt":{"rendered":"<p>El intendente muncipal fue parte de una reuni\u00f3n en La Plata junto a intendentes y el gobernador Kicilof con el &#8230; <a title=\"Coronavirus: Ustarroz junto a intendentes y gobernador Kicilof\" class=\"read-more\" href=\"https:\/\/www.hoymercedes.com.ar\/principal\/2020\/03\/19\/coronavirus-ustarroz-junto-a-intendentes-y-gobernador-kicilof\/\" aria-label=\"Leer m\u00e1s sobre Coronavirus: Ustarroz junto a intendentes y gobernador Kicilof\">Leer m\u00e1s<\/a><\/p>\n","protected":false},"author":1,"featured_media":108028,"comment_status":"closed","ping_status":"open","sticky":false,"template":"","format":"standard","meta":{"_monsterinsights_skip_tracking":false,"_monsterinsights_sitenote_active":false,"_monsterinsights_sitenote_note":"","_monsterinsights_sitenote_category":0,"jetpack_post_was_ever_published":false,"_jetpack_newsletter_access":"","_jetpack_dont_email_post_to_subs":false,"_jetpack_newsletter_tier_id":0,"_jetpack_memberships_contains_paywalled_content":false,"_jetpack_memberships_contains_paid_content":false,"footnotes":"","jetpack_publicize_message":"","jetpack_publicize_feature_enabled":true,"jetpack_social_post_already_shared":true,"jetpack_social_options":{"image_generator_settings":{"template":"highway","default_image_id":0,"font":"","enabled":false},"version":2},"_wpas_customize_per_network":false},"categories":[8],"tags":[16175,16313,8683,1803,424],"class_list":["post-108025","post","type-post","status-publish","format-standard","has-post-thumbnail","hentry","category-sociedad","tag-coronavirus","tag-covid-19","tag-intendentes","tag-provincia","tag-ustarroz","generate-columns","tablet-grid-50","mobile-grid-100","grid-parent","grid-50"],"jetpack_publicize_connections":[],"jetpack_featured_media_url":"https:\/\/www.hoymercedes.com.ar\/principal\/wp-content\/uploads\/2020\/03\/200319AK_INTENDENTES_1era_Y_2da_7.jpg","wps_subtitle":"","jetpack_sharing_enabled":true,"_links":{"self":[{"href":"https:\/\/www.hoymercedes.com.ar\/principal\/wp-json\/wp\/v2\/posts\/108025","targetHints":{"allow":["GET"]}}],"collection":[{"href":"https:\/\/www.hoymercedes.com.ar\/principal\/wp-json\/wp\/v2\/posts"}],"about":[{"href":"https:\/\/www.hoymercedes.com.ar\/principal\/wp-json\/wp\/v2\/types\/post"}],"author":[{"embeddable":true,"href":"https:\/\/www.hoymercedes.com.ar\/principal\/wp-json\/wp\/v2\/users\/1"}],"replies":[{"embeddable":true,"href":"https:\/\/www.hoymercedes.com.ar\/principal\/wp-json\/wp\/v2\/comments?post=108025"}],"version-history":[{"count":0,"href":"https:\/\/www.hoymercedes.com.ar\/principal\/wp-json\/wp\/v2\/posts\/108025\/revisions"}],"wp:featuredmedia":[{"embeddable":true,"href":"https:\/\/www.hoymercedes.com.ar\/principal\/wp-json\/wp\/v2\/media\/108028"}],"wp:attachment":[{"href":"https:\/\/www.hoymercedes.com.ar\/principal\/wp-json\/wp\/v2\/media?parent=108025"}],"wp:term":[{"taxonomy":"category","embeddable":true,"href":"https:\/\/www.hoymercedes.com.ar\/principal\/wp-json\/wp\/v2\/categories?post=108025"},{"taxonomy":"post_tag","embeddable":true,"href":"https:\/\/www.hoymercedes.com.ar\/principal\/wp-json\/wp\/v2\/tags?post=108025"}],"curies":[{"name":"wp","href":"https:\/\/api.w.org\/{rel}","templated":true}]}}