{"id":108031,"date":"2020-03-19T22:58:11","date_gmt":"2020-03-20T01:58:11","guid":{"rendered":"http:\/\/www.hoymercedes.com.ar\/principal\/?p=108031"},"modified":"2020-03-20T13:38:30","modified_gmt":"2020-03-20T16:38:30","slug":"aislamiento-social-preventivo-obligatorio-hasta-el-31-de-marzo","status":"publish","type":"post","link":"https:\/\/www.hoymercedes.com.ar\/principal\/2020\/03\/19\/aislamiento-social-preventivo-obligatorio-hasta-el-31-de-marzo\/","title":{"rendered":"Coronavirus: Aislamiento social preventivo obligatorio hasta el 31 de marzo"},"content":{"rendered":"\n<p>A trav\u00e9s de un discurso ante los medios nacionales, el Presidente Alberto Fern\u00e1ndez anunci\u00f3 el aislamiento social preventivo y obligatorio que regir\u00e1 desde la medianoche de este jueves, la hora cero del viernes 20 de marzo. <\/p>\n\n\n\n<p> Resumen de las medidas: <br>Duraci\u00f3n: del 20 al 31 de marzo<br>\ud83d\udccc Las personas deber\u00e1n permanecer en su residencia habitual o en la residencia en que se encuentren hoy a la media noche<br>\ud83d\udeab Proh\u00edbe libre circulaci\u00f3n (controles en rutas y espacios p\u00fabicos)<br>\ud83d\udccc El aislamiento solo permite desplazamientos m\u00ednimos e indispensables (supermercado, farmacia, ferreter\u00eda, veterinaria, comercio de proximidad)<br>\ud83d\udccc Exceptuadas del aislamiento: Salud, Seguridad, Defensa, Migraciones, Bomberos, autoridades superiores del estado, justicia (m\u00ednimo), diplom\u00e1tico. <br>\ud83d\udccc Personas que asistan a otras personas, comedores escolares, comunitarios y merenderos.<br>\ud83d\udccc Servicios de comunicaci\u00f3n audiovisual<br>\ud83d\udccc Industrias, alimentaci\u00f3n, limpieza, medicamentos, producci\u00f3n agropecuaria, lavander\u00eda, petr\u00f3leo, obra p\u00fablica. <br>\ud83d\udccc Transporte p\u00fablico urbano (larga distancia y cabotaje, no)<br>\ud83d\udccc Recolecci\u00f3n de residuos, servicios p\u00fablicos b\u00e1sicos<br>\ud83d\udccc Transporte de carga<br>\ud83d\udccc Estaciones de servicios<br>\ud83d\udccc Servicios postales<br>\ud83d\udccc Cajero autom\u00e1tico<\/p>\n\n\n\n<p>Asimismo, a trav\u00e9s de las redes sociales, el Presidente comparti\u00f3 una carta que compartimos, as\u00ed como el decreto : <\/p>\n\n\n\n<figure class=\"wp-block-embed-twitter aligncenter wp-block-embed is-type-rich is-provider-twitter\"><div class=\"wp-block-embed__wrapper\">\n<blockquote class=\"twitter-tweet\" data-width=\"550\" data-dnt=\"true\"><p lang=\"es\" dir=\"ltr\">Carta a los argentinos <a href=\"https:\/\/t.co\/InIhhUrcYi\">https:\/\/t.co\/InIhhUrcYi<\/a><\/p>&mdash; Alberto Fern\u00e1ndez (@alferdez) <a href=\"https:\/\/twitter.com\/alferdez\/status\/1240804473028608003?ref_src=twsrc%5Etfw\" target=\"_blank\" rel=\"noopener\">March 20, 2020<\/a><\/blockquote><script async src=\"https:\/\/platform.twitter.com\/widgets.js\" charset=\"utf-8\"><\/script>\n<\/div><\/figure>\n\n\n\n<div class=\"wp-block-file\"><a href=\"https:\/\/www.hoymercedes.com.ar\/principal\/wp-content\/uploads\/2020\/03\/DECRE-2020-0297-APN-PTE.pdf.pdf.pdf\">DECRE-2020-0297-APN-PTE.pdf.pdf<\/a><a href=\"https:\/\/www.hoymercedes.com.ar\/principal\/wp-content\/uploads\/2020\/03\/DECRE-2020-0297-APN-PTE.pdf.pdf.pdf\" class=\"wp-block-file__button\" download>Descarga<\/a><\/div>\n","protected":false},"excerpt":{"rendered":"<p>A trav\u00e9s de un discurso ante los medios nacionales, el Presidente Alberto Fern\u00e1ndez anunci\u00f3 el aislamiento social preventivo y obligatorio &#8230; <a title=\"Coronavirus: Aislamiento social preventivo obligatorio hasta el 31 de marzo\" class=\"read-more\" href=\"https:\/\/www.hoymercedes.com.ar\/principal\/2020\/03\/19\/aislamiento-social-preventivo-obligatorio-hasta-el-31-de-marzo\/\" aria-label=\"Leer m\u00e1s sobre Coronavirus: Aislamiento social preventivo obligatorio hasta el 31 de marzo\">Leer m\u00e1s<\/a><\/p>\n","protected":false},"author":1,"featured_media":108032,"comment_status":"closed","ping_status":"open","sticky":false,"template":"","format":"standard","meta":{"_monsterinsights_skip_tracking":false,"_monsterinsights_sitenote_active":false,"_monsterinsights_sitenote_note":"","_monsterinsights_sitenote_category":0,"jetpack_post_was_ever_published":false,"_jetpack_newsletter_access":"","_jetpack_dont_email_post_to_subs":false,"_jetpack_newsletter_tier_id":0,"_jetpack_memberships_contains_paywalled_content":false,"_jetpack_memberships_contains_paid_content":false,"footnotes":"","jetpack_publicize_message":"","jetpack_publicize_feature_enabled":true,"jetpack_social_post_already_shared":true,"jetpack_social_options":{"image_generator_settings":{"template":"highway","default_image_id":0,"font":"","enabled":false},"version":2},"_wpas_customize_per_network":false},"categories":[8],"tags":[16351,16175,16313,14861],"class_list":["post-108031","post","type-post","status-publish","format-standard","has-post-thumbnail","hentry","category-sociedad","tag-aislamiento-obligatorio","tag-coronavirus","tag-covid-19","tag-gobierno-nacional","generate-columns","tablet-grid-50","mobile-grid-100","grid-parent","grid-50"],"jetpack_publicize_connections":[],"jetpack_featured_media_url":"https:\/\/www.hoymercedes.com.ar\/principal\/wp-content\/uploads\/2020\/03\/IMG_20200319_223409_493_copy_800x662.jpg","wps_subtitle":"Anuncio nacional","jetpack_sharing_enabled":true,"_links":{"self":[{"href":"https:\/\/www.hoymercedes.com.ar\/principal\/wp-json\/wp\/v2\/posts\/108031","targetHints":{"allow":["GET"]}}],"collection":[{"href":"https:\/\/www.hoymercedes.com.ar\/principal\/wp-json\/wp\/v2\/posts"}],"about":[{"href":"https:\/\/www.hoymercedes.com.ar\/principal\/wp-json\/wp\/v2\/types\/post"}],"author":[{"embeddable":true,"href":"https:\/\/www.hoymercedes.com.ar\/principal\/wp-json\/wp\/v2\/users\/1"}],"replies":[{"embeddable":true,"href":"https:\/\/www.hoymercedes.com.ar\/principal\/wp-json\/wp\/v2\/comments?post=108031"}],"version-history":[{"count":0,"href":"https:\/\/www.hoymercedes.com.ar\/principal\/wp-json\/wp\/v2\/posts\/108031\/revisions"}],"wp:featuredmedia":[{"embeddable":true,"href":"https:\/\/www.hoymercedes.com.ar\/principal\/wp-json\/wp\/v2\/media\/108032"}],"wp:attachment":[{"href":"https:\/\/www.hoymercedes.com.ar\/principal\/wp-json\/wp\/v2\/media?parent=108031"}],"wp:term":[{"taxonomy":"category","embeddable":true,"href":"https:\/\/www.hoymercedes.com.ar\/principal\/wp-json\/wp\/v2\/categories?post=108031"},{"taxonomy":"post_tag","embeddable":true,"href":"https:\/\/www.hoymercedes.com.ar\/principal\/wp-json\/wp\/v2\/tags?post=108031"}],"curies":[{"name":"wp","href":"https:\/\/api.w.org\/{rel}","templated":true}]}}