{"id":108109,"date":"2020-03-21T11:30:47","date_gmt":"2020-03-21T14:30:47","guid":{"rendered":"http:\/\/www.hoymercedes.com.ar\/principal\/?p=108109"},"modified":"2020-03-21T12:01:38","modified_gmt":"2020-03-21T15:01:38","slug":"coronavirus-fallecio-la-mujer-de-s-a-de-giles-internada-en-lujan","status":"publish","type":"post","link":"https:\/\/www.hoymercedes.com.ar\/principal\/2020\/03\/21\/coronavirus-fallecio-la-mujer-de-s-a-de-giles-internada-en-lujan\/","title":{"rendered":"Coronavirus: falleci\u00f3 la mujer de S. A. de Giles internada en Luj\u00e1n"},"content":{"rendered":"\n<p>En las primeras horas de la ma\u00f1ana de este s\u00e1bado se confirm\u00f3 el fallecimiento de la se\u00f1ora de 67 a\u00f1os de la localidad de San Andr\u00e9s de Giles con diagn\u00f3stico de COVID-19 (coronavirus).  D\u00edas atr\u00e1s hab\u00eda sido trasladada a la Cl\u00ednica G\u00fcemes de Luj\u00e1n. <\/p>\n\n\n\n<p>En la tarde del viernes y tras una semana de haberse tomado la muestra, la Regi\u00f3n Sanitaria confirm\u00f3 el resultado positivo por Coronavirus a la mujer que supo estar internada en el Hospital San Andr\u00e9s, y ante su gravedad fue trasladada a la Cl\u00ednica G\u00fcemes de Luj\u00e1n donde estuvo en cuidados intensivos con asistencia respiratoria. <\/p>\n\n\n\n<p>En su momento, los m\u00e9dicos de San Andr\u00e9s de Giles destacaron que no hab\u00eda riesgos de propagaci\u00f3n ya que la mujer realiz\u00f3 correctamente el aislamiento. La se\u00f1ora de 67 hab\u00eda estado en un crucero por el Caribe donde aparentemente contrajo el virus. <\/p>\n\n\n\n<p>Su marido tambi\u00e9n est\u00e1 internado por s\u00edntomas similares.  Contin\u00faa aislado en el sector de cl\u00ednica m\u00e9dica del hospital de S. A. Giles, \u00absin compromiso cl\u00ednico\u00bb. \u00abA\u00fan no se cuenta con el resultado de coronavirus, s\u00ed podemos decir que fue negativo el test de influenza A B\u00bb, comunicaron desde la Municipalidad de San Andr\u00e9s de Giles.<\/p>\n\n\n\n<p>Colaboraci\u00f3n: InfoCiudad de San Andr\u00e9s de Giles<\/p>\n","protected":false},"excerpt":{"rendered":"<p>En las primeras horas de la ma\u00f1ana de este s\u00e1bado se confirm\u00f3 el fallecimiento de la se\u00f1ora de 67 a\u00f1os &#8230; <a title=\"Coronavirus: falleci\u00f3 la mujer de S. A. de Giles internada en Luj\u00e1n\" class=\"read-more\" href=\"https:\/\/www.hoymercedes.com.ar\/principal\/2020\/03\/21\/coronavirus-fallecio-la-mujer-de-s-a-de-giles-internada-en-lujan\/\" aria-label=\"Leer m\u00e1s sobre Coronavirus: falleci\u00f3 la mujer de S. A. de Giles internada en Luj\u00e1n\">Leer m\u00e1s<\/a><\/p>\n","protected":false},"author":1,"featured_media":108016,"comment_status":"closed","ping_status":"open","sticky":false,"template":"","format":"standard","meta":{"_monsterinsights_skip_tracking":false,"_monsterinsights_sitenote_active":false,"_monsterinsights_sitenote_note":"","_monsterinsights_sitenote_category":0,"jetpack_post_was_ever_published":false,"_jetpack_newsletter_access":"","_jetpack_dont_email_post_to_subs":false,"_jetpack_newsletter_tier_id":0,"_jetpack_memberships_contains_paywalled_content":false,"_jetpack_memberships_contains_paid_content":false,"footnotes":"","jetpack_publicize_message":"","jetpack_publicize_feature_enabled":true,"jetpack_social_post_already_shared":true,"jetpack_social_options":{"image_generator_settings":{"template":"highway","default_image_id":0,"font":"","enabled":false},"version":2},"_wpas_customize_per_network":false},"categories":[9791],"tags":[16175,16313,16323,1057,134],"class_list":["post-108109","post","type-post","status-publish","format-standard","has-post-thumbnail","hentry","category-salud","tag-coronavirus","tag-covid-19","tag-pandemia","tag-regional","tag-salud","generate-columns","tablet-grid-50","mobile-grid-100","grid-parent","grid-50"],"jetpack_publicize_connections":[],"jetpack_featured_media_url":"https:\/\/www.hoymercedes.com.ar\/principal\/wp-content\/uploads\/2020\/03\/19-Clinica-Fachada-Lujan.jpg","wps_subtitle":"Cuarta persona fallecida en el pa\u00eds","jetpack_sharing_enabled":true,"_links":{"self":[{"href":"https:\/\/www.hoymercedes.com.ar\/principal\/wp-json\/wp\/v2\/posts\/108109","targetHints":{"allow":["GET"]}}],"collection":[{"href":"https:\/\/www.hoymercedes.com.ar\/principal\/wp-json\/wp\/v2\/posts"}],"about":[{"href":"https:\/\/www.hoymercedes.com.ar\/principal\/wp-json\/wp\/v2\/types\/post"}],"author":[{"embeddable":true,"href":"https:\/\/www.hoymercedes.com.ar\/principal\/wp-json\/wp\/v2\/users\/1"}],"replies":[{"embeddable":true,"href":"https:\/\/www.hoymercedes.com.ar\/principal\/wp-json\/wp\/v2\/comments?post=108109"}],"version-history":[{"count":0,"href":"https:\/\/www.hoymercedes.com.ar\/principal\/wp-json\/wp\/v2\/posts\/108109\/revisions"}],"wp:featuredmedia":[{"embeddable":true,"href":"https:\/\/www.hoymercedes.com.ar\/principal\/wp-json\/wp\/v2\/media\/108016"}],"wp:attachment":[{"href":"https:\/\/www.hoymercedes.com.ar\/principal\/wp-json\/wp\/v2\/media?parent=108109"}],"wp:term":[{"taxonomy":"category","embeddable":true,"href":"https:\/\/www.hoymercedes.com.ar\/principal\/wp-json\/wp\/v2\/categories?post=108109"},{"taxonomy":"post_tag","embeddable":true,"href":"https:\/\/www.hoymercedes.com.ar\/principal\/wp-json\/wp\/v2\/tags?post=108109"}],"curies":[{"name":"wp","href":"https:\/\/api.w.org\/{rel}","templated":true}]}}