{"id":108115,"date":"2020-03-21T13:16:43","date_gmt":"2020-03-21T16:16:43","guid":{"rendered":"http:\/\/www.hoymercedes.com.ar\/principal\/?p=108115"},"modified":"2020-03-21T13:33:42","modified_gmt":"2020-03-21T16:33:42","slug":"suspenden-actividades-publicas-por-el-dia-de-la-memoria-haran-acciones-a-traves-de-redes","status":"publish","type":"post","link":"https:\/\/www.hoymercedes.com.ar\/principal\/2020\/03\/21\/suspenden-actividades-publicas-por-el-dia-de-la-memoria-haran-acciones-a-traves-de-redes\/","title":{"rendered":"Suspenden actividades p\u00fablicas por el D\u00eda de la Memoria. Har\u00e1n acciones a trav\u00e9s de redes"},"content":{"rendered":"\n<p>Desde la Coordinaci\u00f3n de Derechos Humanos de la Municipalidad de Mercedes y debido a la problem\u00e1tica del Coronavirus COVID-19 que azota a nuestro pa\u00eds y al mundo, se informa de la suspensi\u00f3n de todas las actividades programadas para el d\u00eda de la memoria. De todas maneras, se realizar\u00e1n diferentes acciones a trav\u00e9s de las redes sociales poniendo el punto en la reivindicaci\u00f3n y decirle no al negacionismo.<\/p>\n\n\n\n<p>De esta manera, el coordinador de Derechos Humanos de la Municipalidad de Mercedes, Sergio Carini inform\u00f3 \u201cadherimos a la convocatoria de los organismos de Derechos Humanos a nivel nacional, motivo por el cual, haremos el pa\u00f1uelazo en las redes sociales\u201d y a\u00f1adi\u00f3 \u201cla marcha este a\u00f1o va a ser virtual teniendo en cuenta que debemos ser responsables respecto al aislamiento obligatorio que decret\u00f3 el gobierno hasta el 31 de marzo\u201d.<\/p>\n\n\n\n<p>Asimismo, se\u00f1al\u00f3 Carini \u201cnosotros nos vamos a expresar desde las redes para mantener visible y darle un significado diferente este a\u00f1o, pero persistiendo y reivindicando la lucha por la memoria, la verdad y la justicia\u201d e inform\u00f3 \u201cla campa\u00f1a contar\u00e1 -en todo el pa\u00eds- de la circulaci\u00f3n en redes sociales de los pa\u00f1uelos blancos de las madres y las abuelas, s\u00edmbolo de estos 44 a\u00f1os de lucha por los cr\u00edmenes de lesa humanidad cometidos durante la dictadura c\u00edvico militar\u201d.<\/p>\n\n\n\n<p>En este sentido, el coordinador de DD. HH del municipio indic\u00f3 \u201cinvito a cada persona que se adhiera a esta lucha, a que se saque una foto con un pa\u00f1uelo bien visible y que lo suba a las redes sociales con los hashstag #son30.000 #NeoliberalismoNuncaM\u00e1s #Pa\u00f1uelosconmemoria\u201d y agreg\u00f3 \u201cdesde nuestra ciudad tambi\u00e9n conmemoramos y reivindicamos la lucha militante de los 23 compa\u00f1eros, detenidos, desaparecidos y asesinados durante la \u00faltima dictadura militar\u201d.<\/p>\n\n\n\n<p>Conjuntamente, Carini detall\u00f3 el porqu\u00e9 de los Hashtag \u201c#son30.000 la idea es decirle no al negacionismo de nuestros compa\u00f1eros desaparecidos y asesinados durante la \u00faltima dictadura, mismo que fue impulsado por el Gobierno anterior. Y por otro lado y en el mismo sentido, con el hashtag #NeoliberalismoNuncaM\u00e1s la intenci\u00f3n de los organismos de Derechos Humanos es decirle no a este sistema de Gobierno inaugurado en el \u00b476 por Mart\u00ednez de Hoz, reproducido y profundizado durante el menemismo y su retorno recargado durante la etapa macrista, esos son los ejes de la conmemoraci\u00f3n de este a\u00f1o\u201d.<\/p>\n\n\n\n<p><\/p>\n","protected":false},"excerpt":{"rendered":"<p>Desde la Coordinaci\u00f3n de Derechos Humanos de la Municipalidad de Mercedes y debido a la problem\u00e1tica del Coronavirus COVID-19 que &#8230; <a title=\"Suspenden actividades p\u00fablicas por el D\u00eda de la Memoria. Har\u00e1n acciones a trav\u00e9s de redes\" class=\"read-more\" href=\"https:\/\/www.hoymercedes.com.ar\/principal\/2020\/03\/21\/suspenden-actividades-publicas-por-el-dia-de-la-memoria-haran-acciones-a-traves-de-redes\/\" aria-label=\"Leer m\u00e1s sobre Suspenden actividades p\u00fablicas por el D\u00eda de la Memoria. Har\u00e1n acciones a trav\u00e9s de redes\">Leer m\u00e1s<\/a><\/p>\n","protected":false},"author":1,"featured_media":108116,"comment_status":"closed","ping_status":"open","sticky":false,"template":"","format":"standard","meta":{"_monsterinsights_skip_tracking":false,"_monsterinsights_sitenote_active":false,"_monsterinsights_sitenote_note":"","_monsterinsights_sitenote_category":0,"jetpack_post_was_ever_published":false,"_jetpack_newsletter_access":"","_jetpack_dont_email_post_to_subs":false,"_jetpack_newsletter_tier_id":0,"_jetpack_memberships_contains_paywalled_content":false,"_jetpack_memberships_contains_paid_content":false,"footnotes":"","jetpack_publicize_message":"","jetpack_publicize_feature_enabled":true,"jetpack_social_post_already_shared":true,"jetpack_social_options":{"image_generator_settings":{"template":"highway","default_image_id":0,"font":"","enabled":false},"version":2},"_wpas_customize_per_network":false},"categories":[30],"tags":[9311,8718,244],"class_list":["post-108115","post","type-post","status-publish","format-standard","has-post-thumbnail","hentry","category-municipio","tag-ddhh","tag-dia-de-la-memoria","tag-municipio-2","generate-columns","tablet-grid-50","mobile-grid-100","grid-parent","grid-50"],"jetpack_publicize_connections":[],"jetpack_featured_media_url":"https:\/\/www.hoymercedes.com.ar\/principal\/wp-content\/uploads\/2020\/03\/21-Memoria-DDHH.3.jpeg","wps_subtitle":"","jetpack_sharing_enabled":true,"_links":{"self":[{"href":"https:\/\/www.hoymercedes.com.ar\/principal\/wp-json\/wp\/v2\/posts\/108115","targetHints":{"allow":["GET"]}}],"collection":[{"href":"https:\/\/www.hoymercedes.com.ar\/principal\/wp-json\/wp\/v2\/posts"}],"about":[{"href":"https:\/\/www.hoymercedes.com.ar\/principal\/wp-json\/wp\/v2\/types\/post"}],"author":[{"embeddable":true,"href":"https:\/\/www.hoymercedes.com.ar\/principal\/wp-json\/wp\/v2\/users\/1"}],"replies":[{"embeddable":true,"href":"https:\/\/www.hoymercedes.com.ar\/principal\/wp-json\/wp\/v2\/comments?post=108115"}],"version-history":[{"count":0,"href":"https:\/\/www.hoymercedes.com.ar\/principal\/wp-json\/wp\/v2\/posts\/108115\/revisions"}],"wp:featuredmedia":[{"embeddable":true,"href":"https:\/\/www.hoymercedes.com.ar\/principal\/wp-json\/wp\/v2\/media\/108116"}],"wp:attachment":[{"href":"https:\/\/www.hoymercedes.com.ar\/principal\/wp-json\/wp\/v2\/media?parent=108115"}],"wp:term":[{"taxonomy":"category","embeddable":true,"href":"https:\/\/www.hoymercedes.com.ar\/principal\/wp-json\/wp\/v2\/categories?post=108115"},{"taxonomy":"post_tag","embeddable":true,"href":"https:\/\/www.hoymercedes.com.ar\/principal\/wp-json\/wp\/v2\/tags?post=108115"}],"curies":[{"name":"wp","href":"https:\/\/api.w.org\/{rel}","templated":true}]}}